{"id":52729,"date":"2023-07-18T15:17:00","date_gmt":"2023-07-18T19:17:00","guid":{"rendered":"https:\/\/inces.gob.ve\/?p=52729"},"modified":"2023-07-18T15:17:00","modified_gmt":"2023-07-18T19:17:00","slug":"tucupita-inces-participo-en-la-expoferia-bufalina-en-delta-amacuro","status":"publish","type":"post","link":"https:\/\/inces.gob.ve\/index.php\/2023\/07\/18\/tucupita-inces-participo-en-la-expoferia-bufalina-en-delta-amacuro\/","title":{"rendered":"TUCUPITA | Inces particip\u00f3 en la Expoferia Bufalina en Delta Amacuro"},"content":{"rendered":"<p align=\"justify\"><em><strong><span style=\"font-family: helvetica, arial, sans-serif; font-size: 14pt;\"> **La producci\u00f3n del Inces en Delta Amacuro fue mostrada en la Expoferia Bufalina<\/span><\/strong><\/em><!--more--><\/p>\n<p align=\"justify\">\n<p align=\"justify\"><span style=\"font-family: helvetica, arial, sans-serif; font-size: 14pt;\"><b>TITO Y\u00c1NEZ <\/b><\/span><\/p>\n<p align=\"justify\"><span style=\"font-family: helvetica, arial, sans-serif; font-size: 14pt;\">El Instituto Nacional de Capacitaci\u00f3n y Educaci\u00f3n Socialista (Inces) en Delta Amacuro realiz\u00f3 una muestra de la formaci\u00f3n de panader\u00eda que se desarrolla en las instalaciones del Centro de Formaci\u00f3n Socialista \u201cYakera\u201d en la Expoferia Bufalina que tuvo como epicentro el paseo malec\u00f3n Manamo de la ciudad de Tucupita. <\/span><\/p>\n<p align=\"justify\">\n<p align=\"justify\"><span style=\"font-family: helvetica, arial, sans-serif; font-size: 14pt;\">Diversas instituciones del gobierno regional participaron en la organizaci\u00f3n del evento, siendo los principales promotores los productores de Probudelta. En dicha actividad se desarroll\u00f3 una feria agroproductiva, con venta de alimentos, electrodom\u00e9sticos y mucho m\u00e1s. Adem\u00e1s de contar con la presencia de emprendedores y la realizaci\u00f3n de actos culturales. <\/span><\/p>\n<p align=\"justify\">\n<p align=\"justify\"><img loading=\"lazy\" decoding=\"async\" class=\"aligncenter wp-image-52731 size-large\" src=\"https:\/\/inces.gob.ve\/wp-content\/uploads\/2023\/07\/WhatsApp-Image-2023-07-14-at-00.28.15-1024x473.jpeg\" alt=\"\" width=\"640\" height=\"296\" srcset=\"https:\/\/inces.gob.ve\/wp-content\/uploads\/2023\/07\/WhatsApp-Image-2023-07-14-at-00.28.15-1024x473.jpeg 1024w, https:\/\/inces.gob.ve\/wp-content\/uploads\/2023\/07\/WhatsApp-Image-2023-07-14-at-00.28.15-300x138.jpeg 300w, https:\/\/inces.gob.ve\/wp-content\/uploads\/2023\/07\/WhatsApp-Image-2023-07-14-at-00.28.15-768x354.jpeg 768w, https:\/\/inces.gob.ve\/wp-content\/uploads\/2023\/07\/WhatsApp-Image-2023-07-14-at-00.28.15.jpeg 1040w\" sizes=\"auto, (max-width: 640px) 100vw, 640px\" \/><\/p>\n<p align=\"justify\">\n<p align=\"justify\"><span style=\"font-family: helvetica, arial, sans-serif; font-size: 14pt;\">De esta misma forma se realiz\u00f3 un conversatorio sobre ganader\u00eda bufalina y exhibici\u00f3n de b\u00fafalos, destacando Consuelo Salazar, jefa del CFS Yakera, que este es un espacio que debe profundizarse y desarrollarse mucho m\u00e1s en el estado, y que en un futuro el Inces tambi\u00e9n aportar\u00e1 a la formaci\u00f3n de estas \u00e1reas, para as\u00ed brindar un mejor espacio en el campo laboral. <\/span><\/p>\n<p align=\"justify\">\n<p align=\"justify\"><span style=\"font-family: helvetica, arial, sans-serif; font-size: 14pt;\">Es importante destacar que Venezuela tiene 2 millones y medio de cabezas de ganado bufalino, as\u00ed mismo, el uso del mismo se da en la carne, leche, herramienta de trabajo para la extracci\u00f3n de palma y para alar carretas. <\/span><\/p>\n<p align=\"justify\">\n<p align=\"justify\"><span style=\"font-family: helvetica, arial, sans-serif; font-size: 14pt;\">En la actividad se cont\u00f3 con la participaci\u00f3n del viceministro de Desarrollo Agrario y Gesti\u00f3n de Tierra Faez Kassen; la gobernadora del estado, Lizzetta Hern\u00e1ndez y la alcaldesa del municipio Tucupita, Loa Tamaronis; adem\u00e1s, los productores y artesanos deltanos que dieron vida a la Expoferia Agro productiva y Bufalina. <\/span><\/p>\n<p align=\"justify\">\n","protected":false},"excerpt":{"rendered":"<p>**La producci\u00f3n del Inces en Delta Amacuro fue mostrada en la Expoferia Bufalina<\/p>\n","protected":false},"author":4,"featured_media":52730,"comment_status":"closed","ping_status":"closed","sticky":false,"template":"","format":"standard","meta":{"footnotes":""},"categories":[2],"tags":[],"class_list":["post-52729","post","type-post","status-publish","format-standard","has-post-thumbnail","hentry","category-blog"],"_links":{"self":[{"href":"https:\/\/inces.gob.ve\/index.php\/wp-json\/wp\/v2\/posts\/52729","targetHints":{"allow":["GET"]}}],"collection":[{"href":"https:\/\/inces.gob.ve\/index.php\/wp-json\/wp\/v2\/posts"}],"about":[{"href":"https:\/\/inces.gob.ve\/index.php\/wp-json\/wp\/v2\/types\/post"}],"author":[{"embeddable":true,"href":"https:\/\/inces.gob.ve\/index.php\/wp-json\/wp\/v2\/users\/4"}],"replies":[{"embeddable":true,"href":"https:\/\/inces.gob.ve\/index.php\/wp-json\/wp\/v2\/comments?post=52729"}],"version-history":[{"count":1,"href":"https:\/\/inces.gob.ve\/index.php\/wp-json\/wp\/v2\/posts\/52729\/revisions"}],"predecessor-version":[{"id":52732,"href":"https:\/\/inces.gob.ve\/index.php\/wp-json\/wp\/v2\/posts\/52729\/revisions\/52732"}],"wp:featuredmedia":[{"embeddable":true,"href":"https:\/\/inces.gob.ve\/index.php\/wp-json\/wp\/v2\/media\/52730"}],"wp:attachment":[{"href":"https:\/\/inces.gob.ve\/index.php\/wp-json\/wp\/v2\/media?parent=52729"}],"wp:term":[{"taxonomy":"category","embeddable":true,"href":"https:\/\/inces.gob.ve\/index.php\/wp-json\/wp\/v2\/categories?post=52729"},{"taxonomy":"post_tag","embeddable":true,"href":"https:\/\/inces.gob.ve\/index.php\/wp-json\/wp\/v2\/tags?post=52729"}],"curies":[{"name":"wp","href":"https:\/\/api.w.org\/{rel}","templated":true}]}}