{"id":52745,"date":"2023-07-19T10:45:07","date_gmt":"2023-07-19T14:45:07","guid":{"rendered":"https:\/\/inces.gob.ve\/?p=52745"},"modified":"2023-07-19T10:45:07","modified_gmt":"2023-07-19T14:45:07","slug":"tachira-49-jovenes-con-condiciones-educativas-diferentes-fueron-formados-para-el-mundo-del-trabajo","status":"publish","type":"post","link":"https:\/\/inces.gob.ve\/index.php\/2023\/07\/19\/tachira-49-jovenes-con-condiciones-educativas-diferentes-fueron-formados-para-el-mundo-del-trabajo\/","title":{"rendered":"T\u00c1CHIRA | 49 j\u00f3venes con condiciones educativas diferentes fueron formados para el mundo del trabajo"},"content":{"rendered":"<p style=\"text-align: justify;\"><em><strong><span style=\"font-family: helvetica, arial, sans-serif; font-size: 14pt;\">** Finaliz\u00f3 el taller de formaci\u00f3n de la escuela de labores San Crist\u00f3bal<\/span><\/strong><\/em><\/p>\n<p style=\"text-align: justify;\"><!--more--><\/p>\n<p>&nbsp;<\/p>\n<p style=\"text-align: justify;\"><span style=\"font-family: helvetica, arial, sans-serif; font-size: 14pt;\">M\u00e1s de 49 j\u00f3venes con condiciones diferentes adquirieron habilidades y destrezas en el \u00e1rea de gastronom\u00eda, aprendiendo la t\u00e9cnica para el campo del trabajo.<\/span><\/p>\n<p>&nbsp;<\/p>\n<p style=\"text-align: justify;\"><span style=\"font-family: helvetica, arial, sans-serif; font-size: 14pt;\">Con m\u00e1s de ochenta horas de formaci\u00f3n, los maestros t\u00e9cnicos productivos del Instituto Nacional de Capacitaci\u00f3n y Educaci\u00f3n Socialista (Inces) atendi\u00f3 a este grupo en el \u00e1mbito de las instituciones educativas.<\/span><\/p>\n<p>&nbsp;<\/p>\n<p style=\"text-align: justify;\"><span style=\"font-family: helvetica, arial, sans-serif; font-size: 14pt;\">C\u00f3mo resultado de esta formacion se realiz\u00f3 la captaci\u00f3n de 40 j\u00f3venes que formar\u00e1n parte del proyecto de semilla f\u00e9rtil en granjas integrales, gastronom\u00eda y operador de supermercado, que se desarrollar\u00e1n en el pr\u00f3ximo mes de septiembre, incorporando a estos j\u00f3venes al campo laboral.<\/span><\/p>\n<p>&nbsp;<\/p>\n<p style=\"text-align: justify;\"><span style=\"font-family: helvetica, arial, sans-serif; font-size: 14pt;\">La actividad fue presidida por la primera dama combatiente del estado T\u00e1chira, Karen Dur\u00e1n de Bernal, gracias al apoyo del gobernador Freddy Alirio Bernal Rosales, fortaleciendo la educaci\u00f3n en la regi\u00f3n.<\/span><\/p>\n","protected":false},"excerpt":{"rendered":"<p>** Finaliz\u00f3 el taller de formaci\u00f3n de la escuela de labores San Crist\u00f3bal<\/p>\n","protected":false},"author":4,"featured_media":52746,"comment_status":"closed","ping_status":"closed","sticky":false,"template":"","format":"standard","meta":{"footnotes":""},"categories":[2],"tags":[],"class_list":["post-52745","post","type-post","status-publish","format-standard","has-post-thumbnail","hentry","category-blog"],"_links":{"self":[{"href":"https:\/\/inces.gob.ve\/index.php\/wp-json\/wp\/v2\/posts\/52745","targetHints":{"allow":["GET"]}}],"collection":[{"href":"https:\/\/inces.gob.ve\/index.php\/wp-json\/wp\/v2\/posts"}],"about":[{"href":"https:\/\/inces.gob.ve\/index.php\/wp-json\/wp\/v2\/types\/post"}],"author":[{"embeddable":true,"href":"https:\/\/inces.gob.ve\/index.php\/wp-json\/wp\/v2\/users\/4"}],"replies":[{"embeddable":true,"href":"https:\/\/inces.gob.ve\/index.php\/wp-json\/wp\/v2\/comments?post=52745"}],"version-history":[{"count":1,"href":"https:\/\/inces.gob.ve\/index.php\/wp-json\/wp\/v2\/posts\/52745\/revisions"}],"predecessor-version":[{"id":52747,"href":"https:\/\/inces.gob.ve\/index.php\/wp-json\/wp\/v2\/posts\/52745\/revisions\/52747"}],"wp:featuredmedia":[{"embeddable":true,"href":"https:\/\/inces.gob.ve\/index.php\/wp-json\/wp\/v2\/media\/52746"}],"wp:attachment":[{"href":"https:\/\/inces.gob.ve\/index.php\/wp-json\/wp\/v2\/media?parent=52745"}],"wp:term":[{"taxonomy":"category","embeddable":true,"href":"https:\/\/inces.gob.ve\/index.php\/wp-json\/wp\/v2\/categories?post=52745"},{"taxonomy":"post_tag","embeddable":true,"href":"https:\/\/inces.gob.ve\/index.php\/wp-json\/wp\/v2\/tags?post=52745"}],"curies":[{"name":"wp","href":"https:\/\/api.w.org\/{rel}","templated":true}]}}