{"id":52798,"date":"2023-07-20T12:05:01","date_gmt":"2023-07-20T16:05:01","guid":{"rendered":"https:\/\/inces.gob.ve\/?p=52798"},"modified":"2023-07-20T12:06:08","modified_gmt":"2023-07-20T16:06:08","slug":"amazonas-guardaparques-se-forman-con-las-nuevas-unidades-curriculares-que-ofrece-el-inces","status":"publish","type":"post","link":"https:\/\/inces.gob.ve\/index.php\/2023\/07\/20\/amazonas-guardaparques-se-forman-con-las-nuevas-unidades-curriculares-que-ofrece-el-inces\/","title":{"rendered":"AMAZONAS | Guardaparques se forman con las nuevas unidades curriculares que ofrece el Inces"},"content":{"rendered":"<p><strong><span style=\"font-family: helvetica, arial, sans-serif; font-size: 14pt;\"><em>** Personal de Inparques culmin\u00f3 con \u00e9xito sus formaciones<\/em><\/span><\/strong><\/p>\n<p><!--more--><\/p>\n<p style=\"text-align: justify;\"><span style=\"font-family: helvetica, arial, sans-serif; font-size: 14pt;\">FELIX RUIZ<\/span><\/p>\n<p style=\"text-align: justify;\"><span style=\"font-family: helvetica, arial, sans-serif; font-size: 14pt;\">Guardaparques <em>del Instituto Nacional de Parques (Inparques)\u00a0<\/em> culminaron las formaciones impartidas por el Instituto Nacional de Capacitaci\u00f3n y Educaci\u00f3n Socialista (Inces) las cuales fueron: Cultivo de Hortalizas en Huerto, con una duraci\u00f3n de 80 horas y 16 participantes y Cultivo de Especies de Ciclos Cortos, con una duraci\u00f3n de 80 horas y un total de 21 participantes.<\/span><\/p>\n<p><img loading=\"lazy\" decoding=\"async\" class=\"aligncenter wp-image-52800 size-full\" src=\"https:\/\/inces.gob.ve\/wp-content\/uploads\/2023\/07\/WhatsApp-Image-2023-07-17-at-10.37.22-1-e1689869007476.jpeg\" alt=\"\" width=\"800\" height=\"600\" srcset=\"https:\/\/inces.gob.ve\/wp-content\/uploads\/2023\/07\/WhatsApp-Image-2023-07-17-at-10.37.22-1-e1689869007476.jpeg 800w, https:\/\/inces.gob.ve\/wp-content\/uploads\/2023\/07\/WhatsApp-Image-2023-07-17-at-10.37.22-1-e1689869007476-300x225.jpeg 300w, https:\/\/inces.gob.ve\/wp-content\/uploads\/2023\/07\/WhatsApp-Image-2023-07-17-at-10.37.22-1-e1689869007476-768x576.jpeg 768w, https:\/\/inces.gob.ve\/wp-content\/uploads\/2023\/07\/WhatsApp-Image-2023-07-17-at-10.37.22-1-e1689869007476-136x102.jpeg 136w\" sizes=\"auto, (max-width: 800px) 100vw, 800px\" \/><\/p>\n<p style=\"text-align: justify;\"><span style=\"font-family: helvetica, arial, sans-serif; font-size: 14pt;\">Todo esto adaptado a las nuevas unidades curriculares que se han venido ejecutando en el Inces y el abordaje a las diferentes instituciones amazonenses.<\/span><\/p>\n<p style=\"text-align: justify;\"><span style=\"font-family: helvetica, arial, sans-serif; font-size: 14pt;\">Este ciclo formativo tuvo el objetivo de desarrollar y capacitar a los participantes tanto te\u00f3rica como pr\u00e1cticamente para el cultivo de hortalizas en huertos y cultivo de especies de ciclo cortos, aplicando criterios t\u00e9cnicos de acuerdo a las necesidades existentes y considerando la protecci\u00f3n y conservaci\u00f3n del ambiente, as\u00ed como la seguridad y salud en el trabajo.<\/span><\/p>\n<p>&nbsp;<\/p>\n<p><img loading=\"lazy\" decoding=\"async\" class=\"aligncenter wp-image-52799 size-full\" src=\"https:\/\/inces.gob.ve\/wp-content\/uploads\/2023\/07\/WhatsApp-Image-2023-07-17-at-10.37.21-e1689869026883.jpeg\" alt=\"\" width=\"800\" height=\"536\" srcset=\"https:\/\/inces.gob.ve\/wp-content\/uploads\/2023\/07\/WhatsApp-Image-2023-07-17-at-10.37.21-e1689869026883.jpeg 800w, https:\/\/inces.gob.ve\/wp-content\/uploads\/2023\/07\/WhatsApp-Image-2023-07-17-at-10.37.21-e1689869026883-300x201.jpeg 300w, https:\/\/inces.gob.ve\/wp-content\/uploads\/2023\/07\/WhatsApp-Image-2023-07-17-at-10.37.21-e1689869026883-768x515.jpeg 768w, https:\/\/inces.gob.ve\/wp-content\/uploads\/2023\/07\/WhatsApp-Image-2023-07-17-at-10.37.21-e1689869026883-272x182.jpeg 272w\" sizes=\"auto, (max-width: 800px) 100vw, 800px\" \/><\/p>\n<p style=\"text-align: justify;\"><span style=\"font-family: helvetica, arial, sans-serif; font-size: 14pt;\">Dicha formaci\u00f3n fue realizada en el vivero del Instituto Nacional de Parques ubicado en Puerto Ayacucho, estado Amazonas.<\/span><\/p>\n","protected":false},"excerpt":{"rendered":"<p>** Personal de Inparques culmin\u00f3 con \u00e9xito sus formaciones<\/p>\n","protected":false},"author":15,"featured_media":52801,"comment_status":"closed","ping_status":"closed","sticky":false,"template":"","format":"standard","meta":{"footnotes":""},"categories":[2],"tags":[],"class_list":["post-52798","post","type-post","status-publish","format-standard","has-post-thumbnail","hentry","category-blog"],"_links":{"self":[{"href":"https:\/\/inces.gob.ve\/index.php\/wp-json\/wp\/v2\/posts\/52798","targetHints":{"allow":["GET"]}}],"collection":[{"href":"https:\/\/inces.gob.ve\/index.php\/wp-json\/wp\/v2\/posts"}],"about":[{"href":"https:\/\/inces.gob.ve\/index.php\/wp-json\/wp\/v2\/types\/post"}],"author":[{"embeddable":true,"href":"https:\/\/inces.gob.ve\/index.php\/wp-json\/wp\/v2\/users\/15"}],"replies":[{"embeddable":true,"href":"https:\/\/inces.gob.ve\/index.php\/wp-json\/wp\/v2\/comments?post=52798"}],"version-history":[{"count":2,"href":"https:\/\/inces.gob.ve\/index.php\/wp-json\/wp\/v2\/posts\/52798\/revisions"}],"predecessor-version":[{"id":52803,"href":"https:\/\/inces.gob.ve\/index.php\/wp-json\/wp\/v2\/posts\/52798\/revisions\/52803"}],"wp:featuredmedia":[{"embeddable":true,"href":"https:\/\/inces.gob.ve\/index.php\/wp-json\/wp\/v2\/media\/52801"}],"wp:attachment":[{"href":"https:\/\/inces.gob.ve\/index.php\/wp-json\/wp\/v2\/media?parent=52798"}],"wp:term":[{"taxonomy":"category","embeddable":true,"href":"https:\/\/inces.gob.ve\/index.php\/wp-json\/wp\/v2\/categories?post=52798"},{"taxonomy":"post_tag","embeddable":true,"href":"https:\/\/inces.gob.ve\/index.php\/wp-json\/wp\/v2\/tags?post=52798"}],"curies":[{"name":"wp","href":"https:\/\/api.w.org\/{rel}","templated":true}]}}