{"id":52829,"date":"2023-07-20T16:05:36","date_gmt":"2023-07-20T20:05:36","guid":{"rendered":"https:\/\/inces.gob.ve\/?p=52829"},"modified":"2023-07-20T16:05:41","modified_gmt":"2023-07-20T20:05:41","slug":"caracas-20-jovenes-del-pna-participaron-en-el-cierre-de-la-jornada-de-motivacion-y-vocacion-cientifica","status":"publish","type":"post","link":"https:\/\/inces.gob.ve\/index.php\/2023\/07\/20\/caracas-20-jovenes-del-pna-participaron-en-el-cierre-de-la-jornada-de-motivacion-y-vocacion-cientifica\/","title":{"rendered":"Caracas| 20 j\u00f3venes del PNA participaron en el cierre de la Jornada de Motivaci\u00f3n y Vocaci\u00f3n Cient\u00edfica"},"content":{"rendered":"<p style=\"text-align: justify;\" align=\"justify\"><span style=\"font-size: 14pt; font-family: helvetica, arial, sans-serif;\"><i><b>**Aprender a comunicar la ciencia aumenta la motivaci\u00f3n de los j\u00f3venes para su aprendizaje<\/b><\/i><\/span><!--more--><\/p>\n<p style=\"text-align: justify;\" align=\"justify\"><span style=\"font-size: 14pt; font-family: helvetica, arial, sans-serif;\"><i><b>DIMAS P\u00c1EZ<\/b><\/i><\/span><\/p>\n<p style=\"text-align: justify;\" align=\"justify\"><span style=\"font-family: helvetica, arial, sans-serif; font-size: 14pt;\">La plaza de los museos de Caracas fue el sitio de reuni\u00f3n para que los participantes del Programa Nacional de Aprendizaje (PNA) participaran en una actividad did\u00e1ctica que consisti\u00f3 en la organizaci\u00f3n de una jornada de Motivaci\u00f3n y Vocaci\u00f3n Cient\u00edfica.<\/span><\/p>\n<p style=\"text-align: justify;\" align=\"justify\"><img loading=\"lazy\" decoding=\"async\" class=\"aligncenter wp-image-52831 size-full\" src=\"https:\/\/inces.gob.ve\/wp-content\/uploads\/2023\/07\/indice1-e1689883479702.jpeg\" alt=\"\" width=\"800\" height=\"600\" srcset=\"https:\/\/inces.gob.ve\/wp-content\/uploads\/2023\/07\/indice1-e1689883479702.jpeg 800w, https:\/\/inces.gob.ve\/wp-content\/uploads\/2023\/07\/indice1-e1689883479702-300x225.jpeg 300w, https:\/\/inces.gob.ve\/wp-content\/uploads\/2023\/07\/indice1-e1689883479702-768x576.jpeg 768w, https:\/\/inces.gob.ve\/wp-content\/uploads\/2023\/07\/indice1-e1689883479702-136x102.jpeg 136w\" sizes=\"auto, (max-width: 800px) 100vw, 800px\" \/><\/p>\n<p style=\"text-align: justify;\" align=\"justify\"><span style=\"font-family: helvetica, arial, sans-serif; font-size: 14pt;\">El programa lo viene trabajando la Coordinaci\u00f3n Nacional de Juventud Productiva Inces, en conjunto con la Fundaci\u00f3n Museos Nacionales y el Ministerio del Poder Popular para <span style=\"color: #000000;\">Ciencia y Tecnolog\u00eda <\/span><span style=\"color: #000000;\">(M<\/span><span style=\"color: #000000;\">incyt<\/span><span style=\"color: #000000;\">).<\/span><\/span><\/p>\n<p style=\"text-align: justify;\" align=\"justify\"><span style=\"font-family: helvetica, arial, sans-serif; font-size: 14pt;\">Los resultados de esta jornada demuestran que la propuesta did\u00e1ctica planteada mejor\u00f3 los niveles de motivaci\u00f3n intr\u00ednseca y, en particular, los niveles de inter\u00e9s y disfrute hacia sus conocimientos. Estos resultados indican que este tipo de propuestas pueden ser un buen punto de partida para la mejora de la motivaci\u00f3n hacia el aprendizaje de la ciencia.<\/span><\/p>\n<p align=\"justify\"><img loading=\"lazy\" decoding=\"async\" class=\"aligncenter wp-image-52830 size-full\" src=\"https:\/\/inces.gob.ve\/wp-content\/uploads\/2023\/07\/indice-e1689883498788.jpeg\" alt=\"\" width=\"800\" height=\"800\" srcset=\"https:\/\/inces.gob.ve\/wp-content\/uploads\/2023\/07\/indice-e1689883498788.jpeg 800w, https:\/\/inces.gob.ve\/wp-content\/uploads\/2023\/07\/indice-e1689883498788-300x300.jpeg 300w, https:\/\/inces.gob.ve\/wp-content\/uploads\/2023\/07\/indice-e1689883498788-150x150.jpeg 150w, https:\/\/inces.gob.ve\/wp-content\/uploads\/2023\/07\/indice-e1689883498788-768x768.jpeg 768w\" sizes=\"auto, (max-width: 800px) 100vw, 800px\" \/><\/p>\n<p style=\"text-align: justify;\" align=\"justify\"><span style=\"font-family: helvetica, arial, sans-serif; font-size: 14pt;\">En esta actividad de cierre es importante destacar que fueron atendidos m\u00e1s DE 160 j\u00f3venes deL PNA de Caracas.<\/span><\/p>\n<div class=\"yj6qo\" style=\"text-align: justify;\"><\/div>\n<div class=\"adL\"><\/div>\n<div class=\"adL\" dir=\"ltr\"><\/div>\n","protected":false},"excerpt":{"rendered":"<p>**Aprender a comunicar la ciencia aumenta la motivaci\u00f3n de los j\u00f3venes para su aprendizaje<\/p>\n","protected":false},"author":15,"featured_media":52832,"comment_status":"closed","ping_status":"closed","sticky":false,"template":"","format":"standard","meta":{"footnotes":""},"categories":[2],"tags":[],"class_list":["post-52829","post","type-post","status-publish","format-standard","has-post-thumbnail","hentry","category-blog"],"_links":{"self":[{"href":"https:\/\/inces.gob.ve\/index.php\/wp-json\/wp\/v2\/posts\/52829","targetHints":{"allow":["GET"]}}],"collection":[{"href":"https:\/\/inces.gob.ve\/index.php\/wp-json\/wp\/v2\/posts"}],"about":[{"href":"https:\/\/inces.gob.ve\/index.php\/wp-json\/wp\/v2\/types\/post"}],"author":[{"embeddable":true,"href":"https:\/\/inces.gob.ve\/index.php\/wp-json\/wp\/v2\/users\/15"}],"replies":[{"embeddable":true,"href":"https:\/\/inces.gob.ve\/index.php\/wp-json\/wp\/v2\/comments?post=52829"}],"version-history":[{"count":2,"href":"https:\/\/inces.gob.ve\/index.php\/wp-json\/wp\/v2\/posts\/52829\/revisions"}],"predecessor-version":[{"id":52834,"href":"https:\/\/inces.gob.ve\/index.php\/wp-json\/wp\/v2\/posts\/52829\/revisions\/52834"}],"wp:featuredmedia":[{"embeddable":true,"href":"https:\/\/inces.gob.ve\/index.php\/wp-json\/wp\/v2\/media\/52832"}],"wp:attachment":[{"href":"https:\/\/inces.gob.ve\/index.php\/wp-json\/wp\/v2\/media?parent=52829"}],"wp:term":[{"taxonomy":"category","embeddable":true,"href":"https:\/\/inces.gob.ve\/index.php\/wp-json\/wp\/v2\/categories?post=52829"},{"taxonomy":"post_tag","embeddable":true,"href":"https:\/\/inces.gob.ve\/index.php\/wp-json\/wp\/v2\/tags?post=52829"}],"curies":[{"name":"wp","href":"https:\/\/api.w.org\/{rel}","templated":true}]}}