{"id":52878,"date":"2023-07-25T12:01:58","date_gmt":"2023-07-25T16:01:58","guid":{"rendered":"https:\/\/inces.gob.ve\/?p=52878"},"modified":"2023-07-25T12:02:39","modified_gmt":"2023-07-25T16:02:39","slug":"apure-inces-sostuvo-una-reunion-con-representantes-de-la-unicef","status":"publish","type":"post","link":"https:\/\/inces.gob.ve\/index.php\/2023\/07\/25\/apure-inces-sostuvo-una-reunion-con-representantes-de-la-unicef\/","title":{"rendered":"APURE | Inces sostuvo una reuni\u00f3n con representantes de la UNICEF"},"content":{"rendered":"<div dir=\"auto\">\n<div dir=\"auto\" style=\"text-align: justify;\"><span style=\"font-family: helvetica, arial, sans-serif;\"><em><strong><span style=\"font-size: 14pt;\">** El Inces en Apure, se reuni\u00f3 con el especialista en WASH (agua, saneamiento e higiene), del Fondo de las Naciones Unidas para la Infancia\u00a0Diego Sevillano\u00a0<\/span><\/strong><\/em><\/span><\/div>\n<\/div>\n<p><span style=\"font-family: helvetica, arial, sans-serif;\"><!--more--><\/span><\/p>\n<div dir=\"auto\"><\/div>\n<div dir=\"auto\"><\/div>\n<div dir=\"auto\">\n<div dir=\"auto\" style=\"text-align: justify;\"><\/div>\n<div dir=\"auto\" style=\"text-align: justify;\"><span style=\"font-family: helvetica, arial, sans-serif; font-size: 14pt;\">Este es el segundo acercamiento que se tiene con la UNICEF, con el prop\u00f3sito de crear una alianza estrat\u00e9gica para atender a la juventud en los espacios formativos del Inces o en las diversas comunidades, donde esta organizaci\u00f3n ejecuta proyectos.<\/span><\/div>\n<div dir=\"auto\" style=\"text-align: justify;\"><\/div>\n<div dir=\"auto\" style=\"text-align: justify;\"><span style=\"font-family: helvetica, arial, sans-serif; font-size: 14pt;\">En este sentido, se present\u00f3 la malla curr\u00edcular d\u00f3nde sobresalieron formaciones en Computaci\u00f3n, Herrer\u00eda, Plomer\u00eda, Carpinter\u00eda y Electricidad, esto con el fin de formar a las personas, que se especialicen y\u00a0 ejecuten los proyectos dentro de sus escuelas y sectores donde habitan.<\/span><\/div>\n<div dir=\"auto\" style=\"text-align: justify;\"><\/div>\n<div dir=\"auto\" style=\"text-align: justify;\"><span style=\"font-family: helvetica, arial, sans-serif; font-size: 14pt;\">Este plan de atenci\u00f3n se desarrollar\u00e1 en el marco de las escuelas abiertas donde la UNICEF abordar\u00e1 65 espacios educativos , y as\u00ed definir la intervenci\u00f3n del Inces en materia formativa y con las brigadas, de acuerdo a las ocupaciones que demanden seg\u00fan sus pol\u00edticas.<\/span><\/div>\n<div dir=\"auto\" style=\"text-align: justify;\"><\/div>\n<div dir=\"auto\" style=\"text-align: justify;\"><span style=\"font-family: helvetica, arial, sans-serif; font-size: 14pt;\">Es importante destacar que el especialista en Wash dentro de sus funciones tiene el fortalecer la capacidad y pr\u00e1ctica de agua, la promoci\u00f3n de la higiene, la prevenci\u00f3n de enfermedades, dise\u00f1ar y adoptar herramientas t\u00e9cnicamente contextuales para la atenci\u00f3n a comunidades, en el marco de las orientaciones y lineamientos establecidos por el gobierno de Venezuela, la Organizaci\u00f3n Panamericana de la Salud (OPS) y la Organizaci\u00f3n Mundial de la Salud (OMS).<\/span><\/div>\n<div dir=\"auto\" style=\"text-align: justify;\"><\/div>\n<div dir=\"auto\" style=\"text-align: justify;\"><span style=\"font-family: helvetica, arial, sans-serif; font-size: 14pt;\">En la reuni\u00f3n participaron el equipo de la UNICEF, la Gerencia regional, la divisi\u00f3n de Formaci\u00f3n Profesional, el Programa Nacional de Aprendizaje y la divisi\u00f3n de Talento Humano.<\/span><\/div>\n<\/div>\n<p>&nbsp;<\/p>\n","protected":false},"excerpt":{"rendered":"<p>** El Inces en Apure, se reuni\u00f3 con el especialista en WASH (agua, saneamiento e higiene), del Fondo de las Naciones Unidas para la Infancia\u00a0Diego Sevillano\u00a0<\/p>\n","protected":false},"author":15,"featured_media":42129,"comment_status":"closed","ping_status":"closed","sticky":false,"template":"","format":"standard","meta":{"footnotes":""},"categories":[2],"tags":[],"class_list":["post-52878","post","type-post","status-publish","format-standard","has-post-thumbnail","hentry","category-blog"],"_links":{"self":[{"href":"https:\/\/inces.gob.ve\/index.php\/wp-json\/wp\/v2\/posts\/52878","targetHints":{"allow":["GET"]}}],"collection":[{"href":"https:\/\/inces.gob.ve\/index.php\/wp-json\/wp\/v2\/posts"}],"about":[{"href":"https:\/\/inces.gob.ve\/index.php\/wp-json\/wp\/v2\/types\/post"}],"author":[{"embeddable":true,"href":"https:\/\/inces.gob.ve\/index.php\/wp-json\/wp\/v2\/users\/15"}],"replies":[{"embeddable":true,"href":"https:\/\/inces.gob.ve\/index.php\/wp-json\/wp\/v2\/comments?post=52878"}],"version-history":[{"count":1,"href":"https:\/\/inces.gob.ve\/index.php\/wp-json\/wp\/v2\/posts\/52878\/revisions"}],"predecessor-version":[{"id":52879,"href":"https:\/\/inces.gob.ve\/index.php\/wp-json\/wp\/v2\/posts\/52878\/revisions\/52879"}],"wp:featuredmedia":[{"embeddable":true,"href":"https:\/\/inces.gob.ve\/index.php\/wp-json\/wp\/v2\/media\/42129"}],"wp:attachment":[{"href":"https:\/\/inces.gob.ve\/index.php\/wp-json\/wp\/v2\/media?parent=52878"}],"wp:term":[{"taxonomy":"category","embeddable":true,"href":"https:\/\/inces.gob.ve\/index.php\/wp-json\/wp\/v2\/categories?post=52878"},{"taxonomy":"post_tag","embeddable":true,"href":"https:\/\/inces.gob.ve\/index.php\/wp-json\/wp\/v2\/tags?post=52878"}],"curies":[{"name":"wp","href":"https:\/\/api.w.org\/{rel}","templated":true}]}}