{"id":52918,"date":"2023-07-26T15:19:45","date_gmt":"2023-07-26T19:19:45","guid":{"rendered":"https:\/\/inces.gob.ve\/?p=52918"},"modified":"2023-07-26T16:11:29","modified_gmt":"2023-07-26T20:11:29","slug":"la-inteligencia-artificial-la-produccion-sostenible-y-la-formacion-dual-seran-temas-para-debate-y-reflexion","status":"publish","type":"post","link":"https:\/\/inces.gob.ve\/index.php\/2023\/07\/26\/la-inteligencia-artificial-la-produccion-sostenible-y-la-formacion-dual-seran-temas-para-debate-y-reflexion\/","title":{"rendered":"La Inteligencia artificial, la Producci\u00f3n sostenible y la Formaci\u00f3n dual ser\u00e1n temas para debate y reflexi\u00f3n"},"content":{"rendered":"<p style=\"text-align: justify;\" align=\"center\"><span style=\"font-family: helvetica, arial, sans-serif; font-size: 14pt;\"><i><b>**Para el pr\u00f3ximo mes de agosto la Direcci\u00f3n Estrat\u00e9gica de Investigaci\u00f3n y Desarrollo dirigida por Guyen Soto est\u00e1 organizando una serie de foros donde participar\u00e1\u00a0 un grupo de empresarios<\/b><\/i><\/span><!--more--><\/p>\n<p style=\"text-align: justify;\" align=\"justify\"><span style=\"font-family: helvetica, arial, sans-serif; font-size: 14pt;\">En el marco de una serie de actividades organizadas para llamar a debate y a reflexi\u00f3n en torno a temas de actualidad, un grupo de investigadores del \u00e1rea educativa y formativa del Inces est\u00e1 convocando a un conversatorio sobre el tema de la <b>I<\/b><b>nteligencia artificial<\/b>, evento que se desarrollar\u00e1 el d\u00eda 4 de agosto en el auditorio del edificio sede de la avenida Nueva Granada a partir de las 9 am.<\/span><\/p>\n<p align=\"justify\"><img loading=\"lazy\" decoding=\"async\" class=\"aligncenter wp-image-52921 size-full\" src=\"https:\/\/inces.gob.ve\/wp-content\/uploads\/2023\/07\/IMG-20230719-WA0016-e1690400539491.jpg\" alt=\"\" width=\"800\" height=\"450\" srcset=\"https:\/\/inces.gob.ve\/wp-content\/uploads\/2023\/07\/IMG-20230719-WA0016-e1690400539491.jpg 800w, https:\/\/inces.gob.ve\/wp-content\/uploads\/2023\/07\/IMG-20230719-WA0016-e1690400539491-300x169.jpg 300w, https:\/\/inces.gob.ve\/wp-content\/uploads\/2023\/07\/IMG-20230719-WA0016-e1690400539491-768x432.jpg 768w\" sizes=\"auto, (max-width: 800px) 100vw, 800px\" \/><\/p>\n<p style=\"text-align: justify;\" align=\"justify\"><span style=\"font-family: helvetica, arial, sans-serif; font-size: 14pt;\">Los organizadores de este conversatorio consideran que la inteligencia artificial, como fen\u00f3meno de actualidad tecnol\u00f3gica, plantea como objetivo, entre otros a considerar, sustituir al trabajo humano en privilegio de un sistema robotizado controlado desde un programa inform\u00e1tico.<\/span><\/p>\n<p style=\"text-align: justify;\" align=\"justify\"><span style=\"font-family: helvetica, arial, sans-serif; font-size: 14pt;\">La actividad propone discutir y reflexionar sobre de qu\u00e9 manera esta herramienta tecnol\u00f3gica est\u00e1 impactando en el sector educativo y en la formaci\u00f3n t\u00e9cnica profesional.<\/span><\/p>\n<p style=\"text-align: justify;\" align=\"justify\"><span style=\"font-family: helvetica, arial, sans-serif; font-size: 14pt;\">Seguidamente, en ese marco de llamado a reflexi\u00f3n y a debate, para el d\u00eda 16 de agosto, est\u00e1 programado otro conversatorio cuyo tema es la <b>Producci\u00f3n sostenible<\/b>; tema dirigido a la base industrial en cuyos aspectos se debatir\u00e1 sobre c\u00f3mo producir sin que \u00e9ste impacte negativamente en el medio ambiente, plante\u00e1ndose posturas sobre, por ejemplo, la energ\u00eda e\u00f3lica, las aguas residuales, el asunto forestal, la actividad minera, etc.<\/span><\/p>\n<p style=\"text-align: justify;\" align=\"justify\"><span style=\"font-family: helvetica, arial, sans-serif; font-size: 14pt;\">Para el d\u00eda 23 de agosto el turno es para el tema de la <b>Formaci\u00f3n dual<\/b>, un concepto que no es m\u00e1s que el aprendizaje o la formaci\u00f3n en el trabajo o la combinaci\u00f3n de la teor\u00eda con la pr\u00e1ctica en el propio lugar de trabajo.<\/span><\/p>\n","protected":false},"excerpt":{"rendered":"<p>**Para el pr\u00f3ximo mes de agosto la Direcci\u00f3n Estrat\u00e9gica de Investigaci\u00f3n y Desarrollo dirigida por Guyen Soto est\u00e1 organizando una serie de foros donde participar\u00e1\u00a0 un grupo de empresarios<\/p>\n","protected":false},"author":15,"featured_media":52922,"comment_status":"closed","ping_status":"closed","sticky":false,"template":"","format":"standard","meta":{"footnotes":""},"categories":[2],"tags":[],"class_list":["post-52918","post","type-post","status-publish","format-standard","has-post-thumbnail","hentry","category-blog"],"_links":{"self":[{"href":"https:\/\/inces.gob.ve\/index.php\/wp-json\/wp\/v2\/posts\/52918","targetHints":{"allow":["GET"]}}],"collection":[{"href":"https:\/\/inces.gob.ve\/index.php\/wp-json\/wp\/v2\/posts"}],"about":[{"href":"https:\/\/inces.gob.ve\/index.php\/wp-json\/wp\/v2\/types\/post"}],"author":[{"embeddable":true,"href":"https:\/\/inces.gob.ve\/index.php\/wp-json\/wp\/v2\/users\/15"}],"replies":[{"embeddable":true,"href":"https:\/\/inces.gob.ve\/index.php\/wp-json\/wp\/v2\/comments?post=52918"}],"version-history":[{"count":7,"href":"https:\/\/inces.gob.ve\/index.php\/wp-json\/wp\/v2\/posts\/52918\/revisions"}],"predecessor-version":[{"id":52928,"href":"https:\/\/inces.gob.ve\/index.php\/wp-json\/wp\/v2\/posts\/52918\/revisions\/52928"}],"wp:featuredmedia":[{"embeddable":true,"href":"https:\/\/inces.gob.ve\/index.php\/wp-json\/wp\/v2\/media\/52922"}],"wp:attachment":[{"href":"https:\/\/inces.gob.ve\/index.php\/wp-json\/wp\/v2\/media?parent=52918"}],"wp:term":[{"taxonomy":"category","embeddable":true,"href":"https:\/\/inces.gob.ve\/index.php\/wp-json\/wp\/v2\/categories?post=52918"},{"taxonomy":"post_tag","embeddable":true,"href":"https:\/\/inces.gob.ve\/index.php\/wp-json\/wp\/v2\/tags?post=52918"}],"curies":[{"name":"wp","href":"https:\/\/api.w.org\/{rel}","templated":true}]}}