{"id":52944,"date":"2023-07-27T14:56:57","date_gmt":"2023-07-27T18:56:57","guid":{"rendered":"https:\/\/inces.gob.ve\/?p=52944"},"modified":"2023-07-27T14:57:11","modified_gmt":"2023-07-27T18:57:11","slug":"cojedes-exitoso-cierre-de-la-unidad-curricular-oratoria-y-gestion-de-eventos","status":"publish","type":"post","link":"https:\/\/inces.gob.ve\/index.php\/2023\/07\/27\/cojedes-exitoso-cierre-de-la-unidad-curricular-oratoria-y-gestion-de-eventos\/","title":{"rendered":"COJEDES | Exitoso cierre de la unidad curricular Oratoria y Gesti\u00f3n de Eventos"},"content":{"rendered":"<p style=\"text-align: justify;\"><strong><span style=\"font-family: helvetica, arial, sans-serif; font-size: 14pt;\"><em>** El Inces es garante de formaciones que promueven la prestaci\u00f3n de servicios que satisfagan las necesidades del pueblo<\/em><\/span><\/strong><!--more--><\/p>\n<p>&nbsp;<\/p>\n<p style=\"text-align: justify;\"><span style=\"font-family: helvetica, arial, sans-serif; font-size: 14pt;\">SANDRA LOAIZA<\/span><\/p>\n<p style=\"text-align: justify;\"><span style=\"font-family: helvetica, arial, sans-serif; font-size: 14pt;\">Con una nutrida participaci\u00f3n se llev\u00f3 a cabo el cierre de la unidad curricular Oratoria y Gesti\u00f3n de Eventos, realizada en los ambientes del centro de formaci\u00f3n socialista (CFS) \u201cMat\u00edas Salazar\u201d. A la formaci\u00f3n asistieron veintiocho participantes de distintas comunidades, quienes estuvieron acompa\u00f1ados por los maestros t\u00e9cnicos voluntarios\u00a0 William Ram\u00edrez y Hozaris Lafleur, por un lapso de sesenta horas acad\u00e9micas.<\/span><\/p>\n<p><img loading=\"lazy\" decoding=\"async\" class=\"aligncenter wp-image-52946 size-full\" src=\"https:\/\/inces.gob.ve\/wp-content\/uploads\/2023\/07\/1689699583238.jpg\" alt=\"\" width=\"720\" height=\"404\" srcset=\"https:\/\/inces.gob.ve\/wp-content\/uploads\/2023\/07\/1689699583238.jpg 720w, https:\/\/inces.gob.ve\/wp-content\/uploads\/2023\/07\/1689699583238-300x168.jpg 300w\" sizes=\"auto, (max-width: 720px) 100vw, 720px\" \/><\/p>\n<p style=\"text-align: justify;\"><span style=\"font-family: helvetica, arial, sans-serif; font-size: 14pt;\">Durante la formaci\u00f3n los participantes adquirieron habilidades, destrezas y competencias para organizar diferentes tipos de eventos; tambi\u00e9n conocieron sobre oratoria y t\u00e9cnicas que se aplican para lograr conmover al p\u00fablico con un discurso, logrando organizar un evento de cierre de curso en el que hubo obras de teatro, presentaciones musicales y una socializaci\u00f3n de saberes, demostrando lo aprendido durante la formaci\u00f3n.<\/span><\/p>\n<p>&nbsp;<\/p>\n<p><img loading=\"lazy\" decoding=\"async\" class=\"aligncenter wp-image-52948 \" src=\"https:\/\/inces.gob.ve\/wp-content\/uploads\/2023\/07\/1689699622245.jpg\" alt=\"\" width=\"569\" height=\"321\" srcset=\"https:\/\/inces.gob.ve\/wp-content\/uploads\/2023\/07\/1689699622245.jpg 486w, https:\/\/inces.gob.ve\/wp-content\/uploads\/2023\/07\/1689699622245-300x169.jpg 300w\" sizes=\"auto, (max-width: 569px) 100vw, 569px\" \/><\/p>\n<p style=\"text-align: justify;\"><span style=\"font-family: helvetica, arial, sans-serif; font-size: 14pt;\">Al respecto, la maestra Lafleur detall\u00f3 que el grupo de participantes recibi\u00f3 una capacitaci\u00f3n\u00a0 actualizada en lo que respecta a las normas de protocolo y todo lo referente a dise\u00f1o, planificaci\u00f3n y desarrollo de un evento; asimismo contempl\u00f3 el aprendizaje de t\u00e9cnicas de oratoria. Con etsas herramientas se espera que los participantes puedan emprender nuevas responsabilidades y seguir prepar\u00e1ndose en el \u00e1rea para tener un mayor abanico de oportunidades.<\/span><\/p>\n<p>&nbsp;<\/p>\n<p><img loading=\"lazy\" decoding=\"async\" class=\"aligncenter wp-image-52947 \" src=\"https:\/\/inces.gob.ve\/wp-content\/uploads\/2023\/07\/1689699600382.jpg\" alt=\"\" width=\"561\" height=\"316\" srcset=\"https:\/\/inces.gob.ve\/wp-content\/uploads\/2023\/07\/1689699600382.jpg 485w, https:\/\/inces.gob.ve\/wp-content\/uploads\/2023\/07\/1689699600382-300x169.jpg 300w\" sizes=\"auto, (max-width: 561px) 100vw, 561px\" \/><\/p>\n<p style=\"text-align: justify;\"><span style=\"font-family: helvetica, arial, sans-serif; font-size: 14pt;\">\u201cResult\u00f3 de mucha importancia saber en primer lugar a qui\u00e9n va dirigido el discurso, manejar la elocuencia, el prop\u00f3sito del discurso, el impacto y conmover al p\u00fablico. Son aspecto que hoy aprendimos desde lo te\u00f3rico hasta la pr\u00e1ctica. Tambi\u00e9n hicimos much\u00edsimos ejercicios relacionados a las t\u00e9cnicas de la oratoria, desde el tono de voz, la postura del cuerpo y sobre todo el movimiento de las manos\u201d, explic\u00f3 el participante, Kelimar Silva.<\/span><\/p>\n<p>&nbsp;<\/p>\n<p><img loading=\"lazy\" decoding=\"async\" class=\"aligncenter wp-image-52949 size-full\" src=\"https:\/\/inces.gob.ve\/wp-content\/uploads\/2023\/07\/1689699627616.jpg\" alt=\"\" width=\"720\" height=\"406\" srcset=\"https:\/\/inces.gob.ve\/wp-content\/uploads\/2023\/07\/1689699627616.jpg 720w, https:\/\/inces.gob.ve\/wp-content\/uploads\/2023\/07\/1689699627616-300x169.jpg 300w\" sizes=\"auto, (max-width: 720px) 100vw, 720px\" \/><\/p>\n<p style=\"text-align: justify;\">\n","protected":false},"excerpt":{"rendered":"<p>** El Inces es garante de formaciones que promueven la prestaci\u00f3n de servicios que satisfagan las necesidades del pueblo<\/p>\n","protected":false},"author":15,"featured_media":52945,"comment_status":"closed","ping_status":"closed","sticky":false,"template":"","format":"standard","meta":{"footnotes":""},"categories":[2],"tags":[],"class_list":["post-52944","post","type-post","status-publish","format-standard","has-post-thumbnail","hentry","category-blog"],"_links":{"self":[{"href":"https:\/\/inces.gob.ve\/index.php\/wp-json\/wp\/v2\/posts\/52944","targetHints":{"allow":["GET"]}}],"collection":[{"href":"https:\/\/inces.gob.ve\/index.php\/wp-json\/wp\/v2\/posts"}],"about":[{"href":"https:\/\/inces.gob.ve\/index.php\/wp-json\/wp\/v2\/types\/post"}],"author":[{"embeddable":true,"href":"https:\/\/inces.gob.ve\/index.php\/wp-json\/wp\/v2\/users\/15"}],"replies":[{"embeddable":true,"href":"https:\/\/inces.gob.ve\/index.php\/wp-json\/wp\/v2\/comments?post=52944"}],"version-history":[{"count":2,"href":"https:\/\/inces.gob.ve\/index.php\/wp-json\/wp\/v2\/posts\/52944\/revisions"}],"predecessor-version":[{"id":52951,"href":"https:\/\/inces.gob.ve\/index.php\/wp-json\/wp\/v2\/posts\/52944\/revisions\/52951"}],"wp:featuredmedia":[{"embeddable":true,"href":"https:\/\/inces.gob.ve\/index.php\/wp-json\/wp\/v2\/media\/52945"}],"wp:attachment":[{"href":"https:\/\/inces.gob.ve\/index.php\/wp-json\/wp\/v2\/media?parent=52944"}],"wp:term":[{"taxonomy":"category","embeddable":true,"href":"https:\/\/inces.gob.ve\/index.php\/wp-json\/wp\/v2\/categories?post=52944"},{"taxonomy":"post_tag","embeddable":true,"href":"https:\/\/inces.gob.ve\/index.php\/wp-json\/wp\/v2\/tags?post=52944"}],"curies":[{"name":"wp","href":"https:\/\/api.w.org\/{rel}","templated":true}]}}