{"id":52954,"date":"2023-07-27T15:54:02","date_gmt":"2023-07-27T19:54:02","guid":{"rendered":"https:\/\/inces.gob.ve\/?p=52954"},"modified":"2023-07-27T15:54:43","modified_gmt":"2023-07-27T19:54:43","slug":"cojedes-estudiantes-de-la-ubv-donan-productos-de-limpieza-al-programa-pna","status":"publish","type":"post","link":"https:\/\/inces.gob.ve\/index.php\/2023\/07\/27\/cojedes-estudiantes-de-la-ubv-donan-productos-de-limpieza-al-programa-pna\/","title":{"rendered":"COJEDES | Estudiantes de la UBV donan productos de limpieza al Programa PNA"},"content":{"rendered":"<p style=\"text-align: justify;\"><em><span style=\"font-family: helvetica, arial, sans-serif; font-size: 14pt;\"><strong>**\u00a0<\/strong>Fortaleciendo la\u00a0 labor social<\/span><\/em><!--more--><\/p>\n<p>&nbsp;<\/p>\n<p style=\"text-align: justify;\"><span style=\"font-family: helvetica, arial, sans-serif; font-size: 14pt;\">Por iniciativa de los estudiantes de la maestr\u00eda en Ciencias para el Desarrollo Estrat\u00e9gico\u00a0de la Universidad Bolivariana de Venezuela (UBV), la cordinadora del Programa Nacional de Aprendizaje\u00a0(PNA), Adriana P\u00e9rez,\u00a0\u00a0recibi\u00f3 una importante donaci\u00f3n de productos de limpieza.<\/span><\/p>\n<p style=\"text-align: justify;\"><span style=\"font-family: helvetica, arial, sans-serif; font-size: 14pt;\">En esta oportunidad, los estudiantes est\u00e1n iniciando el nuevo semestre y acordaron realizar la labor social, ya que se encuentran recibiendo las clases en el Centro de Formaci\u00f3n Socialista \u201cArgimiro Gabald\u00f3n\u201d, lugar donde funciona la coordinaci\u00f3n y los ambientes de formaci\u00f3n del PNA.<\/span><\/p>\n<p style=\"text-align: justify;\"><span style=\"font-family: helvetica, arial, sans-serif; font-size: 14pt;\">La trabajadora inceista de la unidad de tributos, Sheila \u00a0Carre\u00f1o, indic\u00f3 que la mayor\u00eda de los estudiantes son trabajadores del Inces. Debo decir que nuestra instituci\u00f3n ha sido siempre reconocida por la labor social que hacemos en distintas \u00e1reas; tambi\u00e9n la universidad nos impulsa a este tipo de actividades que dejan una sensaci\u00f3n bien agradable, ya que somos seres humanos sociales\u00a0 por naturaleza. \u00a0\u00a0<\/span><\/p>\n<p style=\"text-align: justify;\"><span style=\"font-family: helvetica, arial, sans-serif; font-size: 14pt;\">En el acto de entrega estuvo presente el profesor de la UBV Jos\u00e9 Miguel Aular, \u00a0quien felicit\u00f3 la idea \u00a0de las participantes, indicando que estas acciones son \u00abmuy necesarias en estos tiempo y debemos tratar en los posible que se conserven \u00a0activas. Es una forma de fomentar los valores que nos han inculcado tanto en el hogar como en la escuela y en la universidad; por ello debemos profundizar en estos quehaceres que trae un resultado positivo en beneficio de una persona o instituci\u00f3n\u00bb.\u00a0<\/span><\/p>\n","protected":false},"excerpt":{"rendered":"<p>**\u00a0Fortaleciendo la\u00a0 labor social<\/p>\n","protected":false},"author":15,"featured_media":52955,"comment_status":"closed","ping_status":"closed","sticky":false,"template":"","format":"standard","meta":{"footnotes":""},"categories":[2],"tags":[],"class_list":["post-52954","post","type-post","status-publish","format-standard","has-post-thumbnail","hentry","category-blog"],"_links":{"self":[{"href":"https:\/\/inces.gob.ve\/index.php\/wp-json\/wp\/v2\/posts\/52954","targetHints":{"allow":["GET"]}}],"collection":[{"href":"https:\/\/inces.gob.ve\/index.php\/wp-json\/wp\/v2\/posts"}],"about":[{"href":"https:\/\/inces.gob.ve\/index.php\/wp-json\/wp\/v2\/types\/post"}],"author":[{"embeddable":true,"href":"https:\/\/inces.gob.ve\/index.php\/wp-json\/wp\/v2\/users\/15"}],"replies":[{"embeddable":true,"href":"https:\/\/inces.gob.ve\/index.php\/wp-json\/wp\/v2\/comments?post=52954"}],"version-history":[{"count":1,"href":"https:\/\/inces.gob.ve\/index.php\/wp-json\/wp\/v2\/posts\/52954\/revisions"}],"predecessor-version":[{"id":52956,"href":"https:\/\/inces.gob.ve\/index.php\/wp-json\/wp\/v2\/posts\/52954\/revisions\/52956"}],"wp:featuredmedia":[{"embeddable":true,"href":"https:\/\/inces.gob.ve\/index.php\/wp-json\/wp\/v2\/media\/52955"}],"wp:attachment":[{"href":"https:\/\/inces.gob.ve\/index.php\/wp-json\/wp\/v2\/media?parent=52954"}],"wp:term":[{"taxonomy":"category","embeddable":true,"href":"https:\/\/inces.gob.ve\/index.php\/wp-json\/wp\/v2\/categories?post=52954"},{"taxonomy":"post_tag","embeddable":true,"href":"https:\/\/inces.gob.ve\/index.php\/wp-json\/wp\/v2\/tags?post=52954"}],"curies":[{"name":"wp","href":"https:\/\/api.w.org\/{rel}","templated":true}]}}