{"id":52997,"date":"2023-07-31T10:51:33","date_gmt":"2023-07-31T14:51:33","guid":{"rendered":"https:\/\/inces.gob.ve\/?p=52997"},"modified":"2023-07-31T10:51:33","modified_gmt":"2023-07-31T14:51:33","slug":"cojedes-lusaldo-rodriguez-designa-dos-nuevos-responsables-en-cfs","status":"publish","type":"post","link":"https:\/\/inces.gob.ve\/index.php\/2023\/07\/31\/cojedes-lusaldo-rodriguez-designa-dos-nuevos-responsables-en-cfs\/","title":{"rendered":"COJEDES | Lusaldo Rodr\u00edguez designa dos nuevos responsables en CFS"},"content":{"rendered":"<p style=\"text-align: justify;\"><em><strong>** El Inces auspicia ambientes de respeto y formalidades administrativas<\/strong><\/em><!--more--><\/p>\n<p>&nbsp;<\/p>\n<p style=\"text-align: justify;\"><span style=\"font-weight: 400;\">La gerencia regional del Inces en Cojede, a cargo de Lusaldo Rodr\u00edguez, present\u00f3 a los nuevos responsables de los centros de formaci\u00f3n socailsita (CFS) Argimiro Gabald\u00f3n y Jos\u00e9 Laurencio Silva, quienes asumir\u00e1n a partir de esta fecha las responsabilidades administrativas y de formaci\u00f3n asignadas a cada centro. En la reuni\u00f3n estuvo presente el personal obrero, administrativo, coordinadores de programas y el jefe de formaci\u00f3n profesional y talento humano.<\/span><\/p>\n<p style=\"text-align: justify;\">\n<p style=\"text-align: justify;\"><span style=\"font-weight: 400;\">Rodr\u00edguez expres\u00f3 que el equipo que se est\u00e1 integrando viene con la intenci\u00f3n de avanzar y mejorar en todos los procesos formativos y administrativos, por ello asume por el CFS Argimiro Gabald\u00f3n, Yasmil P\u00e1rraga, en sustituci\u00f3n de la trabajadora Mar\u00eda Valentina Hern\u00e1ndez, quien se traslada a Inces en Carabobo; mientras que el CFS Jos\u00e9 Laurencio Silva, estar\u00e1 a cargo en los pr\u00f3ximos d\u00edas Jes\u00fas Oviedo.<\/span><\/p>\n<p style=\"text-align: justify;\">\n<p style=\"text-align: justify;\"><span style=\"font-weight: 400;\">Tambi\u00e9n refiri\u00f3 el gerete que tiene una visi\u00f3n clara para cumplir con los objetivos de la instituci\u00f3n socialista, espacios dignos en los CFS para atender a los participantes, continuar apoyando la Gerencia de Encadenamiento Productivo; adem\u00e1s explic\u00f3 que va a propiciar cambios para favorecer a todos y pidi\u00f3 unir voluntades para fortalecer el Inces que todos queremos, partiendo de la afinidad que nos une como trabajadores.<\/span><\/p>\n<p style=\"text-align: justify;\">\n<p style=\"text-align: justify;\"><span style=\"font-weight: 400;\">Finalmente, el responsable en Cojedes del Inces dijo que los d\u00edas que lleva en las riendas de la instituci\u00f3n \u201cvamos bien y lo hacemos cada d\u00eda mejor con el equipo que se integra y con todos ustedes que tienen la experiencias de muchos a\u00f1os\u201d.<\/span><\/p>\n","protected":false},"excerpt":{"rendered":"<p>** El Inces auspicia ambientes de respeto y formalidades administrativas<\/p>\n","protected":false},"author":4,"featured_media":52998,"comment_status":"closed","ping_status":"closed","sticky":false,"template":"","format":"standard","meta":{"footnotes":""},"categories":[2],"tags":[],"class_list":["post-52997","post","type-post","status-publish","format-standard","has-post-thumbnail","hentry","category-blog"],"_links":{"self":[{"href":"https:\/\/inces.gob.ve\/index.php\/wp-json\/wp\/v2\/posts\/52997","targetHints":{"allow":["GET"]}}],"collection":[{"href":"https:\/\/inces.gob.ve\/index.php\/wp-json\/wp\/v2\/posts"}],"about":[{"href":"https:\/\/inces.gob.ve\/index.php\/wp-json\/wp\/v2\/types\/post"}],"author":[{"embeddable":true,"href":"https:\/\/inces.gob.ve\/index.php\/wp-json\/wp\/v2\/users\/4"}],"replies":[{"embeddable":true,"href":"https:\/\/inces.gob.ve\/index.php\/wp-json\/wp\/v2\/comments?post=52997"}],"version-history":[{"count":1,"href":"https:\/\/inces.gob.ve\/index.php\/wp-json\/wp\/v2\/posts\/52997\/revisions"}],"predecessor-version":[{"id":52999,"href":"https:\/\/inces.gob.ve\/index.php\/wp-json\/wp\/v2\/posts\/52997\/revisions\/52999"}],"wp:featuredmedia":[{"embeddable":true,"href":"https:\/\/inces.gob.ve\/index.php\/wp-json\/wp\/v2\/media\/52998"}],"wp:attachment":[{"href":"https:\/\/inces.gob.ve\/index.php\/wp-json\/wp\/v2\/media?parent=52997"}],"wp:term":[{"taxonomy":"category","embeddable":true,"href":"https:\/\/inces.gob.ve\/index.php\/wp-json\/wp\/v2\/categories?post=52997"},{"taxonomy":"post_tag","embeddable":true,"href":"https:\/\/inces.gob.ve\/index.php\/wp-json\/wp\/v2\/tags?post=52997"}],"curies":[{"name":"wp","href":"https:\/\/api.w.org\/{rel}","templated":true}]}}