{"id":53083,"date":"2023-08-03T17:21:01","date_gmt":"2023-08-03T21:21:01","guid":{"rendered":"https:\/\/inces.gob.ve\/?p=53083"},"modified":"2023-08-03T17:28:03","modified_gmt":"2023-08-03T21:28:03","slug":"inces-arriba-su-64-aniversario-y-lo-celebra-con-actividades-formativas-recreativas-y-culturales","status":"publish","type":"post","link":"https:\/\/inces.gob.ve\/index.php\/2023\/08\/03\/inces-arriba-su-64-aniversario-y-lo-celebra-con-actividades-formativas-recreativas-y-culturales\/","title":{"rendered":"Inces arriba a su 64 aniversario"},"content":{"rendered":"<p align=\"justify\"><!--more--><\/p>\n<p align=\"justify\"><strong>DIMAS P\u00c1EZ<\/strong><\/p>\n<p align=\"justify\"><span style=\"font-size: 14pt; font-family: helvetica, arial, sans-serif;\">A prop\u00f3sito del 64 aniversario del Inces, el director estrat\u00e9gico de Formaci\u00f3n y Autoformaci\u00f3n de la instituci\u00f3n, Jorge P\u00e9rez, estuvo como invitado en la emisi\u00f3n matutina del noticiero de<b>\u00a0Canal I,<\/b>\u00a0donde expuso las acciones que viene desarrollando\u00a0esta\u00a0casa formativa, as\u00ed como los planes para la celebraci\u00f3n del aniversario.<\/span><\/p>\n<p align=\"justify\"><span style=\"font-size: 14pt; font-family: helvetica, arial, sans-serif;\">Jorge P\u00e9rez describi\u00f3 el trabajo que viene realizando el Inces\u00a0como\u00a0la instituci\u00f3n que tiene un rol fundamental en el desarrollo de los planes de formaci\u00f3n t\u00e9cnica-profesional\u00a0para\u00a0el pa\u00eds, planes que\u00a0tiene una relaci\u00f3n directa\u00a0con las entidades de trabajo, tanto p\u00fablicas como privadas,\u00a0para la capacitaci\u00f3n de los trabajadores\u00a0cuyo fin es que tributen e impacten\u00a0directamente a los motores de desarrollo de la econom\u00eda del pa\u00eds.<\/span><\/p>\n<p align=\"justify\"><span style=\"font-family: helvetica, arial, sans-serif; font-size: 14pt;\">P\u00e9rez explic\u00f3 que el Inces tiene la responsabilidad por Ley, de llevar la oferta t\u00e9cnico-formativa a todos los sectores productivos del pa\u00eds; sectores como, industria, turismo, agricultura, gastronom\u00eda, alimentos, actualizaci\u00f3n tecnol\u00f3gica, entre otros.<\/span><\/p>\n<p align=\"justify\"><span style=\"font-size: 14pt; font-family: helvetica, arial, sans-serif;\">En ese sentido, ponder\u00f3 que esta instituci\u00f3n est\u00e1 comprometida con la transformaci\u00f3n curricular y la adaptaci\u00f3n a las nuevas tecnolog\u00edas, por ello, el Inces tiene la responsabilidad de generar espacios y condiciones para la actualizaci\u00f3n tecnol\u00f3gica o la renovaci\u00f3n de conocimientos necesarios para, por ejemplo, manejo de las redes sociales, en temas como la inteligencia artificial, formaci\u00f3n dual y producci\u00f3n sustentable.<\/span><\/p>\n<p align=\"justify\"><span style=\"font-size: 14pt; font-family: helvetica, arial, sans-serif;\">Durante la entrevista televisiva el representante del Inces inform\u00f3 que esta entidad formativa ofrece formaci\u00f3n presencial y virtual a trav\u00e9s de las plataformas digitales\u00a0<i>campusvirtual\u00a0<\/i>y\u00a0<i>HACER<\/i>, que cuentan con m\u00e1s de ochenta formaciones virtuales y trescientas presenciales dise\u00f1adas para las necesidades laborales de todos los j\u00f3venes venezolanos.<\/span><\/p>\n<p align=\"justify\"><span style=\"font-size: 14pt; font-family: helvetica, arial, sans-serif;\">Asimismo, P\u00e9rez habl\u00f3 sobre el trabajo que hace el Inces para la formaci\u00f3n de personas en el \u00e1mbito penitenciario; adem\u00e1s, precis\u00f3 sobre los convenios con la banca p\u00fablica y los programas formativos dise\u00f1ados para los emprendedores. Sobre este aspecto, el funcionario se\u00f1al\u00f3 que el ente cre\u00f3 una escuela de emprendimiento que, aunque posee una plataforma virtual, tiene espacios presenciales.<\/span><\/p>\n<p align=\"justify\"><span style=\"font-size: 14pt; font-family: helvetica, arial, sans-serif;\">Continu\u00f3 el director se\u00f1alando que hace pocos meses el Inces firm\u00f3 un convenio con la C\u00e1mara Venezolana Alemana (Cavenal) que es un instituto especializado en formaci\u00f3n dual de cuya alianza ya hay planes formativos para el corto plazo.<\/span><\/p>\n<p align=\"justify\"><span style=\"font-size: 14pt; font-family: helvetica, arial, sans-serif;\">Jorge P\u00e9rez invit\u00f3 a todos los j\u00f3venes venezolanos a buscar soluciones te\u0107nico-profesionales en el Inces y para ello los invit\u00f3 a encontrarlas en las redes sociales dispuestas a prop\u00f3sito: en Twitter e Instagram @incesocialista y tambi\u00e9n a trav\u00e9s de la p\u00e1gina web\u00a0<span style=\"color: #000080;\"><a href=\"http:\/\/www.inces.gov.ve\/\" target=\"_blank\" rel=\"noopener\" data-saferedirecturl=\"https:\/\/www.google.com\/url?q=http:\/\/www.inces.gov.ve\/&amp;source=gmail&amp;ust=1691101159868000&amp;usg=AOvVaw0oLz63tpoGnGbMxZMG0eeq\">www.inces.gov.ve<\/a>.<\/span><\/span><\/p>\n<p align=\"justify\"><span style=\"font-size: 14pt; font-family: helvetica, arial, sans-serif;\">All\u00ed pueden conocer de los diferentes procesos que se desarrollan en el Inces, pueden saber de nuestra oferta formativa, se pueden registrar e inscribir a trav\u00e9s de la plataforma, tanto en la modalidad presencial o virtual, por est\u00e1 v\u00eda los interesados pueden informarse de los procesos formativos de los Centros de Formaci\u00f3n Socialista (CFS) en todo el pa\u00eds\u201d.<\/span><\/p>\n","protected":false},"excerpt":{"rendered":"","protected":false},"author":4,"featured_media":53085,"comment_status":"closed","ping_status":"closed","sticky":false,"template":"","format":"standard","meta":{"footnotes":""},"categories":[2],"tags":[],"class_list":["post-53083","post","type-post","status-publish","format-standard","has-post-thumbnail","hentry","category-blog"],"_links":{"self":[{"href":"https:\/\/inces.gob.ve\/index.php\/wp-json\/wp\/v2\/posts\/53083","targetHints":{"allow":["GET"]}}],"collection":[{"href":"https:\/\/inces.gob.ve\/index.php\/wp-json\/wp\/v2\/posts"}],"about":[{"href":"https:\/\/inces.gob.ve\/index.php\/wp-json\/wp\/v2\/types\/post"}],"author":[{"embeddable":true,"href":"https:\/\/inces.gob.ve\/index.php\/wp-json\/wp\/v2\/users\/4"}],"replies":[{"embeddable":true,"href":"https:\/\/inces.gob.ve\/index.php\/wp-json\/wp\/v2\/comments?post=53083"}],"version-history":[{"count":4,"href":"https:\/\/inces.gob.ve\/index.php\/wp-json\/wp\/v2\/posts\/53083\/revisions"}],"predecessor-version":[{"id":53131,"href":"https:\/\/inces.gob.ve\/index.php\/wp-json\/wp\/v2\/posts\/53083\/revisions\/53131"}],"wp:featuredmedia":[{"embeddable":true,"href":"https:\/\/inces.gob.ve\/index.php\/wp-json\/wp\/v2\/media\/53085"}],"wp:attachment":[{"href":"https:\/\/inces.gob.ve\/index.php\/wp-json\/wp\/v2\/media?parent=53083"}],"wp:term":[{"taxonomy":"category","embeddable":true,"href":"https:\/\/inces.gob.ve\/index.php\/wp-json\/wp\/v2\/categories?post=53083"},{"taxonomy":"post_tag","embeddable":true,"href":"https:\/\/inces.gob.ve\/index.php\/wp-json\/wp\/v2\/tags?post=53083"}],"curies":[{"name":"wp","href":"https:\/\/api.w.org\/{rel}","templated":true}]}}