{"id":53088,"date":"2023-08-03T12:19:48","date_gmt":"2023-08-03T16:19:48","guid":{"rendered":"https:\/\/inces.gob.ve\/?p=53088"},"modified":"2023-08-03T12:19:55","modified_gmt":"2023-08-03T16:19:55","slug":"sucre-centro-de-formacion-socialista-tunapuy-activo-con-las-formaciones-y-produccion","status":"publish","type":"post","link":"https:\/\/inces.gob.ve\/index.php\/2023\/08\/03\/sucre-centro-de-formacion-socialista-tunapuy-activo-con-las-formaciones-y-produccion\/","title":{"rendered":"Sucre | Centro de Formaci\u00f3n Socialista Tunapuy activo con las formaciones y producci\u00f3n"},"content":{"rendered":"<p style=\"text-align: justify;\"><em><strong><span style=\"font-family: helvetica, arial, sans-serif; font-size: 14pt;\">** M\u00e1s de 350 participantes se forman en nuestras instalaciones<\/span><\/strong><\/em><\/p>\n<p><!--more--><\/p>\n<p>&nbsp;<\/p>\n<p dir=\"ltr\" style=\"text-align: justify;\"><span style=\"font-family: helvetica, arial, sans-serif; font-size: 14pt;\">JAIMELYS CAMPOS<\/span><\/p>\n<p dir=\"ltr\" style=\"text-align: justify;\"><span style=\"font-family: helvetica, arial, sans-serif; font-size: 14pt;\">En las instalaciones del Centro de Formaci\u00f3n Socialista Tunapuy se est\u00e1 a la vanguardia de la formaci\u00f3n y la producci\u00f3n, gracias al alto nivel de compromiso de los servidores p\u00fablicos\u00a0 que all\u00ed trabajan.<\/span><\/p>\n<p dir=\"ltr\"><img loading=\"lazy\" decoding=\"async\" class=\"aligncenter wp-image-53094 size-full\" src=\"https:\/\/inces.gob.ve\/wp-content\/uploads\/2023\/08\/IMG-20230802-WA0136.jpg\" alt=\"\" width=\"696\" height=\"844\" srcset=\"https:\/\/inces.gob.ve\/wp-content\/uploads\/2023\/08\/IMG-20230802-WA0136.jpg 696w, https:\/\/inces.gob.ve\/wp-content\/uploads\/2023\/08\/IMG-20230802-WA0136-247x300.jpg 247w\" sizes=\"auto, (max-width: 696px) 100vw, 696px\" \/><\/p>\n<p dir=\"ltr\" style=\"text-align: justify;\"><span style=\"font-family: helvetica, arial, sans-serif; font-size: 14pt;\">El Inces Tunapuy actualmente cuenta con doce ofertas formativas y m\u00e1s de 350 participantes en las \u00e1reas de: Alfabetizaci\u00f3n Tecnol\u00f3gica,Panader\u00eda, Pasteler\u00eda y Reposter\u00eda, Mantenimiento de Computadoras, Cultivos de Especies de Ciclos Cortos,\u00a0 Patronaje de Prendas de Vestir, Confecci\u00f3n de Uniformes, Electricidad B\u00e1sica, Circuito El\u00e9ctricos, Cultivo de Hortalizas en Huerto, Conservaci\u00f3n de Alimentos y Sistema de Direcci\u00f3n del Autom\u00f3vil.<\/span><\/p>\n<p dir=\"ltr\" style=\"text-align: justify;\"><img loading=\"lazy\" decoding=\"async\" class=\"aligncenter wp-image-53093 size-full\" src=\"https:\/\/inces.gob.ve\/wp-content\/uploads\/2023\/08\/IMG-20230802-WA0127-e1691079420560.jpg\" alt=\"\" width=\"800\" height=\"368\" srcset=\"https:\/\/inces.gob.ve\/wp-content\/uploads\/2023\/08\/IMG-20230802-WA0127-e1691079420560.jpg 800w, https:\/\/inces.gob.ve\/wp-content\/uploads\/2023\/08\/IMG-20230802-WA0127-e1691079420560-300x138.jpg 300w, https:\/\/inces.gob.ve\/wp-content\/uploads\/2023\/08\/IMG-20230802-WA0127-e1691079420560-768x353.jpg 768w\" sizes=\"auto, (max-width: 800px) 100vw, 800px\" \/><\/p>\n<p dir=\"ltr\" style=\"text-align: justify;\"><span style=\"font-family: helvetica, arial, sans-serif; font-size: 14pt;\">Igualmente trabaja en la producci\u00f3n de ganado con 66 bovinos, 41 ovinos, 13 porcinos, 2 equinos, 291 gallinas ponedoras (las cuales producen 200 huevos diarios), hortalizas en canteros, 1.5 hect\u00e1reas de naranja y una hect\u00e1rea de cacao donde se encuentran las especies aut\u00f3ctonas de la zona de paria.<\/span><\/p>\n<p dir=\"ltr\"><img loading=\"lazy\" decoding=\"async\" class=\"aligncenter wp-image-53091 size-full\" src=\"https:\/\/inces.gob.ve\/wp-content\/uploads\/2023\/08\/IMG-20230802-WA0121-e1691079507605.jpg\" alt=\"\" width=\"800\" height=\"368\" srcset=\"https:\/\/inces.gob.ve\/wp-content\/uploads\/2023\/08\/IMG-20230802-WA0121-e1691079507605.jpg 800w, https:\/\/inces.gob.ve\/wp-content\/uploads\/2023\/08\/IMG-20230802-WA0121-e1691079507605-300x138.jpg 300w, https:\/\/inces.gob.ve\/wp-content\/uploads\/2023\/08\/IMG-20230802-WA0121-e1691079507605-768x353.jpg 768w\" sizes=\"auto, (max-width: 800px) 100vw, 800px\" \/><\/p>\n<p dir=\"ltr\" style=\"text-align: justify;\"><span style=\"font-family: helvetica, arial, sans-serif; font-size: 14pt;\">En Sucre seguimos formando y produciendo con excelencia, estamos venciendo y vamos por m\u00e1s; como lo dijo el maestro Sim\u00f3n Rodr\u00edguez \u201cINSTRUYAN Y TENDR\u00c1N QUIEN SEPA; EDUQUEN Y TENDR\u00c1N QUIEN HAGA\u201d.\u00a0<\/span><\/p>\n<p dir=\"ltr\"><img loading=\"lazy\" decoding=\"async\" class=\"aligncenter wp-image-53089 size-full\" src=\"https:\/\/inces.gob.ve\/wp-content\/uploads\/2023\/08\/IMG-20230802-WA0115-e1691079453823.jpg\" alt=\"\" width=\"800\" height=\"369\" srcset=\"https:\/\/inces.gob.ve\/wp-content\/uploads\/2023\/08\/IMG-20230802-WA0115-e1691079453823.jpg 800w, https:\/\/inces.gob.ve\/wp-content\/uploads\/2023\/08\/IMG-20230802-WA0115-e1691079453823-300x138.jpg 300w, https:\/\/inces.gob.ve\/wp-content\/uploads\/2023\/08\/IMG-20230802-WA0115-e1691079453823-768x354.jpg 768w\" sizes=\"auto, (max-width: 800px) 100vw, 800px\" \/><\/p>\n","protected":false},"excerpt":{"rendered":"<p>** M\u00e1s de 350 participantes se forman en nuestras instalaciones<\/p>\n","protected":false},"author":15,"featured_media":53090,"comment_status":"closed","ping_status":"closed","sticky":false,"template":"","format":"standard","meta":{"footnotes":""},"categories":[2],"tags":[],"class_list":["post-53088","post","type-post","status-publish","format-standard","has-post-thumbnail","hentry","category-blog"],"_links":{"self":[{"href":"https:\/\/inces.gob.ve\/index.php\/wp-json\/wp\/v2\/posts\/53088","targetHints":{"allow":["GET"]}}],"collection":[{"href":"https:\/\/inces.gob.ve\/index.php\/wp-json\/wp\/v2\/posts"}],"about":[{"href":"https:\/\/inces.gob.ve\/index.php\/wp-json\/wp\/v2\/types\/post"}],"author":[{"embeddable":true,"href":"https:\/\/inces.gob.ve\/index.php\/wp-json\/wp\/v2\/users\/15"}],"replies":[{"embeddable":true,"href":"https:\/\/inces.gob.ve\/index.php\/wp-json\/wp\/v2\/comments?post=53088"}],"version-history":[{"count":2,"href":"https:\/\/inces.gob.ve\/index.php\/wp-json\/wp\/v2\/posts\/53088\/revisions"}],"predecessor-version":[{"id":53096,"href":"https:\/\/inces.gob.ve\/index.php\/wp-json\/wp\/v2\/posts\/53088\/revisions\/53096"}],"wp:featuredmedia":[{"embeddable":true,"href":"https:\/\/inces.gob.ve\/index.php\/wp-json\/wp\/v2\/media\/53090"}],"wp:attachment":[{"href":"https:\/\/inces.gob.ve\/index.php\/wp-json\/wp\/v2\/media?parent=53088"}],"wp:term":[{"taxonomy":"category","embeddable":true,"href":"https:\/\/inces.gob.ve\/index.php\/wp-json\/wp\/v2\/categories?post=53088"},{"taxonomy":"post_tag","embeddable":true,"href":"https:\/\/inces.gob.ve\/index.php\/wp-json\/wp\/v2\/tags?post=53088"}],"curies":[{"name":"wp","href":"https:\/\/api.w.org\/{rel}","templated":true}]}}