{"id":53097,"date":"2023-08-03T12:24:07","date_gmt":"2023-08-03T16:24:07","guid":{"rendered":"https:\/\/inces.gob.ve\/?p=53097"},"modified":"2023-08-03T12:24:35","modified_gmt":"2023-08-03T16:24:35","slug":"aragua-inces-socializa-sus-logros-y-planes-para-este-aniversari-64","status":"publish","type":"post","link":"https:\/\/inces.gob.ve\/index.php\/2023\/08\/03\/aragua-inces-socializa-sus-logros-y-planes-para-este-aniversari-64\/","title":{"rendered":"ARAGUA | Inces socializa sus logros y planes para este aniversari 64"},"content":{"rendered":"<div dir=\"auto\" style=\"text-align: justify;\"><em><strong><span style=\"font-family: helvetica, arial, sans-serif; font-size: 14pt;\">** A #64A\u00f1osEnse\u00f1andoLaT\u00e9cnica seguimos siendo baluartes en materia de Formaci\u00f3n T\u00e9cnica Profesional y brindando herramientas productivas para el pa\u00eds<\/span><\/strong><\/em><\/div>\n<p><!--more--><\/p>\n<div dir=\"auto\" style=\"text-align: justify;\"><\/div>\n<div style=\"text-align: justify;\"><span style=\"font-family: helvetica, arial, sans-serif; font-size: 14pt;\">NINOSKA PATRIZ<\/span><\/div>\n<div dir=\"auto\" style=\"text-align: justify;\"><\/div>\n<div dir=\"auto\" style=\"text-align: justify;\"><span style=\"font-family: helvetica, arial, sans-serif; font-size: 14pt;\">La gerente regional del Inces Aragua,\u00a0\u00a0Yelitza Rodr\u00edguez, junto a su equipo de trabajo, visit\u00f3 los medios de comunicaci\u00f3n Ciudad Maracay, Telearagua y Arague\u00f1a 99.5 FM, donde hizo \u00e9nfasis en la importancia que representa para la instituci\u00f3n el cumplir 64 a\u00f1os formando generaciones de venezolanos y venezolanas en ocupaciones productivas y pertinentes necesarias para la transformaci\u00f3n del modelo econ\u00f3mico nacional y garantizar la soberan\u00eda nacional.<\/span><\/div>\n<div dir=\"auto\"><\/div>\n<div dir=\"auto\" style=\"text-align: justify;\"><img loading=\"lazy\" decoding=\"async\" class=\"aligncenter wp-image-53098 size-full\" src=\"https:\/\/inces.gob.ve\/wp-content\/uploads\/2023\/08\/IMG-20230802-WA0013.jpg\" alt=\"\" width=\"750\" height=\"764\" srcset=\"https:\/\/inces.gob.ve\/wp-content\/uploads\/2023\/08\/IMG-20230802-WA0013.jpg 750w, https:\/\/inces.gob.ve\/wp-content\/uploads\/2023\/08\/IMG-20230802-WA0013-295x300.jpg 295w\" sizes=\"auto, (max-width: 750px) 100vw, 750px\" \/><\/div>\n<div dir=\"auto\" style=\"text-align: justify;\"><\/div>\n<div dir=\"auto\" style=\"text-align: justify;\"><span style=\"font-family: helvetica, arial, sans-serif; font-size: 14pt;\">As\u00ed mismo expres\u00f3 que se estar\u00e1n abordando durante las pr\u00f3ximas cuatro semanas temas relevantes para el desarrollo y actualizaci\u00f3n profesional y personal de nuestros aprendices, trabajadores, instituciones aliadas y p\u00fablico en general, tales como la Inteligencia Artificial en la Educaci\u00f3n, el periodismo venezolano frente a las nuevas tecnolog\u00edas de la informaci\u00f3n, producci\u00f3n sostenible y formaci\u00f3n dual, (emas en los que el Inces ha venido trabajando este 2023 desarrollando planes de abordaje inmediato en materia de curr\u00edculo y alianzas con c\u00e1maras de industriales para retomar la experiencia de la formaci\u00f3n dual.<\/span><\/div>\n<div dir=\"auto\" style=\"text-align: justify;\"><\/div>\n<div dir=\"auto\" style=\"text-align: justify;\"><\/div>\n<div dir=\"auto\" style=\"text-align: justify;\"><span style=\"font-family: helvetica, arial, sans-serif; font-size: 14pt;\">Tambi\u00e9n destac\u00f3 la consecuente adaptaci\u00f3n del Inces a las nuevas tecnolog\u00edas y demandas reales del mundo del trabajo, acci\u00f3n que beneficia a nuestros aprendices y participantes, como por ejemplo la actualizaci\u00f3n de unidades curriculares y la creaci\u00f3n de nuevas, para atender la demanda nacional de formaci\u00f3n t\u00e9cnica profesional.<\/span><\/div>\n<div dir=\"auto\"><\/div>\n<div dir=\"auto\" style=\"text-align: justify;\"><img loading=\"lazy\" decoding=\"async\" class=\"aligncenter wp-image-53100 size-full\" src=\"https:\/\/inces.gob.ve\/wp-content\/uploads\/2023\/08\/IMG_20230802_103752-e1691079801770.jpg\" alt=\"\" width=\"800\" height=\"678\" srcset=\"https:\/\/inces.gob.ve\/wp-content\/uploads\/2023\/08\/IMG_20230802_103752-e1691079801770.jpg 800w, https:\/\/inces.gob.ve\/wp-content\/uploads\/2023\/08\/IMG_20230802_103752-e1691079801770-300x254.jpg 300w, https:\/\/inces.gob.ve\/wp-content\/uploads\/2023\/08\/IMG_20230802_103752-e1691079801770-768x651.jpg 768w\" sizes=\"auto, (max-width: 800px) 100vw, 800px\" \/><\/div>\n<div dir=\"auto\" style=\"text-align: justify;\"><\/div>\n<div dir=\"auto\" style=\"text-align: justify;\"><span style=\"font-family: helvetica, arial, sans-serif; font-size: 14pt;\">Vale resaltar que hoy d\u00eda el Inces se enfoca en la convergencia de todos nuestros p\u00fablicos, incluyendo trabajadores, aprendices, la comunidad en general, entidades de trabajo y organizaciones aliadas. Motivo por el cual se han planificado actividades pensando en todos ellos: actividades formativas, encuentros deportivos, actos solemnes e actos institucionales, suscripci\u00f3n de convenios, entre otros.<\/span><\/div>\n<div dir=\"auto\" style=\"text-align: justify;\"><\/div>\n<div dir=\"auto\" style=\"text-align: justify;\"><\/div>\n<div dir=\"auto\" style=\"text-align: justify;\"><span style=\"font-family: helvetica, arial, sans-serif; font-size: 14pt;\">En este aspecto, el p\u00fablico en general podr\u00e1 disfrutar de cinco eventos en los que esperamos contar con un importante n\u00famero de personas:\u00a0<\/span><\/div>\n<div dir=\"auto\" style=\"text-align: justify;\"><\/div>\n<div dir=\"auto\" style=\"text-align: justify;\"><span style=\"font-family: helvetica, arial, sans-serif; font-size: 14pt;\">Viernes 4: Simposio Inteligencia Artificial en el sector educaci\u00f3n y formaci\u00f3n t\u00e9cnica profesional<\/span><\/div>\n<div dir=\"auto\" style=\"text-align: justify;\"><span style=\"font-family: helvetica, arial, sans-serif; font-size: 14pt;\">Jueves 10: Retos del periodismo venezolano frente a las nuevas tecnolog\u00edas de la informaci\u00f3n<\/span><\/div>\n<div dir=\"auto\" style=\"text-align: justify;\"><span style=\"font-family: helvetica, arial, sans-serif; font-size: 14pt;\">Jueves 16: Encuentro sobre Producci\u00f3n Sostenible<\/span><\/div>\n<div dir=\"auto\" style=\"text-align: justify;\"><span style=\"font-family: helvetica, arial, sans-serif; font-size: 14pt;\">Mi\u00e9rcoles 23: Formaci\u00f3n Dual en el sector empresarial<\/span><\/div>\n<div dir=\"auto\" style=\"text-align: justify;\"><span style=\"font-family: helvetica, arial, sans-serif; font-size: 14pt;\">Domingo 20: vamos a tener una caminata 5K en la Cota 1000<\/span><\/div>\n<div dir=\"auto\" style=\"text-align: justify;\"><\/div>\n<div style=\"text-align: justify;\"><span style=\"font-family: helvetica, arial, sans-serif; font-size: 14pt;\">A excepci\u00f3n de la caminata, toas las formacione se realizar\u00e1n en el auditorio del Inces de la avenida Nueva Granada, a las 9:00 a.m. y ser\u00e1n transmitidas v\u00eda Zoom<\/span><\/div>\n<div dir=\"auto\" style=\"text-align: justify;\"><\/div>\n<div dir=\"auto\" style=\"text-align: justify;\"><span style=\"font-family: helvetica, arial, sans-serif; font-size: 14pt;\">Tambi\u00e9n la gernte extendi\u00f3 una afectuosa invitaci\u00f3n a sumarse a las actividades aniversarias de la regi\u00f3n y visitar nuestras redes sociales para tener m\u00e1s informaci\u00f3n: Twitter (@incesaragua3), Instagram: @incesaragua, Facebook: INCES Regi\u00f3n Aragua y a nivel nacional: Twitter e Instagram: @Incessocialista \/ <a href=\"http:\/\/www.inces.gob.ve\" target=\"_blank\" rel=\"noopener\" data-saferedirecturl=\"https:\/\/www.google.com\/url?q=http:\/\/www.inces.gob.ve&amp;source=gmail&amp;ust=1691165005856000&amp;usg=AOvVaw0bB7Q4TN16fMZEunmA69d-\">www.inces.gob.ve<\/a><\/span><\/div>\n<div dir=\"auto\" style=\"text-align: justify;\"><\/div>\n<div dir=\"auto\" style=\"text-align: justify;\"><\/div>\n<div dir=\"auto\" style=\"text-align: justify;\"><span style=\"font-family: helvetica, arial, sans-serif; font-size: 14pt;\">As\u00ed mismo, realiz\u00f3 una invitaci\u00f3n para conocer las formaciones virtuales disponibles por Campus Virtual, el Convenio con Telef\u00f3nica y las Formaciones 2023 presenciales, que cuentan con la Plataforma \u00abHACER\u00bb, en d\u00f3nde las inscripciones se realizan de manera activa y conjunta en todos los Centros de Formaci\u00f3n Socialistas de la entidad arag\u00fce\u00f1a.<\/span><\/div>\n<div dir=\"auto\" style=\"text-align: justify;\"><\/div>\n<div dir=\"auto\" style=\"text-align: justify;\"><span style=\"font-family: helvetica, arial, sans-serif; font-size: 14pt;\">Y para cerrar, en el mismo orden de ideas record\u00f3 las bondades del Programa Bachillerato Productivo y Programa Nacional de Aprendizaje (PNA) como ejes Formativos Productivo en la incorporaci\u00f3n de los j\u00f3venes y no tan j\u00f3venes al proceso social econ\u00f3mico del pa\u00eds, llevando el esp\u00edritu de nuestro aniversario a todos los rincones posibles de nuestra patria.<\/span><\/div>\n","protected":false},"excerpt":{"rendered":"<p>** A #64A\u00f1osEnse\u00f1andoLaT\u00e9cnica seguimos siendo baluartes en materia de Formaci\u00f3n T\u00e9cnica Profesional y brindando herramientas productivas para el pa\u00eds<\/p>\n","protected":false},"author":15,"featured_media":53099,"comment_status":"closed","ping_status":"closed","sticky":false,"template":"","format":"standard","meta":{"footnotes":""},"categories":[2],"tags":[],"class_list":["post-53097","post","type-post","status-publish","format-standard","has-post-thumbnail","hentry","category-blog"],"_links":{"self":[{"href":"https:\/\/inces.gob.ve\/index.php\/wp-json\/wp\/v2\/posts\/53097","targetHints":{"allow":["GET"]}}],"collection":[{"href":"https:\/\/inces.gob.ve\/index.php\/wp-json\/wp\/v2\/posts"}],"about":[{"href":"https:\/\/inces.gob.ve\/index.php\/wp-json\/wp\/v2\/types\/post"}],"author":[{"embeddable":true,"href":"https:\/\/inces.gob.ve\/index.php\/wp-json\/wp\/v2\/users\/15"}],"replies":[{"embeddable":true,"href":"https:\/\/inces.gob.ve\/index.php\/wp-json\/wp\/v2\/comments?post=53097"}],"version-history":[{"count":1,"href":"https:\/\/inces.gob.ve\/index.php\/wp-json\/wp\/v2\/posts\/53097\/revisions"}],"predecessor-version":[{"id":53101,"href":"https:\/\/inces.gob.ve\/index.php\/wp-json\/wp\/v2\/posts\/53097\/revisions\/53101"}],"wp:featuredmedia":[{"embeddable":true,"href":"https:\/\/inces.gob.ve\/index.php\/wp-json\/wp\/v2\/media\/53099"}],"wp:attachment":[{"href":"https:\/\/inces.gob.ve\/index.php\/wp-json\/wp\/v2\/media?parent=53097"}],"wp:term":[{"taxonomy":"category","embeddable":true,"href":"https:\/\/inces.gob.ve\/index.php\/wp-json\/wp\/v2\/categories?post=53097"},{"taxonomy":"post_tag","embeddable":true,"href":"https:\/\/inces.gob.ve\/index.php\/wp-json\/wp\/v2\/tags?post=53097"}],"curies":[{"name":"wp","href":"https:\/\/api.w.org\/{rel}","templated":true}]}}