{"id":53102,"date":"2023-08-03T13:51:18","date_gmt":"2023-08-03T17:51:18","guid":{"rendered":"https:\/\/inces.gob.ve\/?p=53102"},"modified":"2023-08-03T13:51:22","modified_gmt":"2023-08-03T17:51:22","slug":"yaracuy-inces-acredita-a-54-profesionales-como-formadores","status":"publish","type":"post","link":"https:\/\/inces.gob.ve\/index.php\/2023\/08\/03\/yaracuy-inces-acredita-a-54-profesionales-como-formadores\/","title":{"rendered":"YARACUY | Inces acredita a 54 profesionales como Formadores"},"content":{"rendered":"<p style=\"text-align: justify;\"><strong><em>**<span style=\"font-family: helvetica, arial, sans-serif; font-size: 14pt;\">*Los profesionales se unen a la plantilla de maestros t\u00e9cnicos voluntarios de la instituci\u00f3n<\/span><\/em><\/strong><!--more--><\/p>\n<p>&nbsp;<\/p>\n<p style=\"text-align: justify;\"><span style=\"font-family: helvetica, arial, sans-serif; font-size: 14pt;\"><strong>YOLAICE VARGAS<\/strong><\/span><\/p>\n<p style=\"text-align: justify;\"><span style=\"font-family: helvetica, arial, sans-serif; font-size: 14pt;\">En las instalaciones del Complejo Educativo Tribu Jirahara en Chivacoa municipio Bruzual, se llev\u00f3 a cabo el acto de acreditaciones de 54 profesionales quienes fueron capacitados a trav\u00e9s del plan nacional formador de facilitadores, impartido por el Instituto Nacional de Capacitaci\u00f3n de Educaci\u00f3n Socialista (Inces) en Yaracuy.<\/span><\/p>\n<p>&nbsp;<\/p>\n<p><img loading=\"lazy\" decoding=\"async\" class=\"aligncenter wp-image-53104 size-full\" src=\"https:\/\/inces.gob.ve\/wp-content\/uploads\/2023\/08\/IMG-20230802-WA0103-e1691084895674.jpg\" alt=\"\" width=\"800\" height=\"600\" srcset=\"https:\/\/inces.gob.ve\/wp-content\/uploads\/2023\/08\/IMG-20230802-WA0103-e1691084895674.jpg 800w, https:\/\/inces.gob.ve\/wp-content\/uploads\/2023\/08\/IMG-20230802-WA0103-e1691084895674-300x225.jpg 300w, https:\/\/inces.gob.ve\/wp-content\/uploads\/2023\/08\/IMG-20230802-WA0103-e1691084895674-768x576.jpg 768w, https:\/\/inces.gob.ve\/wp-content\/uploads\/2023\/08\/IMG-20230802-WA0103-e1691084895674-136x102.jpg 136w\" sizes=\"auto, (max-width: 800px) 100vw, 800px\" \/><\/p>\n<p style=\"text-align: justify;\"><span style=\"font-family: helvetica, arial, sans-serif; font-size: 14pt;\">De igual manera se realiz\u00f3 exposici\u00f3n de los trabajos realizados por los profesionales de \u00a0las unidades curriculares impartidas que fueron: Desarrollo Humano, Introducci\u00f3n a la Pedagog\u00eda, Legislaci\u00f3n Educativa y Estrategias y Medios de Ense\u00f1anza.<\/span><\/p>\n<p>&nbsp;<\/p>\n<p><img loading=\"lazy\" decoding=\"async\" class=\"aligncenter wp-image-53103 size-full\" src=\"https:\/\/inces.gob.ve\/wp-content\/uploads\/2023\/08\/IMG-20230802-WA0102-e1691084917600.jpg\" alt=\"\" width=\"800\" height=\"600\" srcset=\"https:\/\/inces.gob.ve\/wp-content\/uploads\/2023\/08\/IMG-20230802-WA0102-e1691084917600.jpg 800w, https:\/\/inces.gob.ve\/wp-content\/uploads\/2023\/08\/IMG-20230802-WA0102-e1691084917600-300x225.jpg 300w, https:\/\/inces.gob.ve\/wp-content\/uploads\/2023\/08\/IMG-20230802-WA0102-e1691084917600-768x576.jpg 768w, https:\/\/inces.gob.ve\/wp-content\/uploads\/2023\/08\/IMG-20230802-WA0102-e1691084917600-136x102.jpg 136w\" sizes=\"auto, (max-width: 800px) 100vw, 800px\" \/><\/p>\n<p style=\"text-align: justify;\"><span style=\"font-family: helvetica, arial, sans-serif; font-size: 14pt;\">El acto estuvo presidido por el gerente regional del Inces en Yaracuy, Dalvi Torrealba, quien asever\u00f3 la importancia de la formaci\u00f3n t\u00e9cnica profesional, de igual manera destac\u00f3 que los profesionales luego del proceso formativo, se unen a la plantilla de maestros t\u00e9cnicos voluntarios de la instituci\u00f3n, quienes son grandes aliados para la casa formativa.<\/span><\/p>\n<p>&nbsp;<\/p>\n<p><img loading=\"lazy\" decoding=\"async\" class=\"aligncenter wp-image-53107 size-full\" src=\"https:\/\/inces.gob.ve\/wp-content\/uploads\/2023\/08\/IMG-20230802-WA0106-e1691084933339.jpg\" alt=\"\" width=\"800\" height=\"600\" srcset=\"https:\/\/inces.gob.ve\/wp-content\/uploads\/2023\/08\/IMG-20230802-WA0106-e1691084933339.jpg 800w, https:\/\/inces.gob.ve\/wp-content\/uploads\/2023\/08\/IMG-20230802-WA0106-e1691084933339-300x225.jpg 300w, https:\/\/inces.gob.ve\/wp-content\/uploads\/2023\/08\/IMG-20230802-WA0106-e1691084933339-768x576.jpg 768w, https:\/\/inces.gob.ve\/wp-content\/uploads\/2023\/08\/IMG-20230802-WA0106-e1691084933339-136x102.jpg 136w\" sizes=\"auto, (max-width: 800px) 100vw, 800px\" \/><\/p>\n<p style=\"text-align: justify;\"><span style=\"font-family: helvetica, arial, sans-serif; font-size: 14pt;\">Durante el evento los presentes pudieron disfrutar de actividades culturales entre las que destacan, danzas folkl\u00f3ricas, cristianas as\u00ed como m\u00fasica en vivo con talento de la localidad.<\/span><\/p>\n<p>&nbsp;<\/p>\n","protected":false},"excerpt":{"rendered":"<p>***Los profesionales se unen a la plantilla de maestros t\u00e9cnicos voluntarios de la instituci\u00f3n<\/p>\n","protected":false},"author":15,"featured_media":53106,"comment_status":"closed","ping_status":"closed","sticky":false,"template":"","format":"standard","meta":{"footnotes":""},"categories":[2],"tags":[],"class_list":["post-53102","post","type-post","status-publish","format-standard","has-post-thumbnail","hentry","category-blog"],"_links":{"self":[{"href":"https:\/\/inces.gob.ve\/index.php\/wp-json\/wp\/v2\/posts\/53102","targetHints":{"allow":["GET"]}}],"collection":[{"href":"https:\/\/inces.gob.ve\/index.php\/wp-json\/wp\/v2\/posts"}],"about":[{"href":"https:\/\/inces.gob.ve\/index.php\/wp-json\/wp\/v2\/types\/post"}],"author":[{"embeddable":true,"href":"https:\/\/inces.gob.ve\/index.php\/wp-json\/wp\/v2\/users\/15"}],"replies":[{"embeddable":true,"href":"https:\/\/inces.gob.ve\/index.php\/wp-json\/wp\/v2\/comments?post=53102"}],"version-history":[{"count":1,"href":"https:\/\/inces.gob.ve\/index.php\/wp-json\/wp\/v2\/posts\/53102\/revisions"}],"predecessor-version":[{"id":53108,"href":"https:\/\/inces.gob.ve\/index.php\/wp-json\/wp\/v2\/posts\/53102\/revisions\/53108"}],"wp:featuredmedia":[{"embeddable":true,"href":"https:\/\/inces.gob.ve\/index.php\/wp-json\/wp\/v2\/media\/53106"}],"wp:attachment":[{"href":"https:\/\/inces.gob.ve\/index.php\/wp-json\/wp\/v2\/media?parent=53102"}],"wp:term":[{"taxonomy":"category","embeddable":true,"href":"https:\/\/inces.gob.ve\/index.php\/wp-json\/wp\/v2\/categories?post=53102"},{"taxonomy":"post_tag","embeddable":true,"href":"https:\/\/inces.gob.ve\/index.php\/wp-json\/wp\/v2\/tags?post=53102"}],"curies":[{"name":"wp","href":"https:\/\/api.w.org\/{rel}","templated":true}]}}