{"id":53113,"date":"2023-08-03T15:21:14","date_gmt":"2023-08-03T19:21:14","guid":{"rendered":"https:\/\/inces.gob.ve\/?p=53113"},"modified":"2023-08-03T15:21:14","modified_gmt":"2023-08-03T19:21:14","slug":"miranda-inces-estreno-la-primera-edicion-del-programa-radial-somos-inces-en-el-estado-miranda","status":"publish","type":"post","link":"https:\/\/inces.gob.ve\/index.php\/2023\/08\/03\/miranda-inces-estreno-la-primera-edicion-del-programa-radial-somos-inces-en-el-estado-miranda\/","title":{"rendered":"MIRANDA | Inces estren\u00f3 la primera edici\u00f3n del programa radial Somos Inces en el estado Miranda"},"content":{"rendered":"<div dir=\"auto\" style=\"text-align: justify;\"><\/div>\n<div dir=\"auto\" style=\"text-align: justify;\"><em><strong><span style=\"font-size: 14pt; font-family: helvetica, arial, sans-serif;\">** Esta edici\u00f3n nos llena de esperanza, compromiso y esfuerzo por la poblaci\u00f3n mirandina<\/span><\/strong><\/em><\/div>\n<p><!--more--><\/p>\n<div dir=\"auto\"><\/div>\n<div dir=\"auto\" style=\"text-align: justify;\"><\/div>\n<div dir=\"auto\" style=\"text-align: justify;\"><strong><span style=\"font-size: 14pt; font-family: helvetica, arial, sans-serif;\">JEHINFRY AGUIAR<\/span><\/strong><\/div>\n<div dir=\"auto\" style=\"text-align: justify;\"><\/div>\n<div dir=\"auto\" style=\"text-align: justify;\"><span style=\"font-size: 14pt; font-family: helvetica, arial, sans-serif;\">El programa Somos Inces es un programa cultural y educativo que realza los avances y logros de la instituci\u00f3n en la regi\u00f3n. En su primera edici\u00f3n, estuvo conducido por el asesor comunicacional Jehinfry Aguiar.<\/span><\/div>\n<div dir=\"auto\" style=\"text-align: justify;\"><\/div>\n<div dir=\"auto\"><\/div>\n<div dir=\"auto\" style=\"text-align: justify;\"><span style=\"font-size: 14pt; font-family: helvetica, arial, sans-serif;\">El programa ser\u00e1 transmitido todos los martes de 2:00 a 3:00 p.m por la emisora Colectivo Radiof\u00f3nico Petare CRP 91.5 FM.<\/span><\/div>\n<div dir=\"auto\"><\/div>\n<div dir=\"auto\" style=\"text-align: justify;\"><\/div>\n<div dir=\"auto\" style=\"text-align: justify;\"><span style=\"font-size: 14pt; font-family: helvetica, arial, sans-serif;\">Adem\u00e1s, estuvo acompa\u00f1ado por el gerente regional Erick Vera y los jefes de divisi\u00f3n de Talento Humano, Infraestructura, Juventud Productiva, Encadenamiento Productivo y Seguridad de la entidad regional.\u00a0<\/span><\/div>\n<div dir=\"auto\"><\/div>\n<div dir=\"auto\"><img loading=\"lazy\" decoding=\"async\" class=\"aligncenter wp-image-53115 size-full\" src=\"https:\/\/inces.gob.ve\/wp-content\/uploads\/2023\/08\/IMG_20230802_004729_285.webp\" alt=\"\" width=\"1000\" height=\"750\" srcset=\"https:\/\/inces.gob.ve\/wp-content\/uploads\/2023\/08\/IMG_20230802_004729_285.webp 1000w, https:\/\/inces.gob.ve\/wp-content\/uploads\/2023\/08\/IMG_20230802_004729_285-300x225.webp 300w, https:\/\/inces.gob.ve\/wp-content\/uploads\/2023\/08\/IMG_20230802_004729_285-768x576.webp 768w, https:\/\/inces.gob.ve\/wp-content\/uploads\/2023\/08\/IMG_20230802_004729_285-136x102.webp 136w\" sizes=\"auto, (max-width: 1000px) 100vw, 1000px\" \/><\/div>\n<div dir=\"auto\" style=\"text-align: justify;\"><\/div>\n<div dir=\"auto\"><\/div>\n<div dir=\"auto\" style=\"text-align: justify;\"><span style=\"font-size: 14pt; font-family: helvetica, arial, sans-serif;\">En el programa se hizo menci\u00f3n a la creaci\u00f3n del Inces bajo la tutela del maestro Luis Beltr\u00e1n Prieto Figueroa, la misi\u00f3n y visi\u00f3n, como es una instituci\u00f3n baluarte de la formaci\u00f3n t\u00e9cnica y qiue en este mes celebrar\u00e1\u00a0 64 a\u00f1os ense\u00f1ando la t\u00e9cnica.<\/span><\/div>\n<div dir=\"auto\"><\/div>\n<div dir=\"auto\" style=\"text-align: justify;\"><\/div>\n<div dir=\"auto\" style=\"text-align: justify;\"><span style=\"font-size: 14pt; font-family: helvetica, arial, sans-serif;\">Tambi\u00e9n se trataron diferentes temas como las diversas opciones formativas y programas que ofrece el Inces, entre ellos la inscripci\u00f3n de Bachillerato Productivo, el Programa Nacional de Aprendizaje y las formaciones virtuales y presenciales.<\/span><\/div>\n<div dir=\"auto\"><\/div>\n<div dir=\"auto\" style=\"text-align: justify;\"><\/div>\n<div dir=\"auto\" style=\"text-align: justify;\"><span style=\"font-size: 14pt; font-family: helvetica, arial, sans-serif;\">En el segmento de la inauguraci\u00f3n se recibi\u00f3 la llamada telef\u00f3nica del director estrategico de formaci\u00f3n y autoformaci\u00f3n Jorge P\u00e9rez: \u00abFelicito a todo el equipo de Miranda, a los aprendices y a los maestros t\u00e9cnicos que d\u00eda a dia dan el todo por todo para llevar la formaci\u00f3n t\u00e9cnica profesional y que motivan nuestros j\u00f3venes, a esa poblaci\u00f3n a impulsar los motores de la econom\u00eda venezolana, que ha sido la instrucci\u00f3n del presidente Nicol\u00e1s Maduro y el esfuerzo que lleva el presidente Wuikelman \u00c1ngel Paredes, y que est\u00e1 primera edici\u00f3n nos llena de esperanza, compromiso y esfuerzo\u00bb destac\u00f3 P\u00e9rez.<\/span><\/div>\n<div dir=\"auto\"><\/div>\n<div dir=\"auto\" style=\"text-align: justify;\"><\/div>\n<div dir=\"auto\" style=\"text-align: justify;\"><span style=\"font-size: 14pt; font-family: helvetica, arial, sans-serif;\">Tambi\u00e9n se recibi\u00f3 una llamada telef\u00f3nica de la gerente general de Comunicaci\u00f3n y Relaciones Institucionales, Jessica Lugo, quen expres\u00f3 \u00abLas actividades del mes aniversario comienzan esta semana con propuestas formativas y educativas para todo el p\u00fablico. Este viernes 4 de agosto se realizar\u00e1 un simposio, deominado los retos de la inteligencia artificial ante la educaci\u00f3n y la formaci\u00f3n t\u00e9cnica profesional, donde contaremos con un panel de profesores de universidades del pa\u00eds, que compartir\u00e1n con nosotros las experiencias, las recomendaciones el peligro y la ventajas de esta nueva herramienta para el uso educativo en sus dimensiones; adem\u00e1s la siguiente semana se realizar\u00e1, un ejercicio reflexivo sobre la comunicaci\u00f3n social en la actualdiad, para todo el p\u00fablico interesado en el tema de la prensa. La tercera semana, en alianza con la Universidad Fruto Vivas, haremos un Encuentro de producci\u00f3n Sustentable y el 23 de agosto se realizar\u00e1 un conversatorio sobre formaci\u00f3n du<\/span><span style=\"font-family: helvetica, arial, sans-serif; font-size: 14pt;\">al y la experiencia europea y nuestras alianzas con camaras internacionales\u00bb.<\/span><\/p>\n<div dir=\"auto\" style=\"text-align: justify;\"><\/div>\n<div dir=\"auto\" style=\"text-align: justify;\"><span style=\"font-size: 14pt; font-family: helvetica, arial, sans-serif;\">Clevis Jim\u00e9nez, coordinadora de Encadenamiento Productivo en Miranda, detall\u00f3 que en este aniversario el Inces tiene programadas diversas actividades. Se instalaran expoferias con productos elaborados en funci\u00f3nde curso, donde los participantes se van formando y van desarrollando su proyecto productivos.<\/span><\/div>\n<div dir=\"auto\" style=\"text-align: justify;\"><\/div>\n<div dir=\"auto\" style=\"text-align: justify;\"><span style=\"font-size: 14pt; font-family: helvetica, arial, sans-serif;\">El coordinador de Juventud Productiva regional, Adri\u00e1n Charaima, expres\u00f3 que los ejes transversales para la formaci\u00f3n es la juventud. \u00abEl inces ha ido contruyendo unidades curriculares con las solicitudes m\u00e1s demandadas y atractivas para la juventud y su la inserci\u00f3n laboral. Desde el Inces estamos impulsando que el pa\u00eds tenga j\u00f3venes profesionales calificados.<\/span><\/div>\n<div dir=\"auto\" style=\"text-align: justify;\"><\/div>\n<\/div>\n","protected":false},"excerpt":{"rendered":"<p>** Esta edici\u00f3n nos llena de esperanza, compromiso y esfuerzo por la poblaci\u00f3n mirandina<\/p>\n","protected":false},"author":4,"featured_media":53114,"comment_status":"closed","ping_status":"closed","sticky":false,"template":"","format":"standard","meta":{"footnotes":""},"categories":[2],"tags":[832,186],"class_list":["post-53113","post","type-post","status-publish","format-standard","has-post-thumbnail","hentry","category-blog","tag-64aniversario","tag-somosincesradio"],"_links":{"self":[{"href":"https:\/\/inces.gob.ve\/index.php\/wp-json\/wp\/v2\/posts\/53113","targetHints":{"allow":["GET"]}}],"collection":[{"href":"https:\/\/inces.gob.ve\/index.php\/wp-json\/wp\/v2\/posts"}],"about":[{"href":"https:\/\/inces.gob.ve\/index.php\/wp-json\/wp\/v2\/types\/post"}],"author":[{"embeddable":true,"href":"https:\/\/inces.gob.ve\/index.php\/wp-json\/wp\/v2\/users\/4"}],"replies":[{"embeddable":true,"href":"https:\/\/inces.gob.ve\/index.php\/wp-json\/wp\/v2\/comments?post=53113"}],"version-history":[{"count":1,"href":"https:\/\/inces.gob.ve\/index.php\/wp-json\/wp\/v2\/posts\/53113\/revisions"}],"predecessor-version":[{"id":53116,"href":"https:\/\/inces.gob.ve\/index.php\/wp-json\/wp\/v2\/posts\/53113\/revisions\/53116"}],"wp:featuredmedia":[{"embeddable":true,"href":"https:\/\/inces.gob.ve\/index.php\/wp-json\/wp\/v2\/media\/53114"}],"wp:attachment":[{"href":"https:\/\/inces.gob.ve\/index.php\/wp-json\/wp\/v2\/media?parent=53113"}],"wp:term":[{"taxonomy":"category","embeddable":true,"href":"https:\/\/inces.gob.ve\/index.php\/wp-json\/wp\/v2\/categories?post=53113"},{"taxonomy":"post_tag","embeddable":true,"href":"https:\/\/inces.gob.ve\/index.php\/wp-json\/wp\/v2\/tags?post=53113"}],"curies":[{"name":"wp","href":"https:\/\/api.w.org\/{rel}","templated":true}]}}