{"id":53132,"date":"2023-08-03T17:34:02","date_gmt":"2023-08-03T21:34:02","guid":{"rendered":"https:\/\/inces.gob.ve\/?p=53132"},"modified":"2023-08-03T17:34:02","modified_gmt":"2023-08-03T21:34:02","slug":"juventud-invita-a-los-caraquenos-a-unirse-a-la-formacion-que-ofrece-el-inces","status":"publish","type":"post","link":"https:\/\/inces.gob.ve\/index.php\/2023\/08\/03\/juventud-invita-a-los-caraquenos-a-unirse-a-la-formacion-que-ofrece-el-inces\/","title":{"rendered":"Juventud invita a los caraque\u00f1os a unirse a la formaci\u00f3n que ofrece el Inces"},"content":{"rendered":"<p style=\"text-align: justify;\"><span style=\"font-size: 14pt; font-family: helvetica, arial, sans-serif;\"><b><i>**Un ser sin estudio, es un ser incompleto, <\/i><\/b><b><i>Sim\u00f3n Bol\u00edvar\u00a0\u00a0<\/i><\/b><\/span><!--more--><\/p>\n<p style=\"text-align: justify;\">\n<p style=\"text-align: justify;\"><span style=\"font-size: 14pt; font-family: helvetica, arial, sans-serif;\"><b><i>DIMAS P\u00c1EZ<\/i><\/b><\/span><\/p>\n<p style=\"text-align: justify;\">\n<p style=\"text-align: justify;\"><span style=\"font-size: 14pt; font-family: helvetica, arial, sans-serif;\"><b><i>F\/Rafael Urbina<\/i><\/b><\/span><\/p>\n<p style=\"text-align: justify;\">\n<p style=\"text-align: justify;\"><span style=\"font-weight: 400; font-size: 14pt; font-family: helvetica, arial, sans-serif;\">Los participantes del Programa Nacional de Aprendices (PNA)\u00a0 del Instituto Nacional de Capacitaci\u00f3n y Educaci\u00f3n Socialista\u00a0 (Inces) tomaron los sem\u00e1foros de las inmediaciones de la Plaza Venezuela para invitar a la poblaci\u00f3n caraque\u00f1a a informarse de las formaciones productivas que les ofrece el ente.<\/span><\/p>\n<p style=\"text-align: justify;\">\n<p style=\"text-align: justify;\"><span style=\"font-weight: 400; font-size: 14pt; font-family: helvetica, arial, sans-serif;\">La Coordinaci\u00f3n Nacional Juventud Productiva Inces, bajo la responsabilidad de Eduardo Salazar, junto a\u00a0 los aprendices fueron los voceros que dieron la informaci\u00f3n de la malla curricular que ofrece la instituci\u00f3n al pueblo venezolano.\u00a0<\/span><\/p>\n<p>&nbsp;<\/p>\n<p style=\"text-align: justify;\"><img loading=\"lazy\" decoding=\"async\" class=\"aligncenter wp-image-53133 size-large\" src=\"https:\/\/inces.gob.ve\/wp-content\/uploads\/2023\/08\/DSC_3705-1024x685.jpg\" alt=\"\" width=\"640\" height=\"428\" srcset=\"https:\/\/inces.gob.ve\/wp-content\/uploads\/2023\/08\/DSC_3705-1024x685.jpg 1024w, https:\/\/inces.gob.ve\/wp-content\/uploads\/2023\/08\/DSC_3705-300x201.jpg 300w, https:\/\/inces.gob.ve\/wp-content\/uploads\/2023\/08\/DSC_3705-768x514.jpg 768w, https:\/\/inces.gob.ve\/wp-content\/uploads\/2023\/08\/DSC_3705-1536x1028.jpg 1536w, https:\/\/inces.gob.ve\/wp-content\/uploads\/2023\/08\/DSC_3705-2048x1371.jpg 2048w, https:\/\/inces.gob.ve\/wp-content\/uploads\/2023\/08\/DSC_3705-272x182.jpg 272w\" sizes=\"auto, (max-width: 640px) 100vw, 640px\" \/><\/p>\n<p>&nbsp;<\/p>\n<p style=\"text-align: justify;\"><span style=\"font-weight: 400; font-size: 14pt; font-family: helvetica, arial, sans-serif;\">Una habitante de la parroquia el Recreo, Ada Cabello de Vera relat\u00f3 su testimonio en referencia a su experiencia en las instalaciones del Inces: \u201c Yo fui formada en el Inces en el a\u00f1o 1996, en los cursos de Contabilidad General, Higiene y Seguridad, Presupuesto y Recursos Humanos. Yo trabajaba en el Instituto Venezolano de los Seguros Sociales (IVSS) y como trabajadora me mandaron a realizar varios cursos en el instituto, estas formaciones me ayudaron a tener cada vez mayor responsabilidad dentro del IVSS. Mi hija al crecer tambi\u00e9n fue formada en el Inces y ahora mi nieto est\u00e1 siendo formado en la instituci\u00f3n, fueron tres generaciones que han participado\u00a0<\/span><\/p>\n<p style=\"text-align: justify;\"><img loading=\"lazy\" decoding=\"async\" class=\"aligncenter wp-image-53135 size-large\" src=\"https:\/\/inces.gob.ve\/wp-content\/uploads\/2023\/08\/DSC_3683-1024x685.jpg\" alt=\"\" width=\"640\" height=\"428\" srcset=\"https:\/\/inces.gob.ve\/wp-content\/uploads\/2023\/08\/DSC_3683-1024x685.jpg 1024w, https:\/\/inces.gob.ve\/wp-content\/uploads\/2023\/08\/DSC_3683-300x201.jpg 300w, https:\/\/inces.gob.ve\/wp-content\/uploads\/2023\/08\/DSC_3683-768x514.jpg 768w, https:\/\/inces.gob.ve\/wp-content\/uploads\/2023\/08\/DSC_3683-1536x1028.jpg 1536w, https:\/\/inces.gob.ve\/wp-content\/uploads\/2023\/08\/DSC_3683-2048x1371.jpg 2048w, https:\/\/inces.gob.ve\/wp-content\/uploads\/2023\/08\/DSC_3683-272x182.jpg 272w\" sizes=\"auto, (max-width: 640px) 100vw, 640px\" \/><\/p>\n<p>&nbsp;<\/p>\n<p style=\"text-align: justify;\"><span style=\"font-weight: 400; font-size: 14pt; font-family: helvetica, arial, sans-serif;\">Los participantes en la toma de los sem\u00e1foros tambi\u00e9n hicieron una invitaci\u00f3n a toda la poblaci\u00f3n de Caracas, para que se animen a inscribirse en el Inces y de esta manera obtener una formaci\u00f3n productiva, o acercarse a la Escuela de Emprendedores del Inces, donde hay una variedad de formaciones creadas para ellos.<\/span><\/p>\n<p>&nbsp;<\/p>\n<p><img loading=\"lazy\" decoding=\"async\" class=\"aligncenter wp-image-53134 size-large\" src=\"https:\/\/inces.gob.ve\/wp-content\/uploads\/2023\/08\/DSC_3703-1024x685.jpg\" alt=\"\" width=\"640\" height=\"428\" srcset=\"https:\/\/inces.gob.ve\/wp-content\/uploads\/2023\/08\/DSC_3703-1024x685.jpg 1024w, https:\/\/inces.gob.ve\/wp-content\/uploads\/2023\/08\/DSC_3703-300x201.jpg 300w, https:\/\/inces.gob.ve\/wp-content\/uploads\/2023\/08\/DSC_3703-768x514.jpg 768w, https:\/\/inces.gob.ve\/wp-content\/uploads\/2023\/08\/DSC_3703-1536x1028.jpg 1536w, https:\/\/inces.gob.ve\/wp-content\/uploads\/2023\/08\/DSC_3703-2048x1371.jpg 2048w, https:\/\/inces.gob.ve\/wp-content\/uploads\/2023\/08\/DSC_3703-272x182.jpg 272w\" sizes=\"auto, (max-width: 640px) 100vw, 640px\" \/><\/p>\n","protected":false},"excerpt":{"rendered":"<p>**Un ser sin estudio, es un ser incompleto, Sim\u00f3n Bol\u00edvar\u00a0\u00a0<\/p>\n","protected":false},"author":4,"featured_media":53136,"comment_status":"closed","ping_status":"closed","sticky":false,"template":"","format":"standard","meta":{"footnotes":""},"categories":[2],"tags":[],"class_list":["post-53132","post","type-post","status-publish","format-standard","has-post-thumbnail","hentry","category-blog"],"_links":{"self":[{"href":"https:\/\/inces.gob.ve\/index.php\/wp-json\/wp\/v2\/posts\/53132","targetHints":{"allow":["GET"]}}],"collection":[{"href":"https:\/\/inces.gob.ve\/index.php\/wp-json\/wp\/v2\/posts"}],"about":[{"href":"https:\/\/inces.gob.ve\/index.php\/wp-json\/wp\/v2\/types\/post"}],"author":[{"embeddable":true,"href":"https:\/\/inces.gob.ve\/index.php\/wp-json\/wp\/v2\/users\/4"}],"replies":[{"embeddable":true,"href":"https:\/\/inces.gob.ve\/index.php\/wp-json\/wp\/v2\/comments?post=53132"}],"version-history":[{"count":1,"href":"https:\/\/inces.gob.ve\/index.php\/wp-json\/wp\/v2\/posts\/53132\/revisions"}],"predecessor-version":[{"id":53138,"href":"https:\/\/inces.gob.ve\/index.php\/wp-json\/wp\/v2\/posts\/53132\/revisions\/53138"}],"wp:featuredmedia":[{"embeddable":true,"href":"https:\/\/inces.gob.ve\/index.php\/wp-json\/wp\/v2\/media\/53136"}],"wp:attachment":[{"href":"https:\/\/inces.gob.ve\/index.php\/wp-json\/wp\/v2\/media?parent=53132"}],"wp:term":[{"taxonomy":"category","embeddable":true,"href":"https:\/\/inces.gob.ve\/index.php\/wp-json\/wp\/v2\/categories?post=53132"},{"taxonomy":"post_tag","embeddable":true,"href":"https:\/\/inces.gob.ve\/index.php\/wp-json\/wp\/v2\/tags?post=53132"}],"curies":[{"name":"wp","href":"https:\/\/api.w.org\/{rel}","templated":true}]}}