{"id":53202,"date":"2023-08-07T13:56:09","date_gmt":"2023-08-07T17:56:09","guid":{"rendered":"https:\/\/inces.gob.ve\/?p=53202"},"modified":"2023-08-07T13:57:36","modified_gmt":"2023-08-07T17:57:36","slug":"falcon-inces-llego-a-los-municipios-silva-y-monsenor-iturriza-con-plan-formativo","status":"publish","type":"post","link":"https:\/\/inces.gob.ve\/index.php\/2023\/08\/07\/falcon-inces-llego-a-los-municipios-silva-y-monsenor-iturriza-con-plan-formativo\/","title":{"rendered":"FALC\u00d3N | Inces lleg\u00f3 a los municipios Silva y Monse\u00f1or Iturriza con\u00a0Plan Formativo"},"content":{"rendered":"<p style=\"text-align: justify;\" align=\"center\"><em><strong><span style=\"font-family: helvetica, arial, sans-serif; font-size: 14pt;\">**Con la finalidad de incentivar\u00a0la participaci\u00f3n de los prestadores de servicios, entidades de trabajo y de las comunidades organizadas en el desarrollo del turismo en la Costa Oriental del estado Falc\u00f3n<\/span><\/strong><\/em><!--more--><\/p>\n<p align=\"justify\">\n<p style=\"text-align: justify;\" align=\"justify\"><span style=\"font-family: helvetica, arial, sans-serif; font-size: 14pt;\"><b>MIRIAM GONZ\u00c1LEZ VILLARROEL<\/b>.<\/span><\/p>\n<p style=\"text-align: justify;\" align=\"justify\"><span style=\"font-family: helvetica, arial, sans-serif; font-size: 14pt;\">El Instituto Nacional de Capacitaci\u00f3n y Educaci\u00f3n Socialista (Inces) en el estado Falc\u00f3n dando respuesta a encuentros previos con representantes de las Alcald\u00edas de los municipios Jos\u00e9 Laurencio Silva, y Monse\u00f1or Iturriza, de la Juventud del Partido Socialista Unido de Venezuela (Jpsuv), entidades de trabajo, prestadores de servicios y la comunidad en general, dio inici\u00f3 a un Plan Formativo con la finalidad de fortalecer e impulsar el desarrollo de la actividad tur\u00edstica en esas entidades falconianas<\/span><\/p>\n<p align=\"justify\">\n<p style=\"text-align: justify;\" align=\"justify\"><span style=\"font-family: helvetica, arial, sans-serif; font-size: 14pt;\">Precis\u00f3 Eneyda Mart\u00ednez Rodr\u00edguez, Gerente Regional del Inces en Falc\u00f3n, fue muy exitoso el primer abordaje formativo, que se realiz\u00f3 simult\u00e1neamente en Tucacas y Chichiriviche, para lo cual se cont\u00f3 con el talento t\u00e9cnico de los maestros: Eliodoro G\u00f3mez, Luis Ugaz, Sinai S\u00e1nchez y Olga Noguera; \u00abse lograron los objetivos, fue una semana de aprendizajes significativos, que se logr\u00f3 gracias a un excelente equipo de trabajo, el cual a pesar de los inconvenientes, dieron lo mejor de cada uno para garantizar el \u00e9xito\u00bb.<\/span><\/p>\n<p align=\"justify\">\n<p align=\"justify\"><img loading=\"lazy\" decoding=\"async\" class=\"aligncenter wp-image-53204 size-full\" src=\"https:\/\/inces.gob.ve\/wp-content\/uploads\/2023\/08\/Tucacas-y-Chichiriviche-9.jpg\" alt=\"\" width=\"800\" height=\"446\" srcset=\"https:\/\/inces.gob.ve\/wp-content\/uploads\/2023\/08\/Tucacas-y-Chichiriviche-9.jpg 800w, https:\/\/inces.gob.ve\/wp-content\/uploads\/2023\/08\/Tucacas-y-Chichiriviche-9-300x167.jpg 300w, https:\/\/inces.gob.ve\/wp-content\/uploads\/2023\/08\/Tucacas-y-Chichiriviche-9-768x428.jpg 768w\" sizes=\"auto, (max-width: 800px) 100vw, 800px\" \/><\/p>\n<p align=\"justify\">\n<p style=\"text-align: justify;\" align=\"justify\"><span style=\"font-family: helvetica, arial, sans-serif; font-size: 14pt;\">\u201cEl pueblo, qued\u00f3 \u00e1vido de m\u00e1s atenci\u00f3n, se dio inicio a un plan de formaci\u00f3n, desarroll\u00e1ndose la primera unidad curricular que tiene que ver con el desarrollo humano\u201d. Resalt\u00f3 Mart\u00ednez, los participantes de \u00e9ste primer momento quedaron muy preparados y dispuestos a continuar con las otras unidades curriculares que complementan la formaci\u00f3n profesional, las cuales se dar\u00e1n en un t\u00e9rmino de 3 meses.<\/span><\/p>\n<p align=\"justify\">\n<p style=\"text-align: justify;\" align=\"justify\"><img loading=\"lazy\" decoding=\"async\" class=\"aligncenter wp-image-53205 size-full\" src=\"https:\/\/inces.gob.ve\/wp-content\/uploads\/2023\/08\/Tucacas-y-Chichiriviche-4.jpg\" alt=\"\" width=\"800\" height=\"462\" srcset=\"https:\/\/inces.gob.ve\/wp-content\/uploads\/2023\/08\/Tucacas-y-Chichiriviche-4.jpg 800w, https:\/\/inces.gob.ve\/wp-content\/uploads\/2023\/08\/Tucacas-y-Chichiriviche-4-300x173.jpg 300w, https:\/\/inces.gob.ve\/wp-content\/uploads\/2023\/08\/Tucacas-y-Chichiriviche-4-768x444.jpg 768w\" sizes=\"auto, (max-width: 800px) 100vw, 800px\" \/><\/p>\n<p align=\"justify\">\n<p style=\"text-align: justify;\" align=\"justify\"><span style=\"font-family: helvetica, arial, sans-serif; font-size: 14pt;\">\u00abEs una transformaci\u00f3n significativa en el \u00e1rea cultural, en el \u00e1rea tur\u00edstica y sobre todo en la parte de de atenci\u00f3n y mejora de la calidad de atenci\u00f3n a los turistas, lo cual conlleva a brindar mejores servicios y atenci\u00f3n\u00bb, puntualiz\u00f3 Mart\u00ednez.<\/span><\/p>\n","protected":false},"excerpt":{"rendered":"<p>**Con la finalidad de incentivar\u00a0la participaci\u00f3n de los prestadores de servicios, entidades de trabajo y de las comunidades organizadas en el desarrollo del turismo en la Costa Oriental del estado Falc\u00f3n<\/p>\n","protected":false},"author":4,"featured_media":53203,"comment_status":"closed","ping_status":"closed","sticky":false,"template":"","format":"standard","meta":{"footnotes":""},"categories":[2],"tags":[],"class_list":["post-53202","post","type-post","status-publish","format-standard","has-post-thumbnail","hentry","category-blog"],"_links":{"self":[{"href":"https:\/\/inces.gob.ve\/index.php\/wp-json\/wp\/v2\/posts\/53202","targetHints":{"allow":["GET"]}}],"collection":[{"href":"https:\/\/inces.gob.ve\/index.php\/wp-json\/wp\/v2\/posts"}],"about":[{"href":"https:\/\/inces.gob.ve\/index.php\/wp-json\/wp\/v2\/types\/post"}],"author":[{"embeddable":true,"href":"https:\/\/inces.gob.ve\/index.php\/wp-json\/wp\/v2\/users\/4"}],"replies":[{"embeddable":true,"href":"https:\/\/inces.gob.ve\/index.php\/wp-json\/wp\/v2\/comments?post=53202"}],"version-history":[{"count":3,"href":"https:\/\/inces.gob.ve\/index.php\/wp-json\/wp\/v2\/posts\/53202\/revisions"}],"predecessor-version":[{"id":53208,"href":"https:\/\/inces.gob.ve\/index.php\/wp-json\/wp\/v2\/posts\/53202\/revisions\/53208"}],"wp:featuredmedia":[{"embeddable":true,"href":"https:\/\/inces.gob.ve\/index.php\/wp-json\/wp\/v2\/media\/53203"}],"wp:attachment":[{"href":"https:\/\/inces.gob.ve\/index.php\/wp-json\/wp\/v2\/media?parent=53202"}],"wp:term":[{"taxonomy":"category","embeddable":true,"href":"https:\/\/inces.gob.ve\/index.php\/wp-json\/wp\/v2\/categories?post=53202"},{"taxonomy":"post_tag","embeddable":true,"href":"https:\/\/inces.gob.ve\/index.php\/wp-json\/wp\/v2\/tags?post=53202"}],"curies":[{"name":"wp","href":"https:\/\/api.w.org\/{rel}","templated":true}]}}