{"id":53223,"date":"2023-08-07T16:02:19","date_gmt":"2023-08-07T20:02:19","guid":{"rendered":"https:\/\/inces.gob.ve\/?p=53223"},"modified":"2023-08-08T08:07:39","modified_gmt":"2023-08-08T12:07:39","slug":"cafe-en-la-manana-fue-ventana-informativa-para-las-actividades-del-64-aniversario-del-inces","status":"publish","type":"post","link":"https:\/\/inces.gob.ve\/index.php\/2023\/08\/07\/cafe-en-la-manana-fue-ventana-informativa-para-las-actividades-del-64-aniversario-del-inces\/","title":{"rendered":"Caf\u00e9 en la ma\u00f1ana fue ventana informativa para las actividades del 64 aniversario del Inces"},"content":{"rendered":"<p style=\"text-align: justify;\" align=\"center\"><span style=\"font-family: helvetica, arial, sans-serif; font-size: 14pt;\"><i>** Se anunci\u00f3 un despliegue institucional para celebrar el 64 aniversario con eventos organizados para los j\u00f3venes, los trabajadores, empresas p\u00fablicas y privadas y p\u00fablico en general<\/i><\/span><!--more--><\/p>\n<p align=\"center\">\n<p style=\"text-align: justify;\" align=\"justify\"><span style=\"font-family: helvetica, arial, sans-serif; font-size: 14pt;\">El\u00a0<b>director de\u00a0<\/b><b>I<\/b><b>nvestigaci\u00f3n y\u00a0<\/b><b>D<\/b><b>esarrollo del Inces<\/b>,\u00a0<b>Guyen Soto,<\/b>\u00a0estuvo en el programa\u00a0<i><b>Caf\u00e9 en la ma\u00f1ana<\/b><\/i>\u00a0de\u00a0<b>Venezolana de Televisi\u00f3n<\/b>\u00a0en\u00a0un interesante di\u00e1logo con el periodista\u00a0<b>Michel Caballero<\/b>\u00a0donde hizo anuncios importantes\u00a0sobre\u00a0la programaci\u00f3n del\u00a0mes aniversario de la instituci\u00f3n\u00a0que\u00a0para\u00a0este jueves\u00a010 de agosto\u00a0tiene\u00a0previsto la realizaci\u00f3n de\u00a0un\u00a0foro-taller\u00a0sobre\u00a0los retos del periodismo en la era digital.<\/span><\/p>\n<p align=\"justify\">\n<p align=\"justify\"><img loading=\"lazy\" decoding=\"async\" class=\"aligncenter wp-image-53226 size-full\" src=\"https:\/\/inces.gob.ve\/wp-content\/uploads\/2023\/08\/WhatsApp-Image-2023-08-08-at-8.04.47-AM.jpeg\" alt=\"\" width=\"915\" height=\"518\" srcset=\"https:\/\/inces.gob.ve\/wp-content\/uploads\/2023\/08\/WhatsApp-Image-2023-08-08-at-8.04.47-AM.jpeg 915w, https:\/\/inces.gob.ve\/wp-content\/uploads\/2023\/08\/WhatsApp-Image-2023-08-08-at-8.04.47-AM-300x170.jpeg 300w, https:\/\/inces.gob.ve\/wp-content\/uploads\/2023\/08\/WhatsApp-Image-2023-08-08-at-8.04.47-AM-768x435.jpeg 768w\" sizes=\"auto, (max-width: 915px) 100vw, 915px\" \/><\/p>\n<p align=\"justify\">\n<p style=\"text-align: justify;\" align=\"justify\"><span style=\"font-family: helvetica, arial, sans-serif; font-size: 14pt;\">Muchas fueron las preguntas formuladas por el periodista\u00a0al director del Inces quien aprovech\u00f3 la oportunidad para\u00a0informar sobre\u00a0las\u00a0actividades que han sido organizadas\u00a0en ocasi\u00f3n del\u00a064 aniversario de la fundaci\u00f3n de esta casa formativa creada por la visi\u00f3n educativa e inclusiva del maestro Luis Beltr\u00e1n Prieto Figueroa.<\/span><\/p>\n<p align=\"justify\">\n<p style=\"text-align: justify;\" align=\"justify\"><span style=\"font-family: helvetica, arial, sans-serif; font-size: 14pt;\">Guyen\u00a0Soto\u00a0coment\u00f3\u00a0que para el foro-taller\u00a0sobre\u00a0tecnolog\u00edas digitales\u00a0en el periodismo,\u00a0organizado para periodistas y comunicadores en general, est\u00e1n invitados Julio Riob\u00f3, actual vicepresidente de Venezolana de Televisi\u00f3n y Alejandro Silva Villamizar, presidente de YVKE Mundial.<\/span><\/p>\n<p align=\"justify\">\n<p style=\"text-align: justify;\" align=\"justify\"><span style=\"font-family: helvetica, arial, sans-serif; font-size: 14pt;\">Al respecto, Guyen\u00a0agreg\u00f3\u00a0que\u00a0en la era de las redes sociales y la inteligencia artificial\u00a0es responsabilidad del Inces\u00a0ampliar los contenidos y las ofertas formativas que impliquen estar a nivel al desarrollo de la\u00a0revoluci\u00f3n tecnol\u00f3gica.<\/span><\/p>\n<p align=\"justify\"><img loading=\"lazy\" decoding=\"async\" class=\"aligncenter wp-image-53225 size-full\" src=\"https:\/\/inces.gob.ve\/wp-content\/uploads\/2023\/08\/WhatsApp-Image-2023-08-08-at-8.04.23-AM.jpeg\" alt=\"\" width=\"927\" height=\"526\" srcset=\"https:\/\/inces.gob.ve\/wp-content\/uploads\/2023\/08\/WhatsApp-Image-2023-08-08-at-8.04.23-AM.jpeg 927w, https:\/\/inces.gob.ve\/wp-content\/uploads\/2023\/08\/WhatsApp-Image-2023-08-08-at-8.04.23-AM-300x170.jpeg 300w, https:\/\/inces.gob.ve\/wp-content\/uploads\/2023\/08\/WhatsApp-Image-2023-08-08-at-8.04.23-AM-768x436.jpeg 768w\" sizes=\"auto, (max-width: 927px) 100vw, 927px\" \/><\/p>\n<p align=\"justify\">\n<p style=\"text-align: justify;\" align=\"justify\"><span style=\"font-family: helvetica, arial, sans-serif; font-size: 14pt;\">Ante una pregunta sobre cu\u00e1ntos centros dispone la instituci\u00f3n en el pa\u00eds, Guyen respondi\u00f3 que \u00e9sta tiene a disposici\u00f3n de los venezolanos 147 centros formativos,\u00a0m\u00e1s de 200 talleres, unos 100 laboratorios, \u201cespacios\u00a0suficientes para abordar la formaci\u00f3n t\u00e9cnica-profesional\u201d,\u00a0a\u00f1adiendo\u00a0\u201cque no solo el Inces son estructuras f\u00edsicas, tambi\u00e9n la instituci\u00f3n\u00a0se traslada\u00a0a los centros penitenciarios, a los recintos militares, a las bases de misiones, a las comunas,\u00a0a las empresas, etc\u201d.<\/span><\/p>\n<p align=\"justify\">\n<p style=\"text-align: justify;\" align=\"justify\"><span style=\"font-family: helvetica, arial, sans-serif; font-size: 14pt;\">\u201cM\u00e1s all\u00e1 de las fronteras del\u00a0Inces, trabajamos en ocho \u00e1mbitos formativos articulados en\u00a0los\u00a0dieciocho motores productivos\u00a0para el desarrollo econ\u00f3mico de la naci\u00f3n\u00a0como son, el sector emprendimiento,\u00a0el sector\u00a0industria,\u00a0la\u00a0construcci\u00f3n,\u00a0la petroqu\u00edmica, el agroalimentario, entre otros\u201d.<\/span><\/p>\n<p align=\"justify\">\n<p style=\"text-align: justify;\" align=\"justify\"><span style=\"font-family: helvetica, arial, sans-serif; font-size: 14pt;\">Est\u00e1 programada una actividad\u00a0con las c\u00e1maras empresariales\u00a0del pa\u00eds\u00a0\u2013para el 23 de agosto- para conversar sobre\u00a0formaci\u00f3n dual;\u00a0es decir, una formaci\u00f3n que se desarrolla paralela entre los centros de formaci\u00f3n y las f\u00e1bricas. \u201cSe trata de\u00a0un modelo alem\u00e1n que tiene m\u00e1s de ciento cincuenta a\u00f1os de desarrollo y que combina la capacitaci\u00f3n te\u00f3rica con el aprendizaje t\u00e9cnico en el \u00e1rea de trabajo.<\/span><\/p>\n<p align=\"justify\">\n<p style=\"text-align: justify;\" align=\"justify\"><span style=\"font-family: helvetica, arial, sans-serif; font-size: 14pt;\">Para esta actividad, el\u00a0Director de\u00a0Desarrollo del Inces\u00a0se\u00f1al\u00f3\u00a0que que la Instituci\u00f3n est\u00e1\u00a0en articulaci\u00f3n\u00a0con la C\u00e1mara Venezolana Alemana de Industria y Comercio\u00a0para desarrollar este m\u00e9todo de formaci\u00f3n en el pa\u00eds.<\/span><\/p>\n<p align=\"justify\">\n<p style=\"text-align: justify;\" align=\"justify\"><span style=\"font-family: helvetica, arial, sans-serif; font-size: 14pt;\">El directivo asegur\u00f3 que toda la Instituci\u00f3n est\u00e1 desplegada para la celebraci\u00f3n del 64 aniversario con eventos organizados para los trabajadores, los aprendices, las empresas p\u00fablicas y privadas y para el p\u00fablico en general.<\/span><\/p>\n","protected":false},"excerpt":{"rendered":"<p>** Se anunci\u00f3 un despliegue institucional para celebrar el 64 aniversario con eventos organizados para los j\u00f3venes, los trabajadores, empresas p\u00fablicas y privadas y p\u00fablico en general<\/p>\n","protected":false},"author":4,"featured_media":53224,"comment_status":"closed","ping_status":"closed","sticky":false,"template":"","format":"standard","meta":{"footnotes":""},"categories":[2],"tags":[],"class_list":["post-53223","post","type-post","status-publish","format-standard","has-post-thumbnail","hentry","category-blog"],"_links":{"self":[{"href":"https:\/\/inces.gob.ve\/index.php\/wp-json\/wp\/v2\/posts\/53223","targetHints":{"allow":["GET"]}}],"collection":[{"href":"https:\/\/inces.gob.ve\/index.php\/wp-json\/wp\/v2\/posts"}],"about":[{"href":"https:\/\/inces.gob.ve\/index.php\/wp-json\/wp\/v2\/types\/post"}],"author":[{"embeddable":true,"href":"https:\/\/inces.gob.ve\/index.php\/wp-json\/wp\/v2\/users\/4"}],"replies":[{"embeddable":true,"href":"https:\/\/inces.gob.ve\/index.php\/wp-json\/wp\/v2\/comments?post=53223"}],"version-history":[{"count":1,"href":"https:\/\/inces.gob.ve\/index.php\/wp-json\/wp\/v2\/posts\/53223\/revisions"}],"predecessor-version":[{"id":53227,"href":"https:\/\/inces.gob.ve\/index.php\/wp-json\/wp\/v2\/posts\/53223\/revisions\/53227"}],"wp:featuredmedia":[{"embeddable":true,"href":"https:\/\/inces.gob.ve\/index.php\/wp-json\/wp\/v2\/media\/53224"}],"wp:attachment":[{"href":"https:\/\/inces.gob.ve\/index.php\/wp-json\/wp\/v2\/media?parent=53223"}],"wp:term":[{"taxonomy":"category","embeddable":true,"href":"https:\/\/inces.gob.ve\/index.php\/wp-json\/wp\/v2\/categories?post=53223"},{"taxonomy":"post_tag","embeddable":true,"href":"https:\/\/inces.gob.ve\/index.php\/wp-json\/wp\/v2\/tags?post=53223"}],"curies":[{"name":"wp","href":"https:\/\/api.w.org\/{rel}","templated":true}]}}