{"id":53229,"date":"2023-08-08T11:08:39","date_gmt":"2023-08-08T15:08:39","guid":{"rendered":"https:\/\/inces.gob.ve\/?p=53229"},"modified":"2023-08-08T11:10:56","modified_gmt":"2023-08-08T15:10:56","slug":"inces-rindio-homenaje-al-maestro-prieto-figueroa-ante-su-sepulcro","status":"publish","type":"post","link":"https:\/\/inces.gob.ve\/index.php\/2023\/08\/08\/inces-rindio-homenaje-al-maestro-prieto-figueroa-ante-su-sepulcro\/","title":{"rendered":"Inces rindi\u00f3 homenaje al maestro Prieto Figueroa ante su sepulcro"},"content":{"rendered":"<p align=\"justify\"><span style=\"font-size: 14pt; font-family: helvetica, arial, sans-serif;\"><i><b>**La educaci\u00f3n como funci\u00f3n del Estado, sin desmedro del principio de libertad de ense\u00f1anza. Luis Beltr\u00e1n Prieto Figueroa<\/b><\/i><\/span><!--more--><\/p>\n<p align=\"justify\"><span style=\"font-size: 14pt; font-family: helvetica, arial, sans-serif;\"><i><b>DIMAS P\u00c1EZ<\/b><\/i><\/span><\/p>\n<p align=\"justify\"><span style=\"font-size: 14pt; font-family: helvetica, arial, sans-serif;\"><i><b>F\/Luis Gonz\u00e1lez <\/b><\/i><\/span><\/p>\n<p align=\"justify\"><span style=\"font-family: helvetica, arial, sans-serif; font-size: 14pt;\">En la ma\u00f1ana del lunes 7 de agosto, como parte del 64 aniversario del Inces y marcando el inicio de la semana, se llev\u00f3 a cabo un conmovedor tributo al insigne maestro Luis Beltr\u00e1n Prieto Figueroa. En un emotivo acto ante su sepulcro situado en el Cementerio del Este, las autoridades de la instituci\u00f3n, bajo la direcci\u00f3n de Wuikelman \u00c1ngel Paredes, se unieron en este especial homenaje.<\/span><\/p>\n<p align=\"justify\"><img loading=\"lazy\" decoding=\"async\" class=\"aligncenter wp-image-53231 size-large\" src=\"https:\/\/inces.gob.ve\/wp-content\/uploads\/2023\/08\/MG_3768-1024x683.jpg\" alt=\"\" width=\"640\" height=\"427\" srcset=\"https:\/\/inces.gob.ve\/wp-content\/uploads\/2023\/08\/MG_3768-1024x683.jpg 1024w, https:\/\/inces.gob.ve\/wp-content\/uploads\/2023\/08\/MG_3768-300x200.jpg 300w, https:\/\/inces.gob.ve\/wp-content\/uploads\/2023\/08\/MG_3768-768x512.jpg 768w, https:\/\/inces.gob.ve\/wp-content\/uploads\/2023\/08\/MG_3768-1536x1024.jpg 1536w, https:\/\/inces.gob.ve\/wp-content\/uploads\/2023\/08\/MG_3768-2048x1365.jpg 2048w, https:\/\/inces.gob.ve\/wp-content\/uploads\/2023\/08\/MG_3768-272x182.jpg 272w\" sizes=\"auto, (max-width: 640px) 100vw, 640px\" \/><\/p>\n<p align=\"justify\"><span style=\"font-family: helvetica, arial, sans-serif; font-size: 14pt;\">Acompa\u00f1ando este solemne momento estuvo el diputado a la Asamblea Nacional y nieto del maestro, Gilberto Jim\u00e9nez; tambi\u00e9n estuvieron la secretaria del Movimiento Electoral del Pueblo (MEP) Benita de Finol, participantes del Programa Nacional de Aprendizaje (PNA) y personal del Inces, quienes se sumaron en un gesto respetuoso y sentido sentir hacia el maestro de los maestros.<\/span><\/p>\n<p align=\"justify\"><img loading=\"lazy\" decoding=\"async\" class=\"aligncenter wp-image-53236 size-large\" src=\"https:\/\/inces.gob.ve\/wp-content\/uploads\/2023\/08\/MG_3689-1024x683.jpg\" alt=\"\" width=\"640\" height=\"427\" srcset=\"https:\/\/inces.gob.ve\/wp-content\/uploads\/2023\/08\/MG_3689-1024x683.jpg 1024w, https:\/\/inces.gob.ve\/wp-content\/uploads\/2023\/08\/MG_3689-300x200.jpg 300w, https:\/\/inces.gob.ve\/wp-content\/uploads\/2023\/08\/MG_3689-768x512.jpg 768w, https:\/\/inces.gob.ve\/wp-content\/uploads\/2023\/08\/MG_3689-1536x1024.jpg 1536w, https:\/\/inces.gob.ve\/wp-content\/uploads\/2023\/08\/MG_3689-2048x1365.jpg 2048w, https:\/\/inces.gob.ve\/wp-content\/uploads\/2023\/08\/MG_3689-272x182.jpg 272w\" sizes=\"auto, (max-width: 640px) 100vw, 640px\" \/><\/p>\n<p align=\"justify\"><span style=\"font-family: helvetica, arial, sans-serif; font-size: 14pt;\">Durante la ceremonia, se realiz\u00f3 la lectura de dos de sus poemas, recitados por el aprendiz Carl Rivero: El Colibr\u00ed y Mandato ineludible.<\/span><\/p>\n<p align=\"justify\"><span style=\"font-family: helvetica, arial, sans-serif; font-size: 14pt;\">Durante su intervenci\u00f3n Wuikelman Angel se cuestion\u00f3 qu\u00e9 estaba pensando Luis Beltr\u00e1n cuando cre\u00f3 al Inces y si la instituci\u00f3n hoy cumple con esos ideales. Tambi\u00e9n reflexion\u00f3 sobre la necesidad de transformar el sistema educativo y preparar a la juventud para una mejor vida y para ser productivos y felices. \u201cHemos hecho intentos de transformaci\u00f3n curricular, pero a\u00fan queda mucho trabajo por hacer\u201d, dijo.<\/span><\/p>\n<p align=\"justify\"><img loading=\"lazy\" decoding=\"async\" class=\"aligncenter wp-image-53233 size-large\" src=\"https:\/\/inces.gob.ve\/wp-content\/uploads\/2023\/08\/MG_3728-1024x683.jpg\" alt=\"\" width=\"640\" height=\"427\" srcset=\"https:\/\/inces.gob.ve\/wp-content\/uploads\/2023\/08\/MG_3728-1024x683.jpg 1024w, https:\/\/inces.gob.ve\/wp-content\/uploads\/2023\/08\/MG_3728-300x200.jpg 300w, https:\/\/inces.gob.ve\/wp-content\/uploads\/2023\/08\/MG_3728-768x512.jpg 768w, https:\/\/inces.gob.ve\/wp-content\/uploads\/2023\/08\/MG_3728-1536x1024.jpg 1536w, https:\/\/inces.gob.ve\/wp-content\/uploads\/2023\/08\/MG_3728-2048x1365.jpg 2048w, https:\/\/inces.gob.ve\/wp-content\/uploads\/2023\/08\/MG_3728-272x182.jpg 272w\" sizes=\"auto, (max-width: 640px) 100vw, 640px\" \/><\/p>\n<p align=\"justify\"><span style=\"font-family: helvetica, arial, sans-serif; font-size: 14pt;\">As\u00ed mismo, agradeci\u00f3: \u201cAgradezco por la lealtad al pensamiento de Luis Beltr\u00e1n Prieto Figueroa y al Inces, invito a los j\u00f3venes a revisar las obras de Luis Beltr\u00e1n y se destaca su dedicaci\u00f3n a la educaci\u00f3n. Se cuestiona si el Inces tiene una estrategia para cuestionar al sistema educativo y se menciona la importancia de la formaci\u00f3n t\u00e9cnica y la actualizaci\u00f3n profesional\u201d.<\/span><\/p>\n<p align=\"justify\">\n<p align=\"justify\"><img loading=\"lazy\" decoding=\"async\" class=\"aligncenter wp-image-53232 size-large\" src=\"https:\/\/inces.gob.ve\/wp-content\/uploads\/2023\/08\/MG_3703-1024x683.jpg\" alt=\"\" width=\"640\" height=\"427\" srcset=\"https:\/\/inces.gob.ve\/wp-content\/uploads\/2023\/08\/MG_3703-1024x683.jpg 1024w, https:\/\/inces.gob.ve\/wp-content\/uploads\/2023\/08\/MG_3703-300x200.jpg 300w, https:\/\/inces.gob.ve\/wp-content\/uploads\/2023\/08\/MG_3703-768x512.jpg 768w, https:\/\/inces.gob.ve\/wp-content\/uploads\/2023\/08\/MG_3703-1536x1024.jpg 1536w, https:\/\/inces.gob.ve\/wp-content\/uploads\/2023\/08\/MG_3703-2048x1365.jpg 2048w, https:\/\/inces.gob.ve\/wp-content\/uploads\/2023\/08\/MG_3703-272x182.jpg 272w\" sizes=\"auto, (max-width: 640px) 100vw, 640px\" \/><\/p>\n<p align=\"justify\">\n<p align=\"justify\"><span style=\"font-family: helvetica, arial, sans-serif; font-size: 14pt;\">Agreg\u00f3 Angel: \u201cEl concepto de oficio ha sido superado en el Inces y ahora nos enfocamos en ocupaciones productivas y en la necesidad de la actualizaci\u00f3n profesional; el Inces ha logrado convertirse en una instituci\u00f3n reconocida, pero a\u00fan enfrenta el desaf\u00edo de adaptarse a los tiempos actuales y a las nuevas tecnolog\u00edas. Es importante revisar el curr\u00edculo y garantizar una educaci\u00f3n adaptada a los nuevos tiempos y a la evoluci\u00f3n de la inteligencia artificial\u201d.<\/span><\/p>\n<p align=\"justify\">\n<p align=\"justify\"><span style=\"font-family: helvetica, arial, sans-serif; font-size: 14pt;\">El nieto del ilustre maestro, Gilberto Jim\u00e9nez, cont\u00f3: \u201cLa familia Prieto Figueroa agradece profundamente al Inces y a Wuikelman Angel por este homenaje que se est\u00e1 realizando. Prieto no es ajeno a nuestra realidad cotidiana, as\u00ed que primero quiero agradecerles a ustedes por este tremendo gesto para un inmortal, una de esas personas que por legado vence la muerte. As\u00ed que much\u00edsimas gracias, en nombre de la familia Prieto\u201d.<\/span><\/p>\n<p align=\"justify\"><img loading=\"lazy\" decoding=\"async\" class=\"aligncenter wp-image-53234 size-large\" src=\"https:\/\/inces.gob.ve\/wp-content\/uploads\/2023\/08\/MG_3746-1024x683.jpg\" alt=\"\" width=\"640\" height=\"427\" srcset=\"https:\/\/inces.gob.ve\/wp-content\/uploads\/2023\/08\/MG_3746-1024x683.jpg 1024w, https:\/\/inces.gob.ve\/wp-content\/uploads\/2023\/08\/MG_3746-300x200.jpg 300w, https:\/\/inces.gob.ve\/wp-content\/uploads\/2023\/08\/MG_3746-768x512.jpg 768w, https:\/\/inces.gob.ve\/wp-content\/uploads\/2023\/08\/MG_3746-1536x1024.jpg 1536w, https:\/\/inces.gob.ve\/wp-content\/uploads\/2023\/08\/MG_3746-2048x1365.jpg 2048w, https:\/\/inces.gob.ve\/wp-content\/uploads\/2023\/08\/MG_3746-272x182.jpg 272w\" sizes=\"auto, (max-width: 640px) 100vw, 640px\" \/><\/p>\n<p align=\"justify\"><span style=\"font-family: helvetica, arial, sans-serif; font-size: 14pt;\">Gilberto Jimenez, mientras los presentes escuchaban atentos, comparti\u00f3 datos significativos de la vida y legado de este ilustre educador y pensador, recordando sus contribuciones a la sociedad y al mundo de la educaci\u00f3n y la Formaci\u00f3n T\u00e9cnica profesional.<\/span><\/p>\n<p align=\"justify\"><span style=\"font-family: helvetica, arial, sans-serif; font-size: 14pt;\">Ya para finalizar, el Parlamentario se refiri\u00f3 a la destacada importancia de los individuos en la construcci\u00f3n de una sociedad socialista, enfatizando la responsabilidad diaria de cada persona. Tambi\u00e9n expres\u00f3 su compromiso de promover una visi\u00f3n m\u00e1s humana y justa desde la instituci\u00f3n. Adem\u00e1s, mencion\u00f3 que se est\u00e1 trabajando en honrar a Prieto llevando sus restos al Pante\u00f3n Nacional.<\/span><\/p>\n<p align=\"justify\"><img loading=\"lazy\" decoding=\"async\" class=\"aligncenter wp-image-53232 size-large\" src=\"https:\/\/inces.gob.ve\/wp-content\/uploads\/2023\/08\/MG_3703-1024x683.jpg\" alt=\"\" width=\"640\" height=\"427\" srcset=\"https:\/\/inces.gob.ve\/wp-content\/uploads\/2023\/08\/MG_3703-1024x683.jpg 1024w, https:\/\/inces.gob.ve\/wp-content\/uploads\/2023\/08\/MG_3703-300x200.jpg 300w, https:\/\/inces.gob.ve\/wp-content\/uploads\/2023\/08\/MG_3703-768x512.jpg 768w, https:\/\/inces.gob.ve\/wp-content\/uploads\/2023\/08\/MG_3703-1536x1024.jpg 1536w, https:\/\/inces.gob.ve\/wp-content\/uploads\/2023\/08\/MG_3703-2048x1365.jpg 2048w, https:\/\/inces.gob.ve\/wp-content\/uploads\/2023\/08\/MG_3703-272x182.jpg 272w\" sizes=\"auto, (max-width: 640px) 100vw, 640px\" \/><img loading=\"lazy\" decoding=\"async\" class=\"alignnone size-medium wp-image-53236\" src=\"https:\/\/inces.gob.ve\/wp-content\/uploads\/2023\/08\/MG_3689-300x200.jpg\" alt=\"\" width=\"300\" height=\"200\" srcset=\"https:\/\/inces.gob.ve\/wp-content\/uploads\/2023\/08\/MG_3689-300x200.jpg 300w, https:\/\/inces.gob.ve\/wp-content\/uploads\/2023\/08\/MG_3689-1024x683.jpg 1024w, https:\/\/inces.gob.ve\/wp-content\/uploads\/2023\/08\/MG_3689-768x512.jpg 768w, https:\/\/inces.gob.ve\/wp-content\/uploads\/2023\/08\/MG_3689-1536x1024.jpg 1536w, https:\/\/inces.gob.ve\/wp-content\/uploads\/2023\/08\/MG_3689-2048x1365.jpg 2048w, https:\/\/inces.gob.ve\/wp-content\/uploads\/2023\/08\/MG_3689-272x182.jpg 272w\" sizes=\"auto, (max-width: 300px) 100vw, 300px\" \/><\/p>\n","protected":false},"excerpt":{"rendered":"<p>**La educaci\u00f3n como funci\u00f3n del Estado, sin desmedro del principio de libertad de ense\u00f1anza. Luis Beltr\u00e1n Prieto Figueroa<\/p>\n","protected":false},"author":4,"featured_media":53230,"comment_status":"closed","ping_status":"closed","sticky":false,"template":"","format":"standard","meta":{"footnotes":""},"categories":[2],"tags":[],"class_list":["post-53229","post","type-post","status-publish","format-standard","has-post-thumbnail","hentry","category-blog"],"_links":{"self":[{"href":"https:\/\/inces.gob.ve\/index.php\/wp-json\/wp\/v2\/posts\/53229","targetHints":{"allow":["GET"]}}],"collection":[{"href":"https:\/\/inces.gob.ve\/index.php\/wp-json\/wp\/v2\/posts"}],"about":[{"href":"https:\/\/inces.gob.ve\/index.php\/wp-json\/wp\/v2\/types\/post"}],"author":[{"embeddable":true,"href":"https:\/\/inces.gob.ve\/index.php\/wp-json\/wp\/v2\/users\/4"}],"replies":[{"embeddable":true,"href":"https:\/\/inces.gob.ve\/index.php\/wp-json\/wp\/v2\/comments?post=53229"}],"version-history":[{"count":3,"href":"https:\/\/inces.gob.ve\/index.php\/wp-json\/wp\/v2\/posts\/53229\/revisions"}],"predecessor-version":[{"id":53239,"href":"https:\/\/inces.gob.ve\/index.php\/wp-json\/wp\/v2\/posts\/53229\/revisions\/53239"}],"wp:featuredmedia":[{"embeddable":true,"href":"https:\/\/inces.gob.ve\/index.php\/wp-json\/wp\/v2\/media\/53230"}],"wp:attachment":[{"href":"https:\/\/inces.gob.ve\/index.php\/wp-json\/wp\/v2\/media?parent=53229"}],"wp:term":[{"taxonomy":"category","embeddable":true,"href":"https:\/\/inces.gob.ve\/index.php\/wp-json\/wp\/v2\/categories?post=53229"},{"taxonomy":"post_tag","embeddable":true,"href":"https:\/\/inces.gob.ve\/index.php\/wp-json\/wp\/v2\/tags?post=53229"}],"curies":[{"name":"wp","href":"https:\/\/api.w.org\/{rel}","templated":true}]}}