{"id":53276,"date":"2023-08-09T16:16:44","date_gmt":"2023-08-09T20:16:44","guid":{"rendered":"https:\/\/inces.gob.ve\/?p=53276"},"modified":"2023-08-09T16:17:36","modified_gmt":"2023-08-09T20:17:36","slug":"escuela-de-emprendedores-del-inces-desarrollo-taller-de-marketing-digital","status":"publish","type":"post","link":"https:\/\/inces.gob.ve\/index.php\/2023\/08\/09\/escuela-de-emprendedores-del-inces-desarrollo-taller-de-marketing-digital\/","title":{"rendered":"Escuela de Emprendedores del Inces desarroll\u00f3 taller de marketing digital"},"content":{"rendered":"<div id=\":1ja\" class=\"ii gt\">\n<div id=\":1j9\" class=\"a3s aiL \">\n<div dir=\"ltr\">\n<div class=\"gmail_quote\">\n<div dir=\"ltr\">\n<p style=\"text-align: justify;\" align=\"center\"><span style=\"font-family: helvetica, arial, sans-serif; font-size: 14pt;\"><strong><i>** El\u00a0<\/i><i>marketing digital<\/i><i>tiene que ver con<\/i><i>\u00a0la aplicaci\u00f3n de estrategias de comercializaci\u00f3n\u00a0<\/i><i>y de publicidad en el espacio de las redes y medios digitales<\/i><\/strong><\/span><\/p>\n<\/div>\n<\/div>\n<\/div>\n<\/div>\n<\/div>\n<p style=\"text-align: justify;\"><span style=\"font-family: helvetica, arial, sans-serif; font-size: 14pt;\"><!--more--><\/span><\/p>\n<p style=\"text-align: justify;\" align=\"center\"><span style=\"font-family: helvetica, arial, sans-serif; font-size: 14pt;\">En el marco de las jornadas formativas que realiza todos los martes\u00a0la Escuela de Emprendedores,\u00a0en la avenida Nueva Granada, se desarroll\u00f3 un taller pr\u00e1ctico de Marketing Digital dirigido a un\u00a0importante\u00a0grupo de peque\u00f1os empresarios.<\/span><\/p>\n<p align=\"center\">\n<div id=\":1ja\" class=\"ii gt\">\n<div id=\":1j9\" class=\"a3s aiL \">\n<div dir=\"ltr\">\n<div class=\"gmail_quote\">\n<div dir=\"ltr\" style=\"text-align: justify;\">\n<p align=\"justify\"><span style=\"font-family: helvetica, arial, sans-serif; font-size: 14pt;\">El Marketing Digital est\u00e1 asociado a la aplicaci\u00f3n de un conjunto de estrategias de comercializaci\u00f3n en el \u00e1mbito de las redes sociales y de la inteligencia artificial de cuya utilidad radica la existencia de la marca o del producto que se quiera mostrar en el denominado mundo online.<\/span><\/p>\n<p align=\"justify\">\n<p align=\"justify\"><span style=\"font-family: helvetica, arial, sans-serif; font-size: 14pt;\">La formaci\u00f3n fue dirigida por el experto en la materia Danny Cruz, un emprendedor dedicado al asesoramiento de c\u00f3mo hacer un negocio o c\u00f3mo llevar una marca comercial en el espacio de los medios digitales.<\/span><\/p>\n<p align=\"justify\">\n<p align=\"justify\"><img loading=\"lazy\" decoding=\"async\" class=\"aligncenter wp-image-53279 \" src=\"https:\/\/inces.gob.ve\/wp-content\/uploads\/2023\/08\/emp-5-1024x685.jpg\" alt=\"\" width=\"640\" height=\"428\" srcset=\"https:\/\/inces.gob.ve\/wp-content\/uploads\/2023\/08\/emp-5-1024x685.jpg 1024w, https:\/\/inces.gob.ve\/wp-content\/uploads\/2023\/08\/emp-5-300x201.jpg 300w, https:\/\/inces.gob.ve\/wp-content\/uploads\/2023\/08\/emp-5-768x514.jpg 768w, https:\/\/inces.gob.ve\/wp-content\/uploads\/2023\/08\/emp-5-1536x1028.jpg 1536w, https:\/\/inces.gob.ve\/wp-content\/uploads\/2023\/08\/emp-5-2048x1371.jpg 2048w, https:\/\/inces.gob.ve\/wp-content\/uploads\/2023\/08\/emp-5-272x182.jpg 272w\" sizes=\"auto, (max-width: 640px) 100vw, 640px\" \/><\/p>\n<p align=\"justify\">\n<p align=\"justify\"><span style=\"font-family: helvetica, arial, sans-serif; font-size: 14pt;\">A trav\u00e9s de algunas estrategias Danny Cruz ayuda a sus asesorados a vender en la red Instagram, asimismo, a crear negocios y a dise\u00f1ar publicidad digital; para ello recomienda hacer perfiles efectivos y precisos para llamar la atenci\u00f3n para atraer seguidores y posibles clientes.<\/span><\/p>\n<p align=\"justify\">\n<p align=\"justify\"><span style=\"font-family: helvetica, arial, sans-serif; font-size: 14pt;\">Cruz considera que un taller de marketing es \u00fatil porque \u201cquien no est\u00e9 en las redes sociales no existe\u201d; adem\u00e1s, \u201cla idea es que los emprendedores tomen conciencia de que deben mostrarse en las redes para de esa manera poder vender sus productos o sus servicios\u201d.<\/span><\/p>\n<p align=\"justify\">\n<p align=\"justify\"><img loading=\"lazy\" decoding=\"async\" class=\"aligncenter wp-image-53277 size-large\" src=\"https:\/\/inces.gob.ve\/wp-content\/uploads\/2023\/08\/emp4-1024x685.jpg\" alt=\"\" width=\"640\" height=\"428\" srcset=\"https:\/\/inces.gob.ve\/wp-content\/uploads\/2023\/08\/emp4-1024x685.jpg 1024w, https:\/\/inces.gob.ve\/wp-content\/uploads\/2023\/08\/emp4-300x201.jpg 300w, https:\/\/inces.gob.ve\/wp-content\/uploads\/2023\/08\/emp4-768x514.jpg 768w, https:\/\/inces.gob.ve\/wp-content\/uploads\/2023\/08\/emp4-1536x1028.jpg 1536w, https:\/\/inces.gob.ve\/wp-content\/uploads\/2023\/08\/emp4-2048x1371.jpg 2048w, https:\/\/inces.gob.ve\/wp-content\/uploads\/2023\/08\/emp4-272x182.jpg 272w\" sizes=\"auto, (max-width: 640px) 100vw, 640px\" \/><\/p>\n<p align=\"justify\">\n<p align=\"justify\"><span style=\"font-family: helvetica, arial, sans-serif; font-size: 14pt;\">Luego de este taller el participante est\u00e1 en capacidad de crear contenidos llamativos, de perfeccionar los perfiles y hacer publicidad en el mundo online.<\/span><\/p>\n<\/div>\n<div class=\"yj6qo\" style=\"text-align: justify;\"><\/div>\n<div class=\"adL\" style=\"text-align: justify;\"><\/div>\n<\/div>\n<\/div>\n<div class=\"adL\"><\/div>\n<\/div>\n<\/div>\n<div id=\":1lr\" class=\"hq gt\"><\/div>\n","protected":false},"excerpt":{"rendered":"<p>** El\u00a0marketing digitaltiene que ver con\u00a0la aplicaci\u00f3n de estrategias de comercializaci\u00f3n\u00a0y de publicidad en el espacio de las redes y medios digitales<\/p>\n","protected":false},"author":4,"featured_media":53280,"comment_status":"closed","ping_status":"closed","sticky":false,"template":"","format":"standard","meta":{"footnotes":""},"categories":[2],"tags":[],"class_list":["post-53276","post","type-post","status-publish","format-standard","has-post-thumbnail","hentry","category-blog"],"_links":{"self":[{"href":"https:\/\/inces.gob.ve\/index.php\/wp-json\/wp\/v2\/posts\/53276","targetHints":{"allow":["GET"]}}],"collection":[{"href":"https:\/\/inces.gob.ve\/index.php\/wp-json\/wp\/v2\/posts"}],"about":[{"href":"https:\/\/inces.gob.ve\/index.php\/wp-json\/wp\/v2\/types\/post"}],"author":[{"embeddable":true,"href":"https:\/\/inces.gob.ve\/index.php\/wp-json\/wp\/v2\/users\/4"}],"replies":[{"embeddable":true,"href":"https:\/\/inces.gob.ve\/index.php\/wp-json\/wp\/v2\/comments?post=53276"}],"version-history":[{"count":2,"href":"https:\/\/inces.gob.ve\/index.php\/wp-json\/wp\/v2\/posts\/53276\/revisions"}],"predecessor-version":[{"id":53282,"href":"https:\/\/inces.gob.ve\/index.php\/wp-json\/wp\/v2\/posts\/53276\/revisions\/53282"}],"wp:featuredmedia":[{"embeddable":true,"href":"https:\/\/inces.gob.ve\/index.php\/wp-json\/wp\/v2\/media\/53280"}],"wp:attachment":[{"href":"https:\/\/inces.gob.ve\/index.php\/wp-json\/wp\/v2\/media?parent=53276"}],"wp:term":[{"taxonomy":"category","embeddable":true,"href":"https:\/\/inces.gob.ve\/index.php\/wp-json\/wp\/v2\/categories?post=53276"},{"taxonomy":"post_tag","embeddable":true,"href":"https:\/\/inces.gob.ve\/index.php\/wp-json\/wp\/v2\/tags?post=53276"}],"curies":[{"name":"wp","href":"https:\/\/api.w.org\/{rel}","templated":true}]}}