{"id":53283,"date":"2023-08-09T18:29:30","date_gmt":"2023-08-09T22:29:30","guid":{"rendered":"https:\/\/inces.gob.ve\/?p=53283"},"modified":"2023-08-09T18:29:30","modified_gmt":"2023-08-09T22:29:30","slug":"en-el-inces-lo-unico-permanente-es-el-cambio","status":"publish","type":"post","link":"https:\/\/inces.gob.ve\/index.php\/2023\/08\/09\/en-el-inces-lo-unico-permanente-es-el-cambio\/","title":{"rendered":"En el Inces lo \u00fanico permanente es el cambio"},"content":{"rendered":"<p style=\"text-align: justify;\"><span style=\"font-family: helvetica, arial, sans-serif; font-size: 14pt;\"><em><b>*** El instituto capacitador en herramientas t\u00e9cnicas \u201csiempre ha tenido estrechos lazos con el sector empresarial<\/b><\/em><!--more--><\/span><\/p>\n<p style=\"text-align: justify;\">\n<p style=\"text-align: justify;\" align=\"justify\"><span style=\"font-family: helvetica, arial, sans-serif; font-size: 14pt;\">Una de las constantes del Instituto Nacional de Capacitaci\u00f3n y Educaci\u00f3n Socialista (Inces) en la actualidad es la<b>\u00a0permanente revisi\u00f3n de los curr\u00edculos<\/b>, en concordancia con la vor\u00e1gine de cambios o transformaciones que la sociedad venezolana experimenta y de manera especial en el \u00e1mbito de las comunicaciones en desbandada hacia el mundo digital. As\u00ed lo manifest\u00f3 el presidente del Inces, Wuikelman Angel durante una entrevista que ofreciera hoy mi\u00e9rcoles 9 de agosto en el espacio \u201cPrimera P\u00e1gina\u201d transmitido por la emisora de TV, Globovisi\u00f3n.<\/span><\/p>\n<p style=\"text-align: justify;\" align=\"justify\">\n<p style=\"text-align: justify;\" align=\"justify\"><span style=\"font-family: helvetica, arial, sans-serif; font-size: 14pt;\"><b>El manejo de la t\u00e9cnica para los j\u00f3venes como prop\u00f3sito fundamental<\/b> en la capacitaci\u00f3n que ofrece el instituto, fue otro de los puntos esgrimidos por el tambi\u00e9n viceministro de Comunidades Educativas y Uni\u00f3n con el Pueblo. \u201cDe all\u00ed el eslogan exhibido por el Inces en los \u00faltimos meses\u201d.<\/span><\/p>\n<p align=\"justify\">\n<p style=\"text-align: justify;\" align=\"justify\"><span style=\"font-family: helvetica, arial, sans-serif; font-size: 14pt;\"><img loading=\"lazy\" decoding=\"async\" class=\"aligncenter wp-image-53287 size-full\" src=\"https:\/\/inces.gob.ve\/wp-content\/uploads\/2023\/08\/IMG-20230808-WA0009-1.jpg\" alt=\"\" width=\"1000\" height=\"563\" srcset=\"https:\/\/inces.gob.ve\/wp-content\/uploads\/2023\/08\/IMG-20230808-WA0009-1.jpg 1000w, https:\/\/inces.gob.ve\/wp-content\/uploads\/2023\/08\/IMG-20230808-WA0009-1-300x169.jpg 300w, https:\/\/inces.gob.ve\/wp-content\/uploads\/2023\/08\/IMG-20230808-WA0009-1-768x432.jpg 768w\" sizes=\"auto, (max-width: 1000px) 100vw, 1000px\" \/><\/span><\/p>\n<p align=\"justify\">\n<p style=\"text-align: justify;\" align=\"justify\"><span style=\"font-family: helvetica, arial, sans-serif; font-size: 14pt;\">A prop\u00f3sito de la celebraci\u00f3n del 64 aniversario de la instituci\u00f3n durante el mes de agosto, raz\u00f3n por la cual se concert\u00f3 la entrevista, Angel expres\u00f3 la relevancia social que tienen los principales eventos en el cumplea\u00f1os institucional, as\u00ed dijo que \u201cse llev\u00f3 a cabo un simposio sobre Inteligencia Artificial; en tanto que para el d\u00eda de ma\u00f1ana 10 est\u00e1 previsto el Conversatorio Retos del Periodismo Venezolano Frente a las nuevas Tecnolog\u00edas de la Informaci\u00f3n; seguidamente el simposio sobre la Educaci\u00f3n para la Econom\u00eda Sustentable (16); finalizando con el foro Formaci\u00f3n Dual para el Sector Empresarial en Venezuela el d\u00eda (23).<\/span><\/p>\n<p style=\"text-align: justify;\" align=\"justify\">\n<p style=\"text-align: justify;\" align=\"justify\"><span style=\"font-family: helvetica, arial, sans-serif; font-size: 14pt;\">De este \u00faltimo punto expres\u00f3 que el Inces hoy y siempre ha tenido estrechos lazos con el sector empresarial. \u201c<b>Estamos trabajando con las C\u00e1maras Empresariales<\/b>\u00a0y con el empresariado p\u00fablico y privado, quienes en definitiva aportan al Inces y debemos corresponderles\u201d.<\/span><\/p>\n<p align=\"justify\">\n<p style=\"text-align: justify;\" align=\"justify\"><span style=\"font-family: helvetica, arial, sans-serif; font-size: 14pt;\"><img loading=\"lazy\" decoding=\"async\" class=\"aligncenter wp-image-53286 size-large\" src=\"https:\/\/inces.gob.ve\/wp-content\/uploads\/2023\/08\/IMG-20230808-WA0008-1-1024x1024.jpg\" alt=\"\" width=\"640\" height=\"640\" srcset=\"https:\/\/inces.gob.ve\/wp-content\/uploads\/2023\/08\/IMG-20230808-WA0008-1-1024x1024.jpg 1024w, https:\/\/inces.gob.ve\/wp-content\/uploads\/2023\/08\/IMG-20230808-WA0008-1-300x300.jpg 300w, https:\/\/inces.gob.ve\/wp-content\/uploads\/2023\/08\/IMG-20230808-WA0008-1-150x150.jpg 150w, https:\/\/inces.gob.ve\/wp-content\/uploads\/2023\/08\/IMG-20230808-WA0008-1-768x768.jpg 768w, https:\/\/inces.gob.ve\/wp-content\/uploads\/2023\/08\/IMG-20230808-WA0008-1.jpg 1080w\" sizes=\"auto, (max-width: 640px) 100vw, 640px\" \/><\/span><\/p>\n<p style=\"text-align: justify;\" align=\"justify\"><span style=\"font-family: helvetica, arial, sans-serif; font-size: 14pt;\">Otro punto relevante fue la menci\u00f3n a la Escuela de Emprendimiento donde en poco menos de un a\u00f1o han egresado 863 participantes. De igual manera se habl\u00f3 de la Escuela de Medios donde se observan todas las ocupaciones del \u00e1rea audiovisual.<\/span><\/p>\n<p style=\"text-align: justify;\" align=\"justify\">\n<p style=\"text-align: justify;\" align=\"justify\"><span style=\"font-family: helvetica, arial, sans-serif; font-size: 14pt;\">Cuando el comunicador abord\u00f3 el sempiterno tema de que el Inces est\u00e1 intercediendo con talleres de muy corta duraci\u00f3n en carreras como la comunicaci\u00f3n social, el presidente enf\u00e1ticamente afirm\u00f3 que el Inces brinda herramientas tecnol\u00f3gicas y que <b>resulta muy natural que un profesional obtenga herramientas t\u00e9cnicas de manera transversal con lo cual se actualiza<\/b>\u00a0y obtiene competencias \u00fatiles a sus necesidades laborales y as\u00ed se mantiene al d\u00eda.<\/span><\/p>\n<p style=\"text-align: justify;\" align=\"justify\"><span style=\"font-family: helvetica, arial, sans-serif; font-size: 14pt;\"><img loading=\"lazy\" decoding=\"async\" class=\"aligncenter wp-image-53288 size-full\" src=\"https:\/\/inces.gob.ve\/wp-content\/uploads\/2023\/08\/IMG-20230809-WA00151.jpg\" alt=\"\" width=\"1000\" height=\"750\" srcset=\"https:\/\/inces.gob.ve\/wp-content\/uploads\/2023\/08\/IMG-20230809-WA00151.jpg 1000w, https:\/\/inces.gob.ve\/wp-content\/uploads\/2023\/08\/IMG-20230809-WA00151-300x225.jpg 300w, https:\/\/inces.gob.ve\/wp-content\/uploads\/2023\/08\/IMG-20230809-WA00151-768x576.jpg 768w, https:\/\/inces.gob.ve\/wp-content\/uploads\/2023\/08\/IMG-20230809-WA00151-136x102.jpg 136w\" sizes=\"auto, (max-width: 1000px) 100vw, 1000px\" \/><\/span><\/p>\n<p align=\"justify\">\n<p style=\"text-align: justify;\" align=\"justify\"><span style=\"font-family: helvetica, arial, sans-serif; font-size: 14pt;\">\u201c<b>En el Inces la formaci\u00f3n es colectiva, integral, continua y permanent<\/b>e y ahora la formaci\u00f3n no se circunscribe a los propios centros Inces (147) sino que el brazo capacitador se extiende a las comunidades, entidades educativas, empresas, bases de misiones y otros centros, previo acuerdo con las comunidades\u201d, sentenci\u00f3 el presidente del instituto formador\u00bb.<\/span><\/p>\n<p style=\"text-align: justify;\" align=\"justify\">\n<p style=\"text-align: justify;\" align=\"justify\"><span style=\"font-family: helvetica, arial, sans-serif; font-size: 14pt;\">En definitiva, ante la actual coyuntura econ\u00f3mica y considerando el balance estad\u00edstico del comportamiento de los pa\u00edses de la regi\u00f3n respecto al empleo joven, Venezuela debe trazar nuevos v\u00e9rtices estrat\u00e9gicos para garantizar la estabilidad, no del empleo, sino de la acci\u00f3n protag\u00f3nica del joven en el proceso social de trabajo. \u201c<b>para nosotros el centro de la acci\u00f3n es el joven, es decir, el aprendiz,<\/b>\u00a0quien merece una formaci\u00f3n que lo prepare para ejercer una ocupaci\u00f3n productiva y \u00fatil y as\u00ed sumarle a la econom\u00eda nacional\u201d.<\/span><\/p>\n<p style=\"text-align: justify;\" align=\"justify\">\n<p style=\"text-align: justify;\" align=\"justify\"><span style=\"font-family: helvetica, arial, sans-serif; font-size: 14pt;\">Una cifra para cerrar ofreci\u00f3 Wuikelman Angel y son los 5.665.285 participantes egresados en los \u00faltimos 6 a\u00f1os de administraci\u00f3n.<\/span><\/p>\n","protected":false},"excerpt":{"rendered":"<p>*** El instituto capacitador en herramientas t\u00e9cnicas \u201csiempre ha tenido estrechos lazos con el sector empresarial<\/p>\n","protected":false},"author":4,"featured_media":53284,"comment_status":"closed","ping_status":"closed","sticky":false,"template":"","format":"standard","meta":{"footnotes":""},"categories":[2],"tags":[],"class_list":["post-53283","post","type-post","status-publish","format-standard","has-post-thumbnail","hentry","category-blog"],"_links":{"self":[{"href":"https:\/\/inces.gob.ve\/index.php\/wp-json\/wp\/v2\/posts\/53283","targetHints":{"allow":["GET"]}}],"collection":[{"href":"https:\/\/inces.gob.ve\/index.php\/wp-json\/wp\/v2\/posts"}],"about":[{"href":"https:\/\/inces.gob.ve\/index.php\/wp-json\/wp\/v2\/types\/post"}],"author":[{"embeddable":true,"href":"https:\/\/inces.gob.ve\/index.php\/wp-json\/wp\/v2\/users\/4"}],"replies":[{"embeddable":true,"href":"https:\/\/inces.gob.ve\/index.php\/wp-json\/wp\/v2\/comments?post=53283"}],"version-history":[{"count":1,"href":"https:\/\/inces.gob.ve\/index.php\/wp-json\/wp\/v2\/posts\/53283\/revisions"}],"predecessor-version":[{"id":53289,"href":"https:\/\/inces.gob.ve\/index.php\/wp-json\/wp\/v2\/posts\/53283\/revisions\/53289"}],"wp:featuredmedia":[{"embeddable":true,"href":"https:\/\/inces.gob.ve\/index.php\/wp-json\/wp\/v2\/media\/53284"}],"wp:attachment":[{"href":"https:\/\/inces.gob.ve\/index.php\/wp-json\/wp\/v2\/media?parent=53283"}],"wp:term":[{"taxonomy":"category","embeddable":true,"href":"https:\/\/inces.gob.ve\/index.php\/wp-json\/wp\/v2\/categories?post=53283"},{"taxonomy":"post_tag","embeddable":true,"href":"https:\/\/inces.gob.ve\/index.php\/wp-json\/wp\/v2\/tags?post=53283"}],"curies":[{"name":"wp","href":"https:\/\/api.w.org\/{rel}","templated":true}]}}