{"id":53294,"date":"2023-08-10T09:29:19","date_gmt":"2023-08-10T13:29:19","guid":{"rendered":"https:\/\/inces.gob.ve\/?p=53294"},"modified":"2023-08-10T09:29:19","modified_gmt":"2023-08-10T13:29:19","slug":"miranda-se-celebro-la-fase-regional-de-tu-voz-inces","status":"publish","type":"post","link":"https:\/\/inces.gob.ve\/index.php\/2023\/08\/10\/miranda-se-celebro-la-fase-regional-de-tu-voz-inces\/","title":{"rendered":"MIRANDA | Se celebr\u00f3 la fase regional de \u201cT\u00fa Voz Inces\u201d"},"content":{"rendered":"<div dir=\"auto\" style=\"text-align: justify;\"><strong><em><span style=\"font-family: helvetica, arial, sans-serif; font-size: 14pt;\">**La cultura es formaci\u00f3n, la cultura es arte junto al lema ense\u00f1ando la t\u00e9cnica<\/span><\/em><\/strong><\/div>\n<p><!--more--><\/p>\n<div dir=\"auto\"><\/div>\n<div dir=\"auto\"><\/div>\n<div dir=\"auto\" style=\"text-align: justify;\"><\/div>\n<div dir=\"auto\" style=\"text-align: justify;\"><strong><span style=\"font-family: helvetica, arial, sans-serif; font-size: 14pt;\">JEHINFRY AGUIAR\u00a0<\/span><\/strong><\/div>\n<div dir=\"auto\" style=\"text-align: justify;\"><span style=\"font-family: helvetica, arial, sans-serif; font-size: 14pt;\">Con un total de ochi participantes se realiz\u00f3 la fase regional para la gran final de Tu Voz Inces, evento celebrado en el teatro C\u00e9sar Rengifo, ubicada en Petare del municipio Sucre.<\/span><\/div>\n<div dir=\"auto\" style=\"text-align: justify;\"><\/div>\n<div dir=\"auto\" style=\"text-align: justify;\"><\/div>\n<div dir=\"auto\" style=\"text-align: justify;\"><span style=\"font-family: helvetica, arial, sans-serif; font-size: 14pt;\">La actividad cont\u00f3 con un jurado compuesto por: Jos\u00e9 Rivas, Luis Parra, Mineyomar Romero, Carlos P\u00e9rez y Gian Luigi Lugo, que fueron los encargados en elegir los destacados.<\/span><\/div>\n<div dir=\"auto\"><\/div>\n<div dir=\"auto\" style=\"text-align: justify;\"><\/div>\n<div dir=\"auto\"><img loading=\"lazy\" decoding=\"async\" class=\"aligncenter wp-image-53297 size-large\" src=\"https:\/\/inces.gob.ve\/wp-content\/uploads\/2023\/08\/IMG-20230803-WA0176-1-1024x914.jpg\" alt=\"\" width=\"640\" height=\"571\" srcset=\"https:\/\/inces.gob.ve\/wp-content\/uploads\/2023\/08\/IMG-20230803-WA0176-1-1024x914.jpg 1024w, https:\/\/inces.gob.ve\/wp-content\/uploads\/2023\/08\/IMG-20230803-WA0176-1-300x268.jpg 300w, https:\/\/inces.gob.ve\/wp-content\/uploads\/2023\/08\/IMG-20230803-WA0176-1-768x685.jpg 768w, https:\/\/inces.gob.ve\/wp-content\/uploads\/2023\/08\/IMG-20230803-WA0176-1.jpg 1280w\" sizes=\"auto, (max-width: 640px) 100vw, 640px\" \/><\/div>\n<div dir=\"auto\" style=\"text-align: justify;\"><\/div>\n<div dir=\"auto\"><\/div>\n<div dir=\"auto\" style=\"text-align: justify;\"><span style=\"font-family: helvetica, arial, sans-serif; font-size: 14pt;\">Se realiz\u00f3 en una sola categor\u00eda, a partir de 15 a\u00f1os en adelante, los mismos interpretaron varios g\u00e9neros y la decisi\u00f3n del jurado qued\u00f3 de la siguiente manera:\u00a0<\/span><\/div>\n<div dir=\"auto\" style=\"text-align: justify;\"><\/div>\n<div dir=\"auto\" style=\"text-align: justify;\"><\/div>\n<div dir=\"auto\" style=\"text-align: justify;\"><span style=\"font-family: helvetica, arial, sans-serif; font-size: 14pt;\">1er.\u00a0 Lugar:\u00a0 Jacqueline P\u00e9rez<\/span><\/div>\n<div dir=\"auto\" style=\"text-align: justify;\"><\/div>\n<div dir=\"auto\" style=\"text-align: justify;\"><span style=\"font-family: helvetica, arial, sans-serif; font-size: 14pt;\">2do. Lugar:\u00a0 Mois\u00e9s Huerta<\/span><\/div>\n<div dir=\"auto\" style=\"text-align: justify;\"><\/div>\n<div dir=\"auto\" style=\"text-align: justify;\"><span style=\"font-family: helvetica, arial, sans-serif; font-size: 14pt;\">3er.\u00a0 Lugar:\u00a0 Jaidy Brito<\/span><\/div>\n<div dir=\"auto\" style=\"text-align: justify;\"><\/div>\n<div dir=\"auto\" style=\"text-align: justify;\"><\/div>\n<div dir=\"auto\" style=\"text-align: justify;\"><span style=\"font-family: helvetica, arial, sans-serif; font-size: 14pt;\">Los participantes de esta edici\u00f3n de Tu Voz Inces en Miranda, Maury Castro, Adrian Perales, Franyelis D\u00edaz, G\u00e9nesis Hern\u00e1ndez, Mois\u00e9s Huerta, Johannys Garc\u00eda, Jacqueline P\u00e9rez y Jaidy Brito<\/span><\/div>\n<div dir=\"auto\" style=\"text-align: justify;\"><\/div>\n<div dir=\"auto\" style=\"text-align: justify;\"><\/div>\n<div dir=\"auto\" style=\"text-align: justify;\"><span style=\"font-family: helvetica, arial, sans-serif; font-size: 14pt;\">Adem\u00e1s contamos con la participaci\u00f3n de la gerencia regional del distrito capital con la gerente Tania D\u00edaz, el gerente regional del Inces Miranda Erick Vera, la ganadora de Tu Voz Inces 2022 categor\u00eda Infantil Jeximar Torres, cantante Rosa Lovera, la juventud del PSUV, y cantante especial Carlos P\u00e9rez como parte del jurado.<\/span><\/div>\n<div dir=\"auto\" style=\"text-align: justify;\"><\/div>\n<div dir=\"auto\" style=\"text-align: justify;\"><\/div>\n<div dir=\"auto\" style=\"text-align: justify;\"><span style=\"font-family: helvetica, arial, sans-serif; font-size: 14pt;\">\u00abAgradeciendo todo el trabajo que realiz\u00f3 el coordinador de cultura Jehinfry Aguiar, y todo el equipo de Miranda para que se llevar\u00e1 a cabo est\u00e1 Actividad, conjunto al presidente del Inces Wuikelman \u00c1ngel Paredes para fortalecer la cultura el deporte en nuestra instituci\u00f3n, la cita ser\u00e1 en el audit\u00f3rium del Inces Sede y formar\u00e1 parte del 64 aniversario del Inces este 24 de agosto de 2023, la cultura es formaci\u00f3n, la cultura es arte junto al lema ense\u00f1ando la t\u00e9cnica\u00bb destac\u00f3 la gerente general de cultura, deporte y participaci\u00f3n comunal Francia Marrufo.<\/span><\/div>\n","protected":false},"excerpt":{"rendered":"<p>**La cultura es formaci\u00f3n, la cultura es arte junto al lema ense\u00f1ando la t\u00e9cnica<\/p>\n","protected":false},"author":4,"featured_media":53296,"comment_status":"closed","ping_status":"closed","sticky":false,"template":"","format":"standard","meta":{"footnotes":""},"categories":[2],"tags":[],"class_list":["post-53294","post","type-post","status-publish","format-standard","has-post-thumbnail","hentry","category-blog"],"_links":{"self":[{"href":"https:\/\/inces.gob.ve\/index.php\/wp-json\/wp\/v2\/posts\/53294","targetHints":{"allow":["GET"]}}],"collection":[{"href":"https:\/\/inces.gob.ve\/index.php\/wp-json\/wp\/v2\/posts"}],"about":[{"href":"https:\/\/inces.gob.ve\/index.php\/wp-json\/wp\/v2\/types\/post"}],"author":[{"embeddable":true,"href":"https:\/\/inces.gob.ve\/index.php\/wp-json\/wp\/v2\/users\/4"}],"replies":[{"embeddable":true,"href":"https:\/\/inces.gob.ve\/index.php\/wp-json\/wp\/v2\/comments?post=53294"}],"version-history":[{"count":1,"href":"https:\/\/inces.gob.ve\/index.php\/wp-json\/wp\/v2\/posts\/53294\/revisions"}],"predecessor-version":[{"id":53298,"href":"https:\/\/inces.gob.ve\/index.php\/wp-json\/wp\/v2\/posts\/53294\/revisions\/53298"}],"wp:featuredmedia":[{"embeddable":true,"href":"https:\/\/inces.gob.ve\/index.php\/wp-json\/wp\/v2\/media\/53296"}],"wp:attachment":[{"href":"https:\/\/inces.gob.ve\/index.php\/wp-json\/wp\/v2\/media?parent=53294"}],"wp:term":[{"taxonomy":"category","embeddable":true,"href":"https:\/\/inces.gob.ve\/index.php\/wp-json\/wp\/v2\/categories?post=53294"},{"taxonomy":"post_tag","embeddable":true,"href":"https:\/\/inces.gob.ve\/index.php\/wp-json\/wp\/v2\/tags?post=53294"}],"curies":[{"name":"wp","href":"https:\/\/api.w.org\/{rel}","templated":true}]}}