{"id":53303,"date":"2023-08-10T14:49:50","date_gmt":"2023-08-10T18:49:50","guid":{"rendered":"https:\/\/inces.gob.ve\/?p=53303"},"modified":"2023-08-10T14:49:50","modified_gmt":"2023-08-10T18:49:50","slug":"amazonas-participantes-culminaron-con-exito-la-unidad-curricular-masa-basica-de-pasteleria","status":"publish","type":"post","link":"https:\/\/inces.gob.ve\/index.php\/2023\/08\/10\/amazonas-participantes-culminaron-con-exito-la-unidad-curricular-masa-basica-de-pasteleria\/","title":{"rendered":"AMAZONAS | Participantes culminaron con \u00e9xito la unidad curricular Masa B\u00e1sica de Pasteler\u00eda"},"content":{"rendered":"<p style=\"font-weight: 400; text-align: justify;\"><em><strong><span style=\"font-size: 14pt; font-family: helvetica, arial, sans-serif;\">** Participantes adquirieron t\u00e9cnica y conocimientos<\/span><\/strong><\/em><!--more--><\/p>\n<p>&nbsp;<\/p>\n<p style=\"font-weight: 400; text-align: justify;\"><strong><span style=\"font-size: 14pt; font-family: helvetica, arial, sans-serif;\">FELIX RUIZ<\/span><\/strong><\/p>\n<p style=\"font-weight: 400; text-align: justify;\"><span style=\"font-size: 14pt; font-family: helvetica, arial, sans-serif;\">Con peque\u00f1as muestras de lo aprendido durante su trayectoria formativa, participantes finalizaron la unidad curricular Masa B\u00e1sica de Pasteler\u00eda, donde desarrollaron lecciones y aprendieron t\u00e9cnicas acerca de las masas b\u00e1sicas.<\/span><\/p>\n<p>&nbsp;<\/p>\n<p style=\"font-weight: 400; text-align: justify;\"><span style=\"font-size: 14pt; font-family: helvetica, arial, sans-serif;\">Los egresados aprendieron sobre t\u00e9cnicas de horneado, ingredientes, herramientas de reposter\u00eda, glaseado, as\u00ed como tambi\u00e9n decoraci\u00f3n de pasteles, adem\u00e1s de realizar productos como galletas, tartas, pasteles y muchos m\u00e1s. Cabe destacar que los participantes se destacaron en las pr\u00e1cticas, logrando adquirir y desarrollar nuevos conocimientos.<\/span><\/p>\n<p>&nbsp;<\/p>\n<p style=\"font-weight: 400; text-align: justify;\"><span style=\"font-size: 14pt; font-family: helvetica, arial, sans-serif;\">Ingrid Mari\u00f1o, participante de la formaci\u00f3n, dijo: \u201cEstoy agradecida por lo aprendido en la formaci\u00f3n. Gracias a eso s\u00e9 cosas que no sab\u00eda acerca de la reposter\u00eda y pondr\u00e9 en pr\u00e1ctica a partir de ahora; en verdad fue para m\u00ed un honor trabajar con todos ustedes, agradecida por el apoyo\u201d, mencion\u00f3.<\/span><\/p>\n<p>&nbsp;<\/p>\n<p><img loading=\"lazy\" decoding=\"async\" class=\"aligncenter wp-image-53305 size-large\" src=\"https:\/\/inces.gob.ve\/wp-content\/uploads\/2023\/08\/WhatsApp-Image-2023-07-26-at-11.32.05-1024x768.jpeg\" alt=\"\" width=\"640\" height=\"480\" srcset=\"https:\/\/inces.gob.ve\/wp-content\/uploads\/2023\/08\/WhatsApp-Image-2023-07-26-at-11.32.05-1024x768.jpeg 1024w, https:\/\/inces.gob.ve\/wp-content\/uploads\/2023\/08\/WhatsApp-Image-2023-07-26-at-11.32.05-300x225.jpeg 300w, https:\/\/inces.gob.ve\/wp-content\/uploads\/2023\/08\/WhatsApp-Image-2023-07-26-at-11.32.05-768x576.jpeg 768w, https:\/\/inces.gob.ve\/wp-content\/uploads\/2023\/08\/WhatsApp-Image-2023-07-26-at-11.32.05-136x102.jpeg 136w, https:\/\/inces.gob.ve\/wp-content\/uploads\/2023\/08\/WhatsApp-Image-2023-07-26-at-11.32.05.jpeg 1040w\" sizes=\"auto, (max-width: 640px) 100vw, 640px\" \/><\/p>\n<p style=\"font-weight: 400; text-align: justify;\"><span style=\"font-size: 14pt; font-family: helvetica, arial, sans-serif;\">Por su parte la maestro t\u00e9cnico productivo (MTP) Duglis Sotillo explic\u00f3: \u201cEn el \u00e1rea de la reposter\u00eda, el amasado de masa de pasteler\u00eda es muy amplio; sin embargo, estoy contenta porque han logrado adquirir los conocimientos necesarios, b\u00e1sicos, un poco de cada cosa y triste porque hoy culminamos con la formaci\u00f3n. El Inces siempre tendr\u00e1 las puertas abiertas, no solamente en esta \u00e1rea sino tambi\u00e9n cuenta con diferentes \u00e1reas para continuar aprendiendo y form\u00e1ndose,\u00a0recuerden el conocimiento enriquece\u201d, mencion\u00f3.<\/span><\/p>\n<p style=\"font-weight: 400; text-align: justify;\"><span style=\"font-size: 14pt; font-family: helvetica, arial, sans-serif;\">Dicha formaci\u00f3n curricular cont\u00f3 con una duraci\u00f3n de 100 horas, el cual fue realizado en el centro de formaci\u00f3n socialista (CFS) Cacique Aramare, ubicado en la ciudad de Puerto Ayacucho, estado Amazonas.<\/span><\/p>\n<p style=\"font-weight: 400; text-align: justify;\"><span style=\"font-size: 14pt; font-family: helvetica, arial, sans-serif;\">Extendemos nuestra invitaci\u00f3n a j\u00f3venes y adultos a participar en las diferentes unidades curriculares que ofrece el Inces, que\u00a0adem\u00e1s de ofrecer gratuitamente,\u00a0suministran las herramientas y conocimientos necesarios.<\/span><\/p>\n<p style=\"font-weight: 400; text-align: justify;\">\n","protected":false},"excerpt":{"rendered":"<p>** Participantes adquirieron t\u00e9cnica y conocimientos<\/p>\n","protected":false},"author":4,"featured_media":53304,"comment_status":"closed","ping_status":"closed","sticky":false,"template":"","format":"standard","meta":{"footnotes":""},"categories":[2],"tags":[],"class_list":["post-53303","post","type-post","status-publish","format-standard","has-post-thumbnail","hentry","category-blog"],"_links":{"self":[{"href":"https:\/\/inces.gob.ve\/index.php\/wp-json\/wp\/v2\/posts\/53303","targetHints":{"allow":["GET"]}}],"collection":[{"href":"https:\/\/inces.gob.ve\/index.php\/wp-json\/wp\/v2\/posts"}],"about":[{"href":"https:\/\/inces.gob.ve\/index.php\/wp-json\/wp\/v2\/types\/post"}],"author":[{"embeddable":true,"href":"https:\/\/inces.gob.ve\/index.php\/wp-json\/wp\/v2\/users\/4"}],"replies":[{"embeddable":true,"href":"https:\/\/inces.gob.ve\/index.php\/wp-json\/wp\/v2\/comments?post=53303"}],"version-history":[{"count":1,"href":"https:\/\/inces.gob.ve\/index.php\/wp-json\/wp\/v2\/posts\/53303\/revisions"}],"predecessor-version":[{"id":53307,"href":"https:\/\/inces.gob.ve\/index.php\/wp-json\/wp\/v2\/posts\/53303\/revisions\/53307"}],"wp:featuredmedia":[{"embeddable":true,"href":"https:\/\/inces.gob.ve\/index.php\/wp-json\/wp\/v2\/media\/53304"}],"wp:attachment":[{"href":"https:\/\/inces.gob.ve\/index.php\/wp-json\/wp\/v2\/media?parent=53303"}],"wp:term":[{"taxonomy":"category","embeddable":true,"href":"https:\/\/inces.gob.ve\/index.php\/wp-json\/wp\/v2\/categories?post=53303"},{"taxonomy":"post_tag","embeddable":true,"href":"https:\/\/inces.gob.ve\/index.php\/wp-json\/wp\/v2\/tags?post=53303"}],"curies":[{"name":"wp","href":"https:\/\/api.w.org\/{rel}","templated":true}]}}