{"id":53330,"date":"2023-08-11T19:35:28","date_gmt":"2023-08-11T23:35:28","guid":{"rendered":"https:\/\/inces.gob.ve\/?p=53330"},"modified":"2023-08-11T19:40:57","modified_gmt":"2023-08-11T23:40:57","slug":"en-un-acto-de-graduacion-conjunta-el-inces-confirio-2-183-titulos-de-bachiller","status":"publish","type":"post","link":"https:\/\/inces.gob.ve\/index.php\/2023\/08\/11\/en-un-acto-de-graduacion-conjunta-el-inces-confirio-2-183-titulos-de-bachiller\/","title":{"rendered":"En un acto de graduaci\u00f3n conjunta el Inces confiri\u00f3 2.183 t\u00edtulos de bachiller"},"content":{"rendered":"<p style=\"text-align: justify;\">** 2.000 de los egresados cuentan con un perfil productivo en su haber, constancia de las habilidades y conocimientos adquiridos en ocupaciones t\u00e9cnicas profesionales<\/p>\n<p style=\"text-align: justify;\"><!--more--><\/p>\n<p style=\"text-align: justify;\">PRENSA INCES<\/p>\n<p style=\"text-align: justify;\">Este viernes 11 de agosto, el Instituto Nacional de Capacitaci\u00f3n y Educaci\u00f3n Socialista (Inces) confiri\u00f3 2.183 t\u00edtulos de bachiller emitidos por el Ministerio del Poder Popular para la Educaci\u00f3n, junto al mismo n\u00famero de certificados Inces en diferentes \u00e1reas del conocimiento.<\/p>\n<p>&nbsp;<\/p>\n<p style=\"text-align: justify;\"><img loading=\"lazy\" decoding=\"async\" class=\"aligncenter wp-image-53331 size-full\" src=\"https:\/\/inces.gob.ve\/wp-content\/uploads\/2023\/08\/WhatsApp-Image-2023-08-11-at-4.44.03-PM.jpeg\" alt=\"\" width=\"1600\" height=\"1066\" srcset=\"https:\/\/inces.gob.ve\/wp-content\/uploads\/2023\/08\/WhatsApp-Image-2023-08-11-at-4.44.03-PM.jpeg 1600w, https:\/\/inces.gob.ve\/wp-content\/uploads\/2023\/08\/WhatsApp-Image-2023-08-11-at-4.44.03-PM-300x200.jpeg 300w, https:\/\/inces.gob.ve\/wp-content\/uploads\/2023\/08\/WhatsApp-Image-2023-08-11-at-4.44.03-PM-1024x682.jpeg 1024w, https:\/\/inces.gob.ve\/wp-content\/uploads\/2023\/08\/WhatsApp-Image-2023-08-11-at-4.44.03-PM-768x512.jpeg 768w, https:\/\/inces.gob.ve\/wp-content\/uploads\/2023\/08\/WhatsApp-Image-2023-08-11-at-4.44.03-PM-1536x1023.jpeg 1536w, https:\/\/inces.gob.ve\/wp-content\/uploads\/2023\/08\/WhatsApp-Image-2023-08-11-at-4.44.03-PM-272x182.jpeg 272w\" sizes=\"auto, (max-width: 1600px) 100vw, 1600px\" \/><\/p>\n<p>&nbsp;<\/p>\n<p style=\"text-align: justify;\">El acto central se realiz\u00f3 en el auditorio de la sede principal de la casa formativa, en la avenida Nueva Granada, y cont\u00f3 con la participaci\u00f3n del viceministro de Comunidades Educativas y Uni\u00f3n con el Pueblo y presidente del Inces, Wuikelman Angel y<br \/>\ndel director general de Supervisi\u00f3n Educativa, Luis Castro, entre otras autoridades locales y regionales.<\/p>\n<p>&nbsp;<\/p>\n<p><img loading=\"lazy\" decoding=\"async\" class=\"aligncenter wp-image-53332 size-full\" src=\"https:\/\/inces.gob.ve\/wp-content\/uploads\/2023\/08\/WhatsApp-Image-2023-08-11-at-4.44.08-PM.jpeg\" alt=\"\" width=\"1600\" height=\"1066\" srcset=\"https:\/\/inces.gob.ve\/wp-content\/uploads\/2023\/08\/WhatsApp-Image-2023-08-11-at-4.44.08-PM.jpeg 1600w, https:\/\/inces.gob.ve\/wp-content\/uploads\/2023\/08\/WhatsApp-Image-2023-08-11-at-4.44.08-PM-300x200.jpeg 300w, https:\/\/inces.gob.ve\/wp-content\/uploads\/2023\/08\/WhatsApp-Image-2023-08-11-at-4.44.08-PM-1024x682.jpeg 1024w, https:\/\/inces.gob.ve\/wp-content\/uploads\/2023\/08\/WhatsApp-Image-2023-08-11-at-4.44.08-PM-768x512.jpeg 768w, https:\/\/inces.gob.ve\/wp-content\/uploads\/2023\/08\/WhatsApp-Image-2023-08-11-at-4.44.08-PM-1536x1023.jpeg 1536w, https:\/\/inces.gob.ve\/wp-content\/uploads\/2023\/08\/WhatsApp-Image-2023-08-11-at-4.44.08-PM-272x182.jpeg 272w\" sizes=\"auto, (max-width: 1600px) 100vw, 1600px\" \/><\/p>\n<p>&nbsp;<\/p>\n<p style=\"text-align: justify;\">La actividad se celebr\u00f3 en todo el pa\u00eds de manera simult\u00e1nea, con transmisi\u00f3n telem\u00e1tica, para que los 2.183 graduandos pudiesen escuchar al un\u00edsono la lectura del ep\u00f3nimo del acto: Bicentenario de la Batalla del Lago de Maracaibo; la petici\u00f3n y conferimiento de t\u00edtulos y el discurso de la autoridad del Ministerio de Educaci\u00f3n, Wuikelman Angel.<\/p>\n<p>&nbsp;<\/p>\n<p>&nbsp;<\/p>\n<p style=\"text-align: justify;\">\u201cHoy hemos tenido un bonito acto en el que hemos conferido m\u00e1s de 2.000 t\u00edtulos a nuestros bachilleres productivos Inces, quienes estudiaron bajo la modalidad Adultos y Adultas en el Ministerio de Educaci\u00f3n. Se trata de un esfuerzo del pueblo venezolano ante las agresiones que recibe, porque la respuesta de Venezuela es el estudio. La invitaci\u00f3n hoy es a seguir incorpor\u00e1ndonos a las aulas y al trabajo, dos procesos que gu\u00edan el modelo de sociedad que nos hemos planteado en la construcci\u00f3n de la Rep\u00fablica Bolivariana de\u00a0 Venezuela\u201d, expuso Wuikelman Angel.<\/p>\n<p>&nbsp;<\/p>\n<p>&nbsp;<\/p>\n<p><img loading=\"lazy\" decoding=\"async\" class=\"aligncenter wp-image-53334 size-full\" src=\"https:\/\/inces.gob.ve\/wp-content\/uploads\/2023\/08\/WhatsApp-Image-2023-08-11-at-4.43.53-PM.jpeg\" alt=\"\" width=\"1600\" height=\"1066\" srcset=\"https:\/\/inces.gob.ve\/wp-content\/uploads\/2023\/08\/WhatsApp-Image-2023-08-11-at-4.43.53-PM.jpeg 1600w, https:\/\/inces.gob.ve\/wp-content\/uploads\/2023\/08\/WhatsApp-Image-2023-08-11-at-4.43.53-PM-300x200.jpeg 300w, https:\/\/inces.gob.ve\/wp-content\/uploads\/2023\/08\/WhatsApp-Image-2023-08-11-at-4.43.53-PM-1024x682.jpeg 1024w, https:\/\/inces.gob.ve\/wp-content\/uploads\/2023\/08\/WhatsApp-Image-2023-08-11-at-4.43.53-PM-768x512.jpeg 768w, https:\/\/inces.gob.ve\/wp-content\/uploads\/2023\/08\/WhatsApp-Image-2023-08-11-at-4.43.53-PM-1536x1023.jpeg 1536w, https:\/\/inces.gob.ve\/wp-content\/uploads\/2023\/08\/WhatsApp-Image-2023-08-11-at-4.43.53-PM-272x182.jpeg 272w\" sizes=\"auto, (max-width: 1600px) 100vw, 1600px\" \/><\/p>\n<p>&nbsp;<\/p>\n<p style=\"text-align: justify;\">El viceministro indic\u00f3 que la actividad forma parte de la celebraci\u00f3n del 64 aniversario del Inces, una instituci\u00f3n creada por el maestro Luis Beltr\u00e1n Prieto Figueroa,\u00a0 a quien a trav\u00e9s del programa Bachillerato Productivo, se le rinden honores.<\/p>\n<p>&nbsp;<\/p>\n<p style=\"text-align: justify;\"><strong>MART\u00cdN LO LOGR\u00d3<\/strong><\/p>\n<p>&nbsp;<\/p>\n<p style=\"text-align: justify;\">Un caso especial de los graduandos es el de Mart\u00edn Miguel Muro, en el estado Portuguesa quien con autismo en grado III, pero con un esp\u00edritu de lucha incre\u00edble, hoy alcanz\u00f3 su t\u00edtulo de bachiller productivo.<\/p>\n<p>&nbsp;<\/p>\n<p style=\"text-align: justify;\">\u201cSu mam\u00e1 nos visit\u00f3 hace un tiempo, y en el programa le dimos la oportunidad de culminar su bachillerato. Ella sab\u00eda que su hijo lo pod\u00eda hacer, a pesar de que en otros liceos le negaron la oportunidad por su condici\u00f3n, pero ella se plant\u00f3 firme, busc\u00f3 oportunidades y lleg\u00f3 al Inces. Aqu\u00ed lo recibimos y lo acompa\u00f1amos en su proceso formativo y hoy recibi\u00f3 su t\u00edtulo con su certificado. El est\u00e1 feliz por su logro y a nosotros se nos llena el alma de tan hermosa y noble que es nuestra instituci\u00f3n\u201d, dijo la gerente regional del Inces en Portuguesa, Aracelis Bello.<\/p>\n<p>&nbsp;<\/p>\n<p>&nbsp;<\/p>\n","protected":false},"excerpt":{"rendered":"<p>** 2.000 de los egresados cuentan con un perfil productivo en su haber, constancia de las habilidades y conocimientos adquiridos en ocupaciones t\u00e9cnicas profesionales<\/p>\n","protected":false},"author":4,"featured_media":53335,"comment_status":"closed","ping_status":"closed","sticky":false,"template":"","format":"standard","meta":{"footnotes":""},"categories":[2],"tags":[],"class_list":["post-53330","post","type-post","status-publish","format-standard","has-post-thumbnail","hentry","category-blog"],"_links":{"self":[{"href":"https:\/\/inces.gob.ve\/index.php\/wp-json\/wp\/v2\/posts\/53330","targetHints":{"allow":["GET"]}}],"collection":[{"href":"https:\/\/inces.gob.ve\/index.php\/wp-json\/wp\/v2\/posts"}],"about":[{"href":"https:\/\/inces.gob.ve\/index.php\/wp-json\/wp\/v2\/types\/post"}],"author":[{"embeddable":true,"href":"https:\/\/inces.gob.ve\/index.php\/wp-json\/wp\/v2\/users\/4"}],"replies":[{"embeddable":true,"href":"https:\/\/inces.gob.ve\/index.php\/wp-json\/wp\/v2\/comments?post=53330"}],"version-history":[{"count":3,"href":"https:\/\/inces.gob.ve\/index.php\/wp-json\/wp\/v2\/posts\/53330\/revisions"}],"predecessor-version":[{"id":53338,"href":"https:\/\/inces.gob.ve\/index.php\/wp-json\/wp\/v2\/posts\/53330\/revisions\/53338"}],"wp:featuredmedia":[{"embeddable":true,"href":"https:\/\/inces.gob.ve\/index.php\/wp-json\/wp\/v2\/media\/53335"}],"wp:attachment":[{"href":"https:\/\/inces.gob.ve\/index.php\/wp-json\/wp\/v2\/media?parent=53330"}],"wp:term":[{"taxonomy":"category","embeddable":true,"href":"https:\/\/inces.gob.ve\/index.php\/wp-json\/wp\/v2\/categories?post=53330"},{"taxonomy":"post_tag","embeddable":true,"href":"https:\/\/inces.gob.ve\/index.php\/wp-json\/wp\/v2\/tags?post=53330"}],"curies":[{"name":"wp","href":"https:\/\/api.w.org\/{rel}","templated":true}]}}