{"id":53347,"date":"2023-08-14T13:58:49","date_gmt":"2023-08-14T17:58:49","guid":{"rendered":"https:\/\/inces.gob.ve\/?p=53347"},"modified":"2023-08-14T13:58:49","modified_gmt":"2023-08-14T17:58:49","slug":"amazonas-actividad-en-conjunto-del-inces-graduo-a-mas-de-2-000-nuevos-bachilleres-productivos-a-nivel-nacional","status":"publish","type":"post","link":"https:\/\/inces.gob.ve\/index.php\/2023\/08\/14\/amazonas-actividad-en-conjunto-del-inces-graduo-a-mas-de-2-000-nuevos-bachilleres-productivos-a-nivel-nacional\/","title":{"rendered":"Amazonas | Actividad en conjunto del Inces gradu\u00f3 a m\u00e1s de 2.000 nuevos bachilleres productivos a nivel nacional\u00a0"},"content":{"rendered":"<p style=\"font-weight: 400; text-align: justify;\">\n<p style=\"font-weight: 400; text-align: justify;\"><span style=\"font-family: helvetica, arial, sans-serif; font-size: 14pt;\"><strong><em>**\u00a0 Inces Amazonas grad\u00faa bachilleres productivos bajo la modalidad joven y adulto<\/em><\/strong><strong><\/p>\n<p><\/strong><!--more--><\/span><\/p>\n<p style=\"font-weight: 400; text-align: justify;\"><span style=\"font-family: helvetica, arial, sans-serif; font-size: 14pt;\"><strong>\u00a0<\/strong><\/span><\/p>\n<p style=\"font-weight: 400; text-align: justify;\"><span style=\"font-family: helvetica, arial, sans-serif; font-size: 14pt;\"><strong>FELIX RUIZ<\/strong><\/span><\/p>\n<p style=\"font-weight: 400; text-align: justify;\">\n<p style=\"font-weight: 400; text-align: justify;\"><span style=\"font-family: helvetica, arial, sans-serif; font-size: 14pt;\">Con el nombre de V Promoci\u00f3n de Bachilleres Productivos Inces en honor al \u201cBicentenario de la Batalla naval del lago de Maracaibo\u201d egresaron\u00a0un total de 22 graduandos bajo\u00a0la modalidad educaci\u00f3n de j\u00f3venes, adultas y adultos de la \u201cUnidad Educativa\u00a0Inces\u201d, los cuales culminaron y cumplieron con los requisitos necesarios, logrando obtener su t\u00edtulo como Bachilleres Productivos de la Rep\u00fablica Bolivariana de Venezuela.\u00a0<\/span><\/p>\n<p style=\"text-align: justify;\">\n<p style=\"font-weight: 400; text-align: justify;\"><span style=\"font-family: helvetica, arial, sans-serif; font-size: 14pt;\">Cabe mencionar que el Instituto Nacional de Capacitaci\u00f3n y Educaci\u00f3n Socialista (Inces), a trav\u00e9s del Programa de Educaci\u00f3n Media General facilita la ejecuci\u00f3n de estudios para la obtenci\u00f3n del Bachillerato con Perfil Productivo, en conjunci\u00f3n con el Ministerio de Educaci\u00f3n (MPPE).<\/span><\/p>\n<p>&nbsp;<\/p>\n<p style=\"text-align: justify;\"><img loading=\"lazy\" decoding=\"async\" class=\"aligncenter wp-image-53350 size-large\" src=\"https:\/\/inces.gob.ve\/wp-content\/uploads\/2023\/08\/WhatsApp-Image-2023-08-12-at-10.24.49-1024x576.jpeg\" alt=\"\" width=\"640\" height=\"360\" srcset=\"https:\/\/inces.gob.ve\/wp-content\/uploads\/2023\/08\/WhatsApp-Image-2023-08-12-at-10.24.49-1024x576.jpeg 1024w, https:\/\/inces.gob.ve\/wp-content\/uploads\/2023\/08\/WhatsApp-Image-2023-08-12-at-10.24.49-300x169.jpeg 300w, https:\/\/inces.gob.ve\/wp-content\/uploads\/2023\/08\/WhatsApp-Image-2023-08-12-at-10.24.49-768x432.jpeg 768w, https:\/\/inces.gob.ve\/wp-content\/uploads\/2023\/08\/WhatsApp-Image-2023-08-12-at-10.24.49.jpeg 1280w\" sizes=\"auto, (max-width: 640px) 100vw, 640px\" \/><\/p>\n<p style=\"font-weight: 400; text-align: justify;\">\n<p>&nbsp;<\/p>\n<p style=\"font-weight: 400; text-align: justify;\"><span style=\"font-family: helvetica, arial, sans-serif; font-size: 14pt;\">Las palabras de apertura fueron dadas por el presidente del Inces, ciudadano Wuikelman Angel Paredes, conectado directo v\u00eda streaming desde el Inces sede ubicado en la ciudad capital,\u00a0quien mencion\u00f3 la importancia del programa bachillerato productivo Inces el cual es especial porque recoge el esp\u00edritu del estudio, de la perseverancia, para aquellos que abandonan en un momento determinado el sistema educativo y gracias al programa, cualquier venezolano pueda incorporarse al estudio y culminarlo, adem\u00e1s resalt\u00f3 que a pesar de las circunstancia que enfrenta nuestro pa\u00eds se contin\u00faan formando bachilleres, para concluir y cerrar con su transmisi\u00f3n \u00a0felicito a todo los graduando a nivel nacional por su lucha y constancia.<\/span><\/p>\n<p style=\"font-weight: 400; text-align: justify;\">\n<p style=\"font-weight: 400; text-align: justify;\"><span style=\"font-family: helvetica, arial, sans-serif; font-size: 14pt;\">Acto seguido\u00a0se inici\u00f3 con la entrega de t\u00edtulos de Bachilleres Productivos a cargo de la gerente regional de Inces Amazonas, Adriana Medina, junto a la directora de la \u00abUnidad Educativa Inces Amazonas\u00bb, Msc. Aliria Guape junto a autoridades de la Zona Educativa. La solicitud de la firma del acta y solicitud de t\u00edtulos fue dada por el ciudadano Gabriel Pereira 1er \u00cdndice Acad\u00e9mico de la unidad educativa Inces Amazonas para continuar con la entrega de los t\u00edtulos a los futuros bachilleres.<\/span><\/p>\n<p style=\"text-align: justify;\">\n<p style=\"font-weight: 400; text-align: justify;\"><img loading=\"lazy\" decoding=\"async\" class=\"aligncenter wp-image-53348 size-large\" src=\"https:\/\/inces.gob.ve\/wp-content\/uploads\/2023\/08\/WhatsApp-Image-2023-08-12-at-10.24.47-1024x576.jpeg\" alt=\"\" width=\"640\" height=\"360\" srcset=\"https:\/\/inces.gob.ve\/wp-content\/uploads\/2023\/08\/WhatsApp-Image-2023-08-12-at-10.24.47-1024x576.jpeg 1024w, https:\/\/inces.gob.ve\/wp-content\/uploads\/2023\/08\/WhatsApp-Image-2023-08-12-at-10.24.47-300x169.jpeg 300w, https:\/\/inces.gob.ve\/wp-content\/uploads\/2023\/08\/WhatsApp-Image-2023-08-12-at-10.24.47-768x432.jpeg 768w, https:\/\/inces.gob.ve\/wp-content\/uploads\/2023\/08\/WhatsApp-Image-2023-08-12-at-10.24.47.jpeg 1280w\" sizes=\"auto, (max-width: 640px) 100vw, 640px\" \/><\/p>\n<p style=\"font-weight: 400; text-align: justify;\"><span style=\"font-family: helvetica, arial, sans-serif; font-size: 14pt;\">\u00a0<\/span><\/p>\n<p style=\"font-weight: 400; text-align: justify;\"><span style=\"font-family: helvetica, arial, sans-serif; font-size: 14pt;\">Por otra parte, Kaelen Garcia, 2do \u00edndice Acad\u00e9mico, dijo: \u201cEn nombre de mis compa\u00f1eros quiero agradecer a todo aquellos que son participe en esta ocasi\u00f3n tan especial, hoy hemos concluido una de las etapas que ten\u00edamos pendiente en nuestra vida y esta es sin duda una de las tantas victorias que est\u00e1n por venir, nunca olvidemos que Dios nos cre\u00f3 para ser vencedores continuemos nuestro camino con la cabeza en alto para enfrentar las pr\u00f3ximas batallas o retos, aquellos consejos que han servido para construir esa escalera que posiblemente nos permitir\u00e1 llegar\u00a0 a donde no propongamos llegar\u201d, puntualiz\u00f3.<\/span><\/p>\n<p style=\"text-align: justify;\">\n<p style=\"font-weight: 400; text-align: justify;\"><span style=\"font-family: helvetica, arial, sans-serif; font-size: 14pt;\">El acto estuvo acompa\u00f1ado por las autoridades, Adriana Medina Gerente Regional de Inces Amazonas, Aliria Guape, Directora de la unidad Educativa Inces, Licda. Eglys Castillo Madrina de ceremonia, Licda. Norelis Rincones, Madrina Acad\u00e9mica, jefe de centro Jhonny Bejas Matute, Belkis Correa, jefa de atenci\u00f3n al Participante del Inces junto a autoridades de la zona educativa.<\/span><\/p>\n<p style=\"text-align: justify;\">\n<p style=\"font-weight: 400; text-align: justify;\"><span style=\"font-family: helvetica, arial, sans-serif; font-size: 14pt;\">El acto fue realizado en las instalaciones del Centro de Formaci\u00f3n Socialista (CFS) Cacique Aramare de la ciudad de Puerto Ayacucho, estado Amazonas.<\/span><\/p>\n<p>&nbsp;<\/p>\n<p style=\"font-weight: 400; text-align: justify;\"><img loading=\"lazy\" decoding=\"async\" class=\"aligncenter wp-image-53351 size-large\" src=\"https:\/\/inces.gob.ve\/wp-content\/uploads\/2023\/08\/WhatsApp-Image-2023-08-12-at-10.25.50-1024x576.jpeg\" alt=\"\" width=\"640\" height=\"360\" srcset=\"https:\/\/inces.gob.ve\/wp-content\/uploads\/2023\/08\/WhatsApp-Image-2023-08-12-at-10.25.50-1024x576.jpeg 1024w, https:\/\/inces.gob.ve\/wp-content\/uploads\/2023\/08\/WhatsApp-Image-2023-08-12-at-10.25.50-300x169.jpeg 300w, https:\/\/inces.gob.ve\/wp-content\/uploads\/2023\/08\/WhatsApp-Image-2023-08-12-at-10.25.50-768x432.jpeg 768w, https:\/\/inces.gob.ve\/wp-content\/uploads\/2023\/08\/WhatsApp-Image-2023-08-12-at-10.25.50.jpeg 1280w\" sizes=\"auto, (max-width: 640px) 100vw, 640px\" \/><\/p>\n","protected":false},"excerpt":{"rendered":"<p>**\u00a0 Inces Amazonas grad\u00faa bachilleres productivos bajo la modalidad joven y adulto<\/p>\n","protected":false},"author":4,"featured_media":53349,"comment_status":"closed","ping_status":"closed","sticky":false,"template":"","format":"standard","meta":{"footnotes":""},"categories":[2],"tags":[],"class_list":["post-53347","post","type-post","status-publish","format-standard","has-post-thumbnail","hentry","category-blog"],"_links":{"self":[{"href":"https:\/\/inces.gob.ve\/index.php\/wp-json\/wp\/v2\/posts\/53347","targetHints":{"allow":["GET"]}}],"collection":[{"href":"https:\/\/inces.gob.ve\/index.php\/wp-json\/wp\/v2\/posts"}],"about":[{"href":"https:\/\/inces.gob.ve\/index.php\/wp-json\/wp\/v2\/types\/post"}],"author":[{"embeddable":true,"href":"https:\/\/inces.gob.ve\/index.php\/wp-json\/wp\/v2\/users\/4"}],"replies":[{"embeddable":true,"href":"https:\/\/inces.gob.ve\/index.php\/wp-json\/wp\/v2\/comments?post=53347"}],"version-history":[{"count":1,"href":"https:\/\/inces.gob.ve\/index.php\/wp-json\/wp\/v2\/posts\/53347\/revisions"}],"predecessor-version":[{"id":53352,"href":"https:\/\/inces.gob.ve\/index.php\/wp-json\/wp\/v2\/posts\/53347\/revisions\/53352"}],"wp:featuredmedia":[{"embeddable":true,"href":"https:\/\/inces.gob.ve\/index.php\/wp-json\/wp\/v2\/media\/53349"}],"wp:attachment":[{"href":"https:\/\/inces.gob.ve\/index.php\/wp-json\/wp\/v2\/media?parent=53347"}],"wp:term":[{"taxonomy":"category","embeddable":true,"href":"https:\/\/inces.gob.ve\/index.php\/wp-json\/wp\/v2\/categories?post=53347"},{"taxonomy":"post_tag","embeddable":true,"href":"https:\/\/inces.gob.ve\/index.php\/wp-json\/wp\/v2\/tags?post=53347"}],"curies":[{"name":"wp","href":"https:\/\/api.w.org\/{rel}","templated":true}]}}