{"id":53353,"date":"2023-08-14T14:06:30","date_gmt":"2023-08-14T18:06:30","guid":{"rendered":"https:\/\/inces.gob.ve\/?p=53353"},"modified":"2023-11-03T09:58:28","modified_gmt":"2023-11-03T13:58:28","slug":"merida-59-nuevos-bachilleres-apuestan-por-lo-productivo","status":"publish","type":"post","link":"https:\/\/inces.gob.ve\/index.php\/2023\/08\/14\/merida-59-nuevos-bachilleres-apuestan-por-lo-productivo\/","title":{"rendered":"M\u00c9RIDA |  59 nuevos bachilleres\u00a0apuestan por lo productivo"},"content":{"rendered":"<p style=\"font-weight: 400; text-align: justify;\"><span style=\"font-family: helvetica, arial, sans-serif; font-size: 14pt;\"><em><strong>** Durante el acto, los graduando recibieron una sorpresa, al recibir como obsequi\u00f3 una tableta Canaima, por parte del padrino de la promoci\u00f3n, el gobernador de M\u00e9rida, Jehyson Guzm\u00e1n<\/strong><\/em><\/span><\/p>\n<p style=\"text-align: justify;\"><span style=\"font-family: helvetica, arial, sans-serif; font-size: 14pt;\"><!--more--><\/span><\/p>\n<p style=\"font-weight: 400; text-align: justify;\"><span style=\"font-family: helvetica, arial, sans-serif; font-size: 14pt;\"><em><strong>NADA LOBO<\/strong><\/em><\/span><\/p>\n<p style=\"font-weight: 400; text-align: justify;\"><span style=\"font-family: helvetica, arial, sans-serif; font-size: 14pt;\">El Inces-M\u00e9rida desarroll\u00f3 de manera exitosa la misa en acci\u00f3n de gracias y el acto\u00a0 acad\u00e9mico de graduaci\u00f3n correspondiente a la VII Promoci\u00f3n de Bachilleres Productivos Inces, modalidad, de j\u00f3venes, adultos y adultas que tuvo lugar en las instalaciones del Centro de Formaci\u00f3n\u00a0 Socialista (CFS) Eli\u00e9zer Otaiza de esta entidad andina.<\/span><\/p>\n<p style=\"font-weight: 400; text-align: justify;\"><span style=\"font-family: helvetica, arial, sans-serif; font-size: 14pt;\">En el pres\u00eddium las siguientes autoridades acompa\u00f1aron el acto acad\u00e9mico: Luz Rivera, de la Secretar\u00eda Econ\u00f3mica del ejecutivo regional, en representaci\u00f3n del gobernador Jehyson Guzm\u00e1n; el profesor Luis Ruiz, supervisor circuital de la Zona Educativa; el gerente regional del Inces, Geldrit Roca; Nizza Salas, coordinadora del Programa\u00a0Bachillerato Productivo en la entidad; y la profesora Carmen Sosa, directora del Liceo Inces-M\u00e9rida.<\/span><\/p>\n<p style=\"text-align: justify;\"><span style=\"font-family: helvetica, arial, sans-serif; font-size: 14pt;\"><img loading=\"lazy\" decoding=\"async\" class=\"aligncenter wp-image-53355 size-large\" src=\"https:\/\/inces.gob.ve\/wp-content\/uploads\/2023\/08\/GRADOS-10-1024x768.jpg\" alt=\"\" width=\"640\" height=\"480\" srcset=\"https:\/\/inces.gob.ve\/wp-content\/uploads\/2023\/08\/GRADOS-10-1024x768.jpg 1024w, https:\/\/inces.gob.ve\/wp-content\/uploads\/2023\/08\/GRADOS-10-300x225.jpg 300w, https:\/\/inces.gob.ve\/wp-content\/uploads\/2023\/08\/GRADOS-10-768x576.jpg 768w, https:\/\/inces.gob.ve\/wp-content\/uploads\/2023\/08\/GRADOS-10-136x102.jpg 136w, https:\/\/inces.gob.ve\/wp-content\/uploads\/2023\/08\/GRADOS-10.jpg 1080w\" sizes=\"auto, (max-width: 640px) 100vw, 640px\" \/><\/span><\/p>\n<p style=\"text-align: justify;\">\n<p style=\"font-weight: 400; text-align: justify;\"><span style=\"font-family: helvetica, arial, sans-serif; font-size: 14pt;\">Luego de las palabras de la coordinadora del programa Bachillerato Productivo Inces, Nizza\u00a0 Salas,\u00a0\u00a0correspondi\u00f3 la\u00a0petici\u00f3n de grado a cargo del estudiante\u00a0 Sim\u00f3n Brice\u00f1o acompa\u00f1ado por Mar\u00eda Dominga Villarreal y Gerardo Izquierdo, quienes en representaci\u00f3n de sus compa\u00f1eros graduandos, solicitan a las autoridades presentes el t\u00edtulo de bachiller.<\/span><\/p>\n<p style=\"font-weight: 400; text-align: justify;\"><span style=\"font-family: helvetica, arial, sans-serif; font-size: 14pt;\">Cumpliendo con los requisitos establecidos, las autoridades procedieron a la entrega de t\u00edtulos, perfiles productivos, medalla de la promoci\u00f3n y una tablet Canaima que les obsequi\u00f3 el padrino de la promoci\u00f3n, el gobernador del estado Bolivariano de M\u00e9rida, Jehyson Guzm\u00e1n.<\/span><\/p>\n<p style=\"text-align: justify;\"><span style=\"font-family: helvetica, arial, sans-serif; font-size: 14pt;\"><img loading=\"lazy\" decoding=\"async\" class=\"aligncenter wp-image-53356 size-large\" src=\"https:\/\/inces.gob.ve\/wp-content\/uploads\/2023\/08\/GRADOS-11-1024x768.jpg\" alt=\"\" width=\"640\" height=\"480\" srcset=\"https:\/\/inces.gob.ve\/wp-content\/uploads\/2023\/08\/GRADOS-11-1024x768.jpg 1024w, https:\/\/inces.gob.ve\/wp-content\/uploads\/2023\/08\/GRADOS-11-300x225.jpg 300w, https:\/\/inces.gob.ve\/wp-content\/uploads\/2023\/08\/GRADOS-11-768x576.jpg 768w, https:\/\/inces.gob.ve\/wp-content\/uploads\/2023\/08\/GRADOS-11-136x102.jpg 136w, https:\/\/inces.gob.ve\/wp-content\/uploads\/2023\/08\/GRADOS-11.jpg 1080w\" sizes=\"auto, (max-width: 640px) 100vw, 640px\" \/><\/span><\/p>\n<p style=\"text-align: justify;\">\n<p style=\"font-weight: 400; text-align: justify;\"><span style=\"font-family: helvetica, arial, sans-serif; font-size: 14pt;\">Con t\u00edtulo y certificado en manos, vinieron las palabras de agradecimiento y correspondi\u00f3 al bachiller Emilio Contreras, emitir su reconocimiento y gratitud\u00a0 por el acompa\u00f1amiento tanto de profesores del Inces, como de sus familiares, quienes estuvieron presentes en cada uno de los momentos, hasta ver materializado su sue\u00f1o como bachiller de la Rep\u00fablica.<\/span><\/p>\n<p style=\"font-weight: 400; text-align: justify;\"><span style=\"font-family: helvetica, arial, sans-serif; font-size: 14pt;\">El evento estuvo cargado de emociones, experiencias y sobre todo, de esperanzas de los nuevos bachilleres, quienes recibieron su acreditaci\u00f3n del Inces en los siguientes perfiles productivos: reposter\u00eda, animador recreador, electricidad, bordado, dulcer\u00eda criolla, elaboraci\u00f3n de salsa, criador de ovino y caprino, costureras, ceramistas, cultivador de caf\u00e9, gu\u00edas de turismo, entre muchos m\u00e1s.<\/span><\/p>\n<p style=\"font-weight: 400; text-align: justify;\"><span style=\"font-family: helvetica, arial, sans-serif; font-size: 14pt;\">En el acto acad\u00e9mico, tambi\u00e9n estuvieron presentes como invitados especiales los profesores Tulio Carrillo,\u00a0 Ana Montero y Franklin Sulbar\u00e1n del programa Estudios Abiertos de la UPTM-Klever Ram\u00edrez; Darcy P\u00e9rez del MPPPST; Yusdely Espinoza de la UNESR zona del p\u00e1ramo; la concejal Evelin Quintero y Mar\u00eda Elena Trejo de la oficina de Corpoelec, as\u00ed como autoridades de los diferentes programas y divisiones del Inces M\u00e9rida.<\/span><\/p>\n<p style=\"text-align: justify;\"><span style=\"font-family: helvetica, arial, sans-serif; font-size: 14pt;\"><img loading=\"lazy\" decoding=\"async\" class=\"aligncenter wp-image-53354 size-large\" src=\"https:\/\/inces.gob.ve\/wp-content\/uploads\/2023\/08\/GRADOS-3-MISA-1024x768.jpg\" alt=\"\" width=\"640\" height=\"480\" srcset=\"https:\/\/inces.gob.ve\/wp-content\/uploads\/2023\/08\/GRADOS-3-MISA-1024x768.jpg 1024w, https:\/\/inces.gob.ve\/wp-content\/uploads\/2023\/08\/GRADOS-3-MISA-300x225.jpg 300w, https:\/\/inces.gob.ve\/wp-content\/uploads\/2023\/08\/GRADOS-3-MISA-768x576.jpg 768w, https:\/\/inces.gob.ve\/wp-content\/uploads\/2023\/08\/GRADOS-3-MISA-136x102.jpg 136w, https:\/\/inces.gob.ve\/wp-content\/uploads\/2023\/08\/GRADOS-3-MISA.jpg 1280w\" sizes=\"auto, (max-width: 640px) 100vw, 640px\" \/><\/span><\/p>\n<p style=\"text-align: justify;\">\n<p style=\"font-weight: 400; text-align: justify;\"><span style=\"font-family: helvetica, arial, sans-serif; font-size: 14pt;\">Emilio Contreras, director y formador musical en el Sistema Nacional de Orquesta, con t\u00edtulo en mano, se mostr\u00f3\u00a0 muy feliz,\u00a0 al tiempo que agradeci\u00f3 todo el apoyo que recibi\u00f3 de los docentes del Inces, para ayudarlos a alcanzar este logro. \u201cEn el Inces, existe un equipo con mucha voluntad, con motivaci\u00f3n, y\u00a0 hacer todo lo que est\u00e9 a su alcance para que los estudiantes, rompamos los obst\u00e1culos y avancemos con el proceso educativo\u201d, dijo.<\/span><\/p>\n<p style=\"font-weight: 400; text-align: justify;\"><span style=\"font-family: helvetica, arial, sans-serif; font-size: 14pt;\">Por su parte, el bachiller Gerardo Izquierdo, quien adem\u00e1s, es vicepresidente de la Izquierda Revolucionaria \u201cGeneral\u00a0M\u00fcller\u00a0Rojas\u201d de M\u00e9rida, manifest\u00f3\u00a0 \u201ces un placer haber cumplido con este sue\u00f1o. Le doy las gracias al Inces que nos abri\u00f3 las puertas y ahora me preparo para seguir los estudios universitarios en agroecolog\u00eda\u201d.<\/span><\/p>\n<p style=\"text-align: justify;\">\n<p style=\"text-align: justify;\"><strong><span style=\"font-family: helvetica, arial, sans-serif; font-size: 14pt;\">UNA HISTORIA MOTIVADORA<\/span><\/strong><\/p>\n<p style=\"text-align: justify;\"><span style=\"font-family: helvetica, arial, sans-serif; font-size: 14pt;\">Franklin Daniel Montilla \u00c1ngulo emigr\u00f3, como muchos j\u00f3venes venezolanos, a Ecuador, con la esperanza de labrarse un futuro mejor para \u00e9l y para su familia. <\/span><\/p>\n<p>&nbsp;<\/p>\n<p style=\"text-align: justify;\"><span style=\"font-family: helvetica, arial, sans-serif; font-size: 14pt;\">Al salir de Venezuela no hab\u00eda culminado sus estudios de bachillerato, y sin embargo, al llegar a Quito &#8211; Ecuador, consigui\u00f3 la oportunidad de proseguir sus estudios gracias a la alianza que hab\u00eda establecido el Inces con el consulado destacado en ese pa\u00eds. <\/span><\/p>\n<p><img loading=\"lazy\" decoding=\"async\" class=\"alignnone size-medium wp-image-55454\" src=\"https:\/\/inces.gob.ve\/wp-content\/uploads\/2023\/11\/WhatsApp-Image-2023-11-03-at-8.53.00-AM-1-225x300.jpeg\" alt=\"\" width=\"225\" height=\"300\" srcset=\"https:\/\/inces.gob.ve\/wp-content\/uploads\/2023\/11\/WhatsApp-Image-2023-11-03-at-8.53.00-AM-1-225x300.jpeg 225w, https:\/\/inces.gob.ve\/wp-content\/uploads\/2023\/11\/WhatsApp-Image-2023-11-03-at-8.53.00-AM-1-768x1024.jpeg 768w, https:\/\/inces.gob.ve\/wp-content\/uploads\/2023\/11\/WhatsApp-Image-2023-11-03-at-8.53.00-AM-1-1152x1536.jpeg 1152w, https:\/\/inces.gob.ve\/wp-content\/uploads\/2023\/11\/WhatsApp-Image-2023-11-03-at-8.53.00-AM-1.jpeg 1200w\" sizes=\"auto, (max-width: 225px) 100vw, 225px\" \/> <img loading=\"lazy\" decoding=\"async\" class=\"alignnone size-medium wp-image-55459\" src=\"https:\/\/inces.gob.ve\/wp-content\/uploads\/2023\/08\/WhatsApp-Image-2023-11-03-at-9.56.53-AM-1-289x300.jpeg\" alt=\"\" width=\"289\" height=\"300\" srcset=\"https:\/\/inces.gob.ve\/wp-content\/uploads\/2023\/08\/WhatsApp-Image-2023-11-03-at-9.56.53-AM-1-289x300.jpeg 289w, https:\/\/inces.gob.ve\/wp-content\/uploads\/2023\/08\/WhatsApp-Image-2023-11-03-at-9.56.53-AM-1-986x1024.jpeg 986w, https:\/\/inces.gob.ve\/wp-content\/uploads\/2023\/08\/WhatsApp-Image-2023-11-03-at-9.56.53-AM-1-768x798.jpeg 768w, https:\/\/inces.gob.ve\/wp-content\/uploads\/2023\/08\/WhatsApp-Image-2023-11-03-at-9.56.53-AM-1.jpeg 1040w\" sizes=\"auto, (max-width: 289px) 100vw, 289px\" \/><\/p>\n<p style=\"text-align: justify;\"><span style=\"font-family: helvetica, arial, sans-serif; font-size: 14pt;\">Franklin comenz\u00f3 a estudiar en l\u00ednea con profesores venezolanos del Inces y bajo la metodolog\u00eda que esa instituci\u00f3n manja, situaci\u00f3n que le motiv\u00f3 a regresar a su pa\u00eds para culminar sus estudios en su patria.<\/span><\/p>\n<p style=\"text-align: justify;\">\n<span style=\"font-family: helvetica, arial, sans-serif; font-size: 14pt;\">Ya de vuelta en el estado M\u00e9rida hace un segundo contacto con la casa formativa para continuar el proyecto iniciado en la Rep\u00fablica ecuatoriana.<\/span><\/p>\n<p style=\"text-align: justify;\">\n<span style=\"font-family: helvetica, arial, sans-serif; font-size: 14pt;\">Hoy Franklin es bachiller productivo Inces con estudios iniciados en Ecuador y culminados en su tierra natal.<\/span><\/p>\n<p>&nbsp;<\/p>\n<p style=\"text-align: justify;\"><span style=\"font-family: helvetica, arial, sans-serif; font-size: 14pt;\">Su perfil es de recreador y siempre que tiene la oportunidad demuestra su agradecimiento al Inces y al gobierno bolivariano por la oportunidad de retomar sus estudios y otorgarle los conocimientos y habilidades necesarios para incorporarse al mundo laboral, pero sobre todo por haber vuelto a su patria con una gran oportunidad para construir su futuro.<\/span><\/p>\n<p style=\"font-weight: 400; text-align: justify;\"><span style=\"font-family: helvetica, arial, sans-serif; font-size: 14pt;\"><strong>\u00a0<\/strong><\/span><\/p>\n","protected":false},"excerpt":{"rendered":"<p>** Durante el acto, los graduando recibieron una sorpresa, al recibir como obsequi\u00f3 una tableta Canaima, por parte del padrino de la promoci\u00f3n, el gobernador de M\u00e9rida, Jehyson Guzm\u00e1n<\/p>\n","protected":false},"author":4,"featured_media":53357,"comment_status":"closed","ping_status":"closed","sticky":false,"template":"","format":"standard","meta":{"footnotes":""},"categories":[2],"tags":[],"class_list":["post-53353","post","type-post","status-publish","format-standard","has-post-thumbnail","hentry","category-blog"],"_links":{"self":[{"href":"https:\/\/inces.gob.ve\/index.php\/wp-json\/wp\/v2\/posts\/53353","targetHints":{"allow":["GET"]}}],"collection":[{"href":"https:\/\/inces.gob.ve\/index.php\/wp-json\/wp\/v2\/posts"}],"about":[{"href":"https:\/\/inces.gob.ve\/index.php\/wp-json\/wp\/v2\/types\/post"}],"author":[{"embeddable":true,"href":"https:\/\/inces.gob.ve\/index.php\/wp-json\/wp\/v2\/users\/4"}],"replies":[{"embeddable":true,"href":"https:\/\/inces.gob.ve\/index.php\/wp-json\/wp\/v2\/comments?post=53353"}],"version-history":[{"count":3,"href":"https:\/\/inces.gob.ve\/index.php\/wp-json\/wp\/v2\/posts\/53353\/revisions"}],"predecessor-version":[{"id":55460,"href":"https:\/\/inces.gob.ve\/index.php\/wp-json\/wp\/v2\/posts\/53353\/revisions\/55460"}],"wp:featuredmedia":[{"embeddable":true,"href":"https:\/\/inces.gob.ve\/index.php\/wp-json\/wp\/v2\/media\/53357"}],"wp:attachment":[{"href":"https:\/\/inces.gob.ve\/index.php\/wp-json\/wp\/v2\/media?parent=53353"}],"wp:term":[{"taxonomy":"category","embeddable":true,"href":"https:\/\/inces.gob.ve\/index.php\/wp-json\/wp\/v2\/categories?post=53353"},{"taxonomy":"post_tag","embeddable":true,"href":"https:\/\/inces.gob.ve\/index.php\/wp-json\/wp\/v2\/tags?post=53353"}],"curies":[{"name":"wp","href":"https:\/\/api.w.org\/{rel}","templated":true}]}}