{"id":53390,"date":"2023-08-15T13:42:41","date_gmt":"2023-08-15T17:42:41","guid":{"rendered":"https:\/\/inces.gob.ve\/?p=53390"},"modified":"2023-08-15T13:46:48","modified_gmt":"2023-08-15T17:46:48","slug":"aragua-nos-sumamos-al-evento-nacional-de-graduacion-de-bachilleres-inces","status":"publish","type":"post","link":"https:\/\/inces.gob.ve\/index.php\/2023\/08\/15\/aragua-nos-sumamos-al-evento-nacional-de-graduacion-de-bachilleres-inces\/","title":{"rendered":"ARAGUA | Nos sumamos al evento nacional de Graduaci\u00f3n de Bachilleres Inces"},"content":{"rendered":"<div dir=\"auto\" style=\"text-align: justify;\"><em><strong><span style=\"font-family: helvetica, arial, sans-serif; font-size: 14pt;\">** Con gran emoci\u00f3n estudiantes, amigos, padres, representantes y trabajadores disfrutaron del acto<\/span><\/strong><\/em><\/div>\n<p><!--more--><\/p>\n<div dir=\"auto\" style=\"text-align: justify;\"><\/div>\n<div style=\"text-align: justify;\"><span style=\"font-family: helvetica, arial, sans-serif; font-size: 14pt;\">NINOSKA PATRIZ<\/span><\/div>\n<div dir=\"auto\" style=\"text-align: justify;\"><span style=\"font-family: helvetica, arial, sans-serif; font-size: 14pt;\">En una transmisi\u00f3n simult\u00e1nea\u00a0 se realiz\u00f3 el Acto de Graduaci\u00f3n de los Bachilleres con Perfil Productivo, en conexi\u00f3n con 24 regiones del pa\u00eds.<\/span><\/div>\n<div dir=\"auto\"><\/div>\n<div dir=\"auto\"><img loading=\"lazy\" decoding=\"async\" class=\"aligncenter wp-image-53396 size-full\" src=\"https:\/\/inces.gob.ve\/wp-content\/uploads\/2023\/08\/Graduacion-de-Bachilleres-7-.jpg\" alt=\"\" width=\"780\" height=\"788\" srcset=\"https:\/\/inces.gob.ve\/wp-content\/uploads\/2023\/08\/Graduacion-de-Bachilleres-7-.jpg 780w, https:\/\/inces.gob.ve\/wp-content\/uploads\/2023\/08\/Graduacion-de-Bachilleres-7--297x300.jpg 297w, https:\/\/inces.gob.ve\/wp-content\/uploads\/2023\/08\/Graduacion-de-Bachilleres-7--768x776.jpg 768w\" sizes=\"auto, (max-width: 780px) 100vw, 780px\" \/><\/div>\n<div dir=\"auto\" style=\"text-align: justify;\"><\/div>\n<div dir=\"auto\" style=\"text-align: justify;\"><span style=\"font-family: helvetica, arial, sans-serif; font-size: 14pt;\">Al respecto, el presidente del Inces, Wuikelman Angel,\u00a0 viceministro y presidente del Inces, dirigi\u00f3 palabras de felicitaciones y reconocimiento a todos los graduandos de las unidades educativas Inces.<\/span><\/div>\n<div dir=\"auto\"><\/div>\n<div dir=\"auto\"><img loading=\"lazy\" decoding=\"async\" class=\"aligncenter wp-image-53392 size-full\" src=\"https:\/\/inces.gob.ve\/wp-content\/uploads\/2023\/08\/Graduacion-de-Bachilleres-2-.jpg\" alt=\"\" width=\"750\" height=\"699\" srcset=\"https:\/\/inces.gob.ve\/wp-content\/uploads\/2023\/08\/Graduacion-de-Bachilleres-2-.jpg 750w, https:\/\/inces.gob.ve\/wp-content\/uploads\/2023\/08\/Graduacion-de-Bachilleres-2--300x280.jpg 300w, https:\/\/inces.gob.ve\/wp-content\/uploads\/2023\/08\/Graduacion-de-Bachilleres-2--340x316.jpg 340w\" sizes=\"auto, (max-width: 750px) 100vw, 750px\" \/><\/div>\n<div dir=\"auto\" style=\"text-align: justify;\"><\/div>\n<div dir=\"auto\" style=\"text-align: justify;\"><span style=\"font-family: helvetica, arial, sans-serif; font-size: 14pt;\">Aragua tambi\u00e9n dijo presente con sus autoridades. La Gerente Regional, Yelitza Rodr\u00edguez, junto a su excelente equipo de trabajo: la jefa de la Unidad Educaci\u00f3n B\u00e1sica Magister Sorangel Blanco, equipo de Zona Educativa de Aragua y las Coordinaciones de centros y unidades de los municipios.<\/span><\/div>\n<div dir=\"auto\"><\/div>\n<div dir=\"auto\"><img loading=\"lazy\" decoding=\"async\" class=\"aligncenter wp-image-53393 size-full\" src=\"https:\/\/inces.gob.ve\/wp-content\/uploads\/2023\/08\/Graduacion-de-Bachilleres-6-.jpg\" alt=\"\" width=\"750\" height=\"672\" srcset=\"https:\/\/inces.gob.ve\/wp-content\/uploads\/2023\/08\/Graduacion-de-Bachilleres-6-.jpg 750w, https:\/\/inces.gob.ve\/wp-content\/uploads\/2023\/08\/Graduacion-de-Bachilleres-6--300x269.jpg 300w\" sizes=\"auto, (max-width: 750px) 100vw, 750px\" \/><\/div>\n<div dir=\"auto\" style=\"text-align: justify;\"><\/div>\n<div dir=\"auto\" style=\"text-align: justify;\"><span style=\"font-family: helvetica, arial, sans-serif; font-size: 14pt;\">Con 180 nuevos Bachilleres de la Rep\u00fablica Bolivariana de Venezuela, seguimos celebrando #64A\u00f1osEnse\u00f1andoLaT\u00e9cnica y sumando semillas de exitos y bendiciones.<\/span><\/div>\n<div dir=\"auto\"><\/div>\n<div dir=\"auto\"><img loading=\"lazy\" decoding=\"async\" class=\"aligncenter wp-image-53395 size-full\" src=\"https:\/\/inces.gob.ve\/wp-content\/uploads\/2023\/08\/Graduacion-de-Bachilleres-4-.jpg\" alt=\"\" width=\"750\" height=\"569\" srcset=\"https:\/\/inces.gob.ve\/wp-content\/uploads\/2023\/08\/Graduacion-de-Bachilleres-4-.jpg 750w, https:\/\/inces.gob.ve\/wp-content\/uploads\/2023\/08\/Graduacion-de-Bachilleres-4--300x228.jpg 300w, https:\/\/inces.gob.ve\/wp-content\/uploads\/2023\/08\/Graduacion-de-Bachilleres-4--136x102.jpg 136w\" sizes=\"auto, (max-width: 750px) 100vw, 750px\" \/><\/div>\n","protected":false},"excerpt":{"rendered":"<p>** Con gran emoci\u00f3n estudiantes, amigos, padres, representantes y trabajadores disfrutaron del acto<\/p>\n","protected":false},"author":15,"featured_media":53391,"comment_status":"closed","ping_status":"closed","sticky":false,"template":"","format":"standard","meta":{"footnotes":""},"categories":[2],"tags":[],"class_list":["post-53390","post","type-post","status-publish","format-standard","has-post-thumbnail","hentry","category-blog"],"_links":{"self":[{"href":"https:\/\/inces.gob.ve\/index.php\/wp-json\/wp\/v2\/posts\/53390","targetHints":{"allow":["GET"]}}],"collection":[{"href":"https:\/\/inces.gob.ve\/index.php\/wp-json\/wp\/v2\/posts"}],"about":[{"href":"https:\/\/inces.gob.ve\/index.php\/wp-json\/wp\/v2\/types\/post"}],"author":[{"embeddable":true,"href":"https:\/\/inces.gob.ve\/index.php\/wp-json\/wp\/v2\/users\/15"}],"replies":[{"embeddable":true,"href":"https:\/\/inces.gob.ve\/index.php\/wp-json\/wp\/v2\/comments?post=53390"}],"version-history":[{"count":2,"href":"https:\/\/inces.gob.ve\/index.php\/wp-json\/wp\/v2\/posts\/53390\/revisions"}],"predecessor-version":[{"id":53398,"href":"https:\/\/inces.gob.ve\/index.php\/wp-json\/wp\/v2\/posts\/53390\/revisions\/53398"}],"wp:featuredmedia":[{"embeddable":true,"href":"https:\/\/inces.gob.ve\/index.php\/wp-json\/wp\/v2\/media\/53391"}],"wp:attachment":[{"href":"https:\/\/inces.gob.ve\/index.php\/wp-json\/wp\/v2\/media?parent=53390"}],"wp:term":[{"taxonomy":"category","embeddable":true,"href":"https:\/\/inces.gob.ve\/index.php\/wp-json\/wp\/v2\/categories?post=53390"},{"taxonomy":"post_tag","embeddable":true,"href":"https:\/\/inces.gob.ve\/index.php\/wp-json\/wp\/v2\/tags?post=53390"}],"curies":[{"name":"wp","href":"https:\/\/api.w.org\/{rel}","templated":true}]}}