{"id":53419,"date":"2023-08-15T14:17:12","date_gmt":"2023-08-15T18:17:12","guid":{"rendered":"https:\/\/inces.gob.ve\/?p=53419"},"modified":"2023-08-16T13:12:26","modified_gmt":"2023-08-16T17:12:26","slug":"guarico-continua-segunda-semana-de-celebracion","status":"publish","type":"post","link":"https:\/\/inces.gob.ve\/index.php\/2023\/08\/15\/guarico-continua-segunda-semana-de-celebracion\/","title":{"rendered":"GUARICO | Continua segunda semana de celebraci\u00f3n"},"content":{"rendered":"<div class=\"gmail_quote\" style=\"text-align: justify;\">\n<p><em><strong><span style=\"font-family: helvetica, arial, sans-serif; font-size: 14pt;\">** En tiempos de aniversario el Inces contin\u00faa con actividades<\/span><\/strong><\/em><\/p>\n<\/div>\n<p><!--more--><\/p>\n<p>&nbsp;<\/p>\n<p>&nbsp;<\/p>\n<div class=\"gmail_quote\" style=\"text-align: justify;\"><span style=\"font-family: helvetica, arial, sans-serif; font-size: 14pt;\">YAMILEX APONTE<\/span><br \/>\n<span style=\"font-family: helvetica, arial, sans-serif; font-size: 14pt;\">Para continuar con las actividades en el marco del 64 aniversario del Instituto Nacional de Capacitaci\u00f3n y Educaci\u00f3n Socialista (Inces), en Gu\u00e1rico, se siguen <\/span><span style=\"font-family: helvetica, arial, sans-serif; font-size: 14pt;\">llevando a cabo diferentes actividades tanto formativas como de celebraci\u00f3n.<\/span><\/div>\n<div><\/div>\n<div><img loading=\"lazy\" decoding=\"async\" class=\"aligncenter wp-image-53421 size-full\" src=\"https:\/\/inces.gob.ve\/wp-content\/uploads\/2023\/08\/WhatsApp-Image-2023-08-08-at-8.34.37-AM-e1692122962384.jpeg\" alt=\"\" width=\"800\" height=\"600\" srcset=\"https:\/\/inces.gob.ve\/wp-content\/uploads\/2023\/08\/WhatsApp-Image-2023-08-08-at-8.34.37-AM-e1692122962384.jpeg 800w, https:\/\/inces.gob.ve\/wp-content\/uploads\/2023\/08\/WhatsApp-Image-2023-08-08-at-8.34.37-AM-e1692122962384-300x225.jpeg 300w, https:\/\/inces.gob.ve\/wp-content\/uploads\/2023\/08\/WhatsApp-Image-2023-08-08-at-8.34.37-AM-e1692122962384-768x576.jpeg 768w, https:\/\/inces.gob.ve\/wp-content\/uploads\/2023\/08\/WhatsApp-Image-2023-08-08-at-8.34.37-AM-e1692122962384-136x102.jpeg 136w\" sizes=\"auto, (max-width: 800px) 100vw, 800px\" \/><\/div>\n<div class=\"gmail_quote\" style=\"text-align: justify;\"><span style=\"font-family: helvetica, arial, sans-serif; font-size: 14pt;\">Gira de medios<\/span><\/div>\n<div class=\"gmail_quote\" style=\"text-align: justify;\"><span style=\"font-family: helvetica, arial, sans-serif; font-size: 14pt;\">En el transcurso de la semana se cumpli\u00f3 con la gira de medios, con entrevista realizada a la gerente regional en la emisora Radio Fe y Alegr\u00eda, de igual forma, la gerente asisti\u00f3 a la emisora UNERG La Universitaria, atendiendo a la invitaci\u00f3n de la profesora Elizabeth Charmell, coordinadora regional del Instituto Nacional de la Mujer, donde enfatiz\u00f3 sobre el papel fundamental del Inces en la pr\u00e1ctica a los participantes que se les ofrece a los participantes sin dejar de lado la formaci\u00f3n en el \u00e1rea de los valores, as\u00ed como la invitaci\u00f3n al acompa\u00f1amiento en las diferentes actividades que tiene programada en la celebraci\u00f3n del 64 aniversario.<\/span><\/div>\n<div><\/div>\n<div><img loading=\"lazy\" decoding=\"async\" class=\"aligncenter wp-image-53426 size-full\" src=\"https:\/\/inces.gob.ve\/wp-content\/uploads\/2023\/08\/WhatsApp-Image-2023-08-10-at-10.45.37-AM-e1692123141438.jpeg\" alt=\"\" width=\"800\" height=\"599\" srcset=\"https:\/\/inces.gob.ve\/wp-content\/uploads\/2023\/08\/WhatsApp-Image-2023-08-10-at-10.45.37-AM-e1692123141438.jpeg 800w, https:\/\/inces.gob.ve\/wp-content\/uploads\/2023\/08\/WhatsApp-Image-2023-08-10-at-10.45.37-AM-e1692123141438-300x225.jpeg 300w, https:\/\/inces.gob.ve\/wp-content\/uploads\/2023\/08\/WhatsApp-Image-2023-08-10-at-10.45.37-AM-e1692123141438-768x575.jpeg 768w, https:\/\/inces.gob.ve\/wp-content\/uploads\/2023\/08\/WhatsApp-Image-2023-08-10-at-10.45.37-AM-e1692123141438-136x102.jpeg 136w\" sizes=\"auto, (max-width: 800px) 100vw, 800px\" \/><\/div>\n<div class=\"gmail_quote\" style=\"text-align: justify;\"><span style=\"font-family: helvetica, arial, sans-serif; font-size: 14pt;\">Homenaje al fundador<\/span><br \/>\n<span style=\"font-family: helvetica, arial, sans-serif; font-size: 14pt;\">Se rindi\u00f3 especial homenaje con lecturas y semblanzas del maestro creador Luis Beltr\u00e1n Prieto Figueroa, as\u00ed como una ofrenda floral y toma de diferentes espacios p\u00fablicos, donde realiz\u00f3 jornada para orientar y captar personas para los procesos formativos que ofrece el Inces. Es importante destacar la participaci\u00f3n de los Inces municipales quienes han entendido y asumido el compromiso del Inces como instituci\u00f3n activa.<\/span><\/div>\n<div><\/div>\n<div><img loading=\"lazy\" decoding=\"async\" class=\"aligncenter wp-image-53422 size-large\" src=\"https:\/\/inces.gob.ve\/wp-content\/uploads\/2023\/08\/WhatsApp-Image-2023-08-08-at-8.37.38-AM-e1692123187464-768x1024.jpeg\" alt=\"\" width=\"640\" height=\"853\" srcset=\"https:\/\/inces.gob.ve\/wp-content\/uploads\/2023\/08\/WhatsApp-Image-2023-08-08-at-8.37.38-AM-e1692123187464-768x1024.jpeg 768w, https:\/\/inces.gob.ve\/wp-content\/uploads\/2023\/08\/WhatsApp-Image-2023-08-08-at-8.37.38-AM-e1692123187464-225x300.jpeg 225w, https:\/\/inces.gob.ve\/wp-content\/uploads\/2023\/08\/WhatsApp-Image-2023-08-08-at-8.37.38-AM-e1692123187464.jpeg 800w\" sizes=\"auto, (max-width: 640px) 100vw, 640px\" \/><\/div>\n<div class=\"gmail_quote\" style=\"text-align: justify;\"><span style=\"font-family: helvetica, arial, sans-serif; font-size: 14pt;\">Jornadas formativas<\/span><br \/>\n<span style=\"font-family: helvetica, arial, sans-serif; font-size: 14pt;\">De igual forma el equipo del Inces estuvo muy atento al Simposio \u201cRetos y desaf\u00edos de la inteligencia artificial para el mundo de la educaci\u00f3n y formaci\u00f3n <\/span><span style=\"font-family: helvetica, arial, sans-serif; font-size: 14pt;\">t\u00e9cnica y profesional\u201d llevado a cabo con invitados interesantes, Dr. Carlos Berbesi, Dr Giovanni Nani Lozada, Dr. Juan Javier Sareli, Msc Raimond Marquina,<\/span><br \/>\n<span style=\"font-family: helvetica, arial, sans-serif; font-size: 14pt;\">Mcs Angel Alvarado y Lcdo. Carlos Parra. En el mismo se tocaron algunos t\u00f3picos interesantes acerca de los beneficios de la inteligencia artificial (IA) para facilitar el aprendizaje en el mundo de la educaci\u00f3n.\u00a0<\/span><\/div>\n<div><\/div>\n<div><img loading=\"lazy\" decoding=\"async\" class=\"aligncenter wp-image-53425 size-full\" src=\"https:\/\/inces.gob.ve\/wp-content\/uploads\/2023\/08\/WhatsApp-Image-2023-08-10-at-10.35.53-AM-e1692123263890.jpeg\" alt=\"\" width=\"800\" height=\"384\" srcset=\"https:\/\/inces.gob.ve\/wp-content\/uploads\/2023\/08\/WhatsApp-Image-2023-08-10-at-10.35.53-AM-e1692123263890.jpeg 800w, https:\/\/inces.gob.ve\/wp-content\/uploads\/2023\/08\/WhatsApp-Image-2023-08-10-at-10.35.53-AM-e1692123263890-300x144.jpeg 300w, https:\/\/inces.gob.ve\/wp-content\/uploads\/2023\/08\/WhatsApp-Image-2023-08-10-at-10.35.53-AM-e1692123263890-768x369.jpeg 768w\" sizes=\"auto, (max-width: 800px) 100vw, 800px\" \/><\/div>\n<div class=\"gmail_quote\" style=\"text-align: justify;\"><\/div>\n<div class=\"gmail_quote\" style=\"text-align: justify;\"><span style=\"font-family: helvetica, arial, sans-serif; font-size: 14pt;\">La segunda jornada formativa fue el conversatorio \u201cRetos del Periodismo Venezolano Frente a las Nuevas Tecnolog\u00edas\u00a0 de la Informaci\u00f3n\u201d, con la participaci\u00f3n del productor Alfer Unamo, el presidente de YVKE_Mundial Alejandro Silva, con la oradora de orden Longina Tovar, gerente\u00a0de jefa nacional de Prensa del Inces.<\/span><\/div>\n<div class=\"gmail_quote\"><span style=\"font-family: helvetica, arial, sans-serif; font-size: 14pt;\">Es importante resaltar, que con el desarrollo de estas actividades, el Inces demuestra, que no solo est\u00e1 presto a formar y capacitar para la producci\u00f3n, sino <\/span><span style=\"font-family: helvetica, arial, sans-serif; font-size: 14pt;\">que est\u00e1 que es un lugar de encuentro y hermandad.<\/span><\/div>\n<div class=\"gmail_quote\">\n<p><img loading=\"lazy\" decoding=\"async\" class=\"aligncenter wp-image-53423 size-full\" src=\"https:\/\/inces.gob.ve\/wp-content\/uploads\/2023\/08\/WhatsApp-Image-2023-08-08-at-9.12.53-AM-1-e1692123302903.jpeg\" alt=\"\" width=\"800\" height=\"450\" srcset=\"https:\/\/inces.gob.ve\/wp-content\/uploads\/2023\/08\/WhatsApp-Image-2023-08-08-at-9.12.53-AM-1-e1692123302903.jpeg 800w, https:\/\/inces.gob.ve\/wp-content\/uploads\/2023\/08\/WhatsApp-Image-2023-08-08-at-9.12.53-AM-1-e1692123302903-300x169.jpeg 300w, https:\/\/inces.gob.ve\/wp-content\/uploads\/2023\/08\/WhatsApp-Image-2023-08-08-at-9.12.53-AM-1-e1692123302903-768x432.jpeg 768w\" sizes=\"auto, (max-width: 800px) 100vw, 800px\" \/><\/p>\n<p><span style=\"font-family: helvetica, arial, sans-serif; font-size: 14pt;\">Cabe destacar que la gerencia regional, sigue con la programaci\u00f3n de nuevas actividades en el marco de la celebraci\u00f3n del 64 aniversario, tal como lo ha\u00a0 <\/span><span style=\"font-family: helvetica, arial, sans-serif; font-size: 14pt;\">orientado la rector\u00eda de esta instituci\u00f3n.<\/span><\/p>\n<div class=\"yj6qo\" style=\"text-align: justify;\"><\/div>\n<div class=\"adL\"><\/div>\n<\/div>\n<div><\/div>\n","protected":false},"excerpt":{"rendered":"<p>** En tiempos de aniversario el Inces contin\u00faa con actividades<\/p>\n","protected":false},"author":15,"featured_media":53424,"comment_status":"closed","ping_status":"closed","sticky":false,"template":"","format":"standard","meta":{"footnotes":""},"categories":[2],"tags":[],"class_list":["post-53419","post","type-post","status-publish","format-standard","has-post-thumbnail","hentry","category-blog"],"_links":{"self":[{"href":"https:\/\/inces.gob.ve\/index.php\/wp-json\/wp\/v2\/posts\/53419","targetHints":{"allow":["GET"]}}],"collection":[{"href":"https:\/\/inces.gob.ve\/index.php\/wp-json\/wp\/v2\/posts"}],"about":[{"href":"https:\/\/inces.gob.ve\/index.php\/wp-json\/wp\/v2\/types\/post"}],"author":[{"embeddable":true,"href":"https:\/\/inces.gob.ve\/index.php\/wp-json\/wp\/v2\/users\/15"}],"replies":[{"embeddable":true,"href":"https:\/\/inces.gob.ve\/index.php\/wp-json\/wp\/v2\/comments?post=53419"}],"version-history":[{"count":5,"href":"https:\/\/inces.gob.ve\/index.php\/wp-json\/wp\/v2\/posts\/53419\/revisions"}],"predecessor-version":[{"id":53440,"href":"https:\/\/inces.gob.ve\/index.php\/wp-json\/wp\/v2\/posts\/53419\/revisions\/53440"}],"wp:featuredmedia":[{"embeddable":true,"href":"https:\/\/inces.gob.ve\/index.php\/wp-json\/wp\/v2\/media\/53424"}],"wp:attachment":[{"href":"https:\/\/inces.gob.ve\/index.php\/wp-json\/wp\/v2\/media?parent=53419"}],"wp:term":[{"taxonomy":"category","embeddable":true,"href":"https:\/\/inces.gob.ve\/index.php\/wp-json\/wp\/v2\/categories?post=53419"},{"taxonomy":"post_tag","embeddable":true,"href":"https:\/\/inces.gob.ve\/index.php\/wp-json\/wp\/v2\/tags?post=53419"}],"curies":[{"name":"wp","href":"https:\/\/api.w.org\/{rel}","templated":true}]}}