{"id":53448,"date":"2023-08-16T13:24:34","date_gmt":"2023-08-16T17:24:34","guid":{"rendered":"https:\/\/inces.gob.ve\/?p=53448"},"modified":"2023-08-16T13:26:28","modified_gmt":"2023-08-16T17:26:28","slug":"falcon-en-inces-realizaron-conversatorio-sobre-el-juramento-en-el-monte-sacro","status":"publish","type":"post","link":"https:\/\/inces.gob.ve\/index.php\/2023\/08\/16\/falcon-en-inces-realizaron-conversatorio-sobre-el-juramento-en-el-monte-sacro\/","title":{"rendered":"FALC\u00d3N | En Inces realizaron conversatorio sobre el Juramento en el Monte Sacro"},"content":{"rendered":"<p style=\"text-align: justify;\" align=\"center\"><em><strong><span style=\"font-size: 14pt; font-family: helvetica, arial, sans-serif;\"><span style=\"color: #000000;\">** \u00ab<\/span><span style=\"color: #000000;\">Juro delante de usted, juro por el Dios de mis padres, juro por ellos, juro por mi honor y juro por la Patria, que no dar\u00e9 descanso a mi brazo ni reposo a mi alma, hasta que <\/span>haya roto las cadenas que nos oprimen por voluntad del poder espa\u00f1ol\u00bb.<\/span><\/strong><\/em><!--more--><\/p>\n<p style=\"text-align: justify;\" align=\"justify\"><span style=\"font-family: helvetica, arial, sans-serif; font-size: 14pt;\"><span style=\"color: #000000;\"><b>MIRIAM GONZ\u00c1LEZ VILLARROEL<\/b><\/span><span style=\"color: #000000;\">.<\/span><\/span><\/p>\n<p style=\"text-align: justify;\" align=\"justify\"><span style=\"font-family: helvetica, arial, sans-serif; font-size: 14pt;\">Como parte de las actividades que se realizan con motivo del <b>64 Aniversario del Inces<\/b>, se desarroll\u00f3 en los espacios del centro de formaci\u00f3n socialista (CFS) \u201cJos\u00e9 Leonardo Chirino\u201d en la ciudad de Coro, un conversatorio sobre el <b>Juramento en el Monte Sacro, <\/b>acci\u00f3n, que realiz\u00f3 el Libertador Sim\u00f3n Bol\u00edvar, donde jur\u00f3 luchar sin tregua por la libertad de Venezuela.<\/span><\/p>\n<p style=\"text-align: justify;\" align=\"justify\"><img loading=\"lazy\" decoding=\"async\" class=\"aligncenter wp-image-53449 size-full\" src=\"https:\/\/inces.gob.ve\/wp-content\/uploads\/2023\/08\/MONTE-SACRO-3.jpg\" alt=\"\" width=\"800\" height=\"421\" srcset=\"https:\/\/inces.gob.ve\/wp-content\/uploads\/2023\/08\/MONTE-SACRO-3.jpg 800w, https:\/\/inces.gob.ve\/wp-content\/uploads\/2023\/08\/MONTE-SACRO-3-300x158.jpg 300w, https:\/\/inces.gob.ve\/wp-content\/uploads\/2023\/08\/MONTE-SACRO-3-768x404.jpg 768w\" sizes=\"auto, (max-width: 800px) 100vw, 800px\" \/><\/p>\n<p style=\"text-align: justify;\" align=\"justify\"><span style=\"font-family: helvetica, arial, sans-serif; font-size: 14pt;\">La hist\u00f3rica acci\u00f3n que se realiz\u00f3 un 15 de agosto de 1805, hace <span style=\"color: #000000;\">21<\/span><span style=\"color: #000000;\">8<\/span><span style=\"color: #000000;\"> a\u00f1os, <\/span><span style=\"color: #000000;\">tuvo como objetivo destacar el <\/span>profundo compromiso del Libertador con la causa independentista<b>, <\/b><span style=\"color: #000000;\">fue uno de sus primeros pasos para llegar a ser Libertador de Am\u00e9rica.<\/span><\/span><\/p>\n<p style=\"text-align: justify;\" align=\"justify\"><img loading=\"lazy\" decoding=\"async\" class=\"aligncenter wp-image-53451 size-full\" src=\"https:\/\/inces.gob.ve\/wp-content\/uploads\/2023\/08\/MONTE-SACRO-5.jpg\" alt=\"\" width=\"800\" height=\"792\" srcset=\"https:\/\/inces.gob.ve\/wp-content\/uploads\/2023\/08\/MONTE-SACRO-5.jpg 800w, https:\/\/inces.gob.ve\/wp-content\/uploads\/2023\/08\/MONTE-SACRO-5-300x297.jpg 300w, https:\/\/inces.gob.ve\/wp-content\/uploads\/2023\/08\/MONTE-SACRO-5-150x150.jpg 150w, https:\/\/inces.gob.ve\/wp-content\/uploads\/2023\/08\/MONTE-SACRO-5-768x760.jpg 768w\" sizes=\"auto, (max-width: 800px) 100vw, 800px\" \/><\/p>\n<p style=\"text-align: justify;\" align=\"justify\"><span style=\"font-family: helvetica, arial, sans-serif; font-size: 14pt;\">En consecuencia y retomando la historia, <b>el Programa Nuevo Modelo de Gesti\u00f3n<\/b>, integrado por: Karelys Riera, Soilivi Molleja, Alfredo G\u00f3mez y Jenifer Soto, realizaron un conversatorio donde tuvieron destacada participaci\u00f3n los coordinadores de programas, los maestros t\u00e9cnicos productivos (MTP), participantes y aprendices quienes opinaron y realizaron sus aportes a este hecho hist\u00f3rico.<\/span><\/p>\n<p style=\"text-align: justify;\"><img loading=\"lazy\" decoding=\"async\" class=\"aligncenter wp-image-53453 size-full\" src=\"https:\/\/inces.gob.ve\/wp-content\/uploads\/2023\/08\/MONTE-SACRO-9.jpg\" alt=\"\" width=\"800\" height=\"660\" srcset=\"https:\/\/inces.gob.ve\/wp-content\/uploads\/2023\/08\/MONTE-SACRO-9.jpg 800w, https:\/\/inces.gob.ve\/wp-content\/uploads\/2023\/08\/MONTE-SACRO-9-300x248.jpg 300w, https:\/\/inces.gob.ve\/wp-content\/uploads\/2023\/08\/MONTE-SACRO-9-768x634.jpg 768w\" sizes=\"auto, (max-width: 800px) 100vw, 800px\" \/><\/p>\n<p style=\"text-align: justify;\" align=\"justify\"><span style=\"font-family: helvetica, arial, sans-serif; font-size: 14pt;\"><strong><span style=\"color: #000000;\">Los ponentes realizaron <\/span><\/strong><span style=\"color: #000000;\">narraciones hist\u00f3ricas <\/span><span style=\"color: #000000;\">del hecho y generaron el debate entre los presentes sobre \u00e9ste legado que <\/span><span style=\"color: #000000;\"><b>cumpli\u00f3 218 a\u00f1os, mas <\/b><\/span><b>de dos siglos<\/b>, emitido por un joven de ideas revolucionarias que maduraron hasta forjar un proyecto de <strong>libertad<\/strong> continental, con alcance social y moral que se convirti\u00f3 en un reto que permiti\u00f3 iniciar una gesta independentista y as\u00ed convertir los pueblos de <strong>Am\u00e9rica Latina<\/strong> y el<strong> Caribe<\/strong> en un territorio libre, de unidad, que conllev\u00f3 a superar el despotismo y resaltar los valores de <em>libertad<\/em>, igualdad y <em>fraternidad<\/em>, para que los gobiernos, pudieran proteger los derechos de su gente.<\/span><\/p>\n<p style=\"text-align: justify;\" align=\"justify\"><img loading=\"lazy\" decoding=\"async\" class=\"alignnone size-medium wp-image-53452\" src=\"https:\/\/inces.gob.ve\/wp-content\/uploads\/2023\/08\/MONTE-SACRO-7-300x142.jpg\" alt=\"\" width=\"300\" height=\"142\" data-wp-editing=\"1\" srcset=\"https:\/\/inces.gob.ve\/wp-content\/uploads\/2023\/08\/MONTE-SACRO-7-300x142.jpg 300w, https:\/\/inces.gob.ve\/wp-content\/uploads\/2023\/08\/MONTE-SACRO-7-768x364.jpg 768w, https:\/\/inces.gob.ve\/wp-content\/uploads\/2023\/08\/MONTE-SACRO-7.jpg 800w\" sizes=\"auto, (max-width: 300px) 100vw, 300px\" \/><\/p>\n<p style=\"text-align: justify;\" align=\"center\"><span style=\"font-family: helvetica, arial, sans-serif; font-size: 14pt;\"><b>Opinan los participantes<\/b><\/span><\/p>\n<p style=\"text-align: justify;\" align=\"justify\"><span style=\"font-family: helvetica, arial, sans-serif; font-size: 14pt;\">Mery Rodr\u00edguez, en el contexto del conversatorio, precis\u00f3, el Inces ha sido un aliado de las comunidades, \u201cEl Inces, con los procesos de transformaci\u00f3n educativa, nos da libertad econ\u00f3mica y libertad de trabajo, una de las premisas del Libertador Sim\u00f3n Bol\u00edvar\u201d.<\/span><\/p>\n<p style=\"text-align: justify;\" align=\"justify\"><span style=\"font-family: helvetica, arial, sans-serif; font-size: 14pt;\">Por su parte Belkis Mendoza, reflexion\u00f3, en la vida del Libertador, los maestros jugaron un papel fundamental tanto en su formaci\u00f3n, como en su lucha por la causa independentista, en sus ideales revolucionarios, \u201ca\u00fan teniendo riquezas, no tuvo lujos\u201d.<\/span><\/p>\n<p style=\"text-align: justify;\" align=\"justify\"><span style=\"font-family: helvetica, arial, sans-serif; font-size: 14pt;\">Asimismo para Arturo Colmenares, el Juramento en el Monte Sacro, fue el inicio de la Campa\u00f1a Admirable, y estas actividades son parte de la integralidad de los procesos formativos, de la formaci\u00f3n y autoformaci\u00f3n\u201d.<\/span><\/p>\n","protected":false},"excerpt":{"rendered":"<p>** \u00abJuro delante de usted, juro por el Dios de mis padres, juro por ellos, juro por mi honor y juro por la Patria, que no dar\u00e9 descanso a mi brazo ni reposo a mi alma, hasta que haya roto las cadenas que nos oprimen por voluntad del poder espa\u00f1ol\u00bb.<\/p>\n","protected":false},"author":15,"featured_media":53450,"comment_status":"closed","ping_status":"closed","sticky":false,"template":"","format":"standard","meta":{"footnotes":""},"categories":[2],"tags":[],"class_list":["post-53448","post","type-post","status-publish","format-standard","has-post-thumbnail","hentry","category-blog"],"_links":{"self":[{"href":"https:\/\/inces.gob.ve\/index.php\/wp-json\/wp\/v2\/posts\/53448","targetHints":{"allow":["GET"]}}],"collection":[{"href":"https:\/\/inces.gob.ve\/index.php\/wp-json\/wp\/v2\/posts"}],"about":[{"href":"https:\/\/inces.gob.ve\/index.php\/wp-json\/wp\/v2\/types\/post"}],"author":[{"embeddable":true,"href":"https:\/\/inces.gob.ve\/index.php\/wp-json\/wp\/v2\/users\/15"}],"replies":[{"embeddable":true,"href":"https:\/\/inces.gob.ve\/index.php\/wp-json\/wp\/v2\/comments?post=53448"}],"version-history":[{"count":2,"href":"https:\/\/inces.gob.ve\/index.php\/wp-json\/wp\/v2\/posts\/53448\/revisions"}],"predecessor-version":[{"id":53455,"href":"https:\/\/inces.gob.ve\/index.php\/wp-json\/wp\/v2\/posts\/53448\/revisions\/53455"}],"wp:featuredmedia":[{"embeddable":true,"href":"https:\/\/inces.gob.ve\/index.php\/wp-json\/wp\/v2\/media\/53450"}],"wp:attachment":[{"href":"https:\/\/inces.gob.ve\/index.php\/wp-json\/wp\/v2\/media?parent=53448"}],"wp:term":[{"taxonomy":"category","embeddable":true,"href":"https:\/\/inces.gob.ve\/index.php\/wp-json\/wp\/v2\/categories?post=53448"},{"taxonomy":"post_tag","embeddable":true,"href":"https:\/\/inces.gob.ve\/index.php\/wp-json\/wp\/v2\/tags?post=53448"}],"curies":[{"name":"wp","href":"https:\/\/api.w.org\/{rel}","templated":true}]}}