{"id":53474,"date":"2023-07-26T16:22:19","date_gmt":"2023-07-26T20:22:19","guid":{"rendered":"https:\/\/inces.gob.ve\/?p=53474"},"modified":"2023-08-16T16:23:54","modified_gmt":"2023-08-16T20:23:54","slug":"coro-movimiento-cooperativo-falconiano-mostro-logros-y-avances","status":"publish","type":"post","link":"https:\/\/inces.gob.ve\/index.php\/2023\/07\/26\/coro-movimiento-cooperativo-falconiano-mostro-logros-y-avances\/","title":{"rendered":"CORO | Movimiento Cooperativo Falconiano mostr\u00f3 logros y avances"},"content":{"rendered":"<div dir=\"auto\" style=\"text-align: justify;\"><strong><em><span style=\"font-family: helvetica, arial, sans-serif; font-size: 14pt;\">** Es una actividad que fomenta la integraci\u00f3n regional del cooperativismo\u00a0<\/span><\/em><\/strong><\/div>\n<p><!--more--><\/p>\n<div dir=\"auto\"><\/div>\n<div dir=\"auto\" style=\"text-align: justify;\"><\/div>\n<div dir=\"auto\" style=\"text-align: justify;\"><strong><span style=\"font-family: helvetica, arial, sans-serif; font-size: 14pt;\">MIRIAM GONZ\u00c1LEZ VILLARROEL<\/span><\/strong><\/div>\n<div dir=\"auto\" style=\"text-align: justify;\"><\/div>\n<div dir=\"auto\" style=\"text-align: justify;\"><span style=\"font-family: helvetica, arial, sans-serif; font-size: 14pt;\">El Instituto Nacional de Capacitaci\u00f3n y Educaci\u00f3n Socialista (Inces) en el estado Falc\u00f3n y la Unidad de Ingresos Tributarios,\u00a0 atendiendo a invitaci\u00f3n de la Superintendencia Nacional de Cooperativas (Sunacoop) asisti\u00f3 al Encuentro de Experiencias Vivenciales de Cooperativas Cap\u00edtulo Falc\u00f3n 2023, realizado en la Cooperativa \u00abSan Jos\u00e9 Obrero\u00bb en la ciudad de Punto Fijo.<\/span><\/div>\n<div dir=\"auto\"><\/div>\n<div dir=\"auto\" style=\"text-align: justify;\"><\/div>\n<div dir=\"auto\" style=\"text-align: justify;\"><span style=\"font-family: helvetica, arial, sans-serif; font-size: 14pt;\">En el Encuentro de Cooperativas organizado por la Cecofal, estuvieron presentes: representantes del Ministerio del Poder Popular para las Comunas y Movimientos Sociales (Mppcyms),\u00a0 Sunacoop, la Central Cooperativa Falc\u00f3n (Cecofal),\u00a0 la Central de Cooperativa Nacional de Venezuela (Ceconave), el Movimiento Cooperativo Falconiano representado en 13 cooperativas, dos centrales cooperativas,\u00a0 voceros de los Consejos Comunales del punto y c\u00edrculo y estanteros del servicio de Gas Cooperativo, entre otros.<\/span><\/div>\n<div dir=\"auto\"><\/div>\n<div dir=\"auto\" style=\"text-align: justify;\"><\/div>\n<div dir=\"auto\" style=\"text-align: justify;\"><span style=\"font-family: helvetica, arial, sans-serif; font-size: 14pt;\">En la socializaci\u00f3n del trabajo cooperativo y sus realidades\u00a0 en el contexto actual, que tuvo como finalidad dar cumplimiento a los lineamientos emanados del ministerio y de la Superintendencia Nacional, mostraron los protagonistas, sus vivencias, logros alcanzados y experiencias, desarrolladas en funci\u00f3n de su desempe\u00f1o y tomando en cuenta, que aportan al desarrollo de una econom\u00eda social, a la transformaci\u00f3n del pa\u00eds, como resultado de los avances obtenidos con el aprendizaje constante, importante, para alcanzar el \u00e9xito.<\/span><\/div>\n<div dir=\"auto\"><\/div>\n<div dir=\"auto\" style=\"text-align: justify;\"><\/div>\n<div dir=\"auto\" style=\"text-align: justify;\"><span style=\"font-family: helvetica, arial, sans-serif; font-size: 14pt;\">De igual forma, las exposiciones del Movimiento Cooperativo Regional, se han mantenido y fortalecido en el tiempo, \u00abcreando y haciendo\u00bb, lo cual qued\u00f3 demostrado en el encuentro a trav\u00e9s de material audiovisual, que mostr\u00f3 a los presentes la trayectoria que cada organizaci\u00f3n cooperativa ha alcanzado, sus fortalezas y potencialidades; de igual forma, en cada stand se visibiliz\u00f3 el trabajo colectivo y la historia del Movimiento Cooperativo Paraguanero.<\/span><\/div>\n<div dir=\"auto\"><\/div>\n<div dir=\"auto\" style=\"text-align: justify;\"><\/div>\n<div dir=\"auto\" style=\"text-align: justify;\"><span style=\"font-family: helvetica, arial, sans-serif; font-size: 14pt;\">Finalmente, dicha actividad culmin\u00f3 con un recorrido por la Planta de llenado de Gas Cooperativo, dirigido por Ricardo Gonz\u00e1lez Trejo, mostrando a los presentes, el trabajo que desarrolla d\u00eda a d\u00eda el equipo de Cecofal Gas, siendo \u00e9ste, un importante servicio para los habitantes de la Pen\u00ednsula de Paraguan\u00e1.<\/span><\/div>\n","protected":false},"excerpt":{"rendered":"<p>** Es una actividad que fomenta la integraci\u00f3n regional del cooperativismo\u00a0<\/p>\n","protected":false},"author":4,"featured_media":53476,"comment_status":"closed","ping_status":"closed","sticky":false,"template":"","format":"standard","meta":{"footnotes":""},"categories":[2],"tags":[],"class_list":["post-53474","post","type-post","status-publish","format-standard","has-post-thumbnail","hentry","category-blog"],"_links":{"self":[{"href":"https:\/\/inces.gob.ve\/index.php\/wp-json\/wp\/v2\/posts\/53474","targetHints":{"allow":["GET"]}}],"collection":[{"href":"https:\/\/inces.gob.ve\/index.php\/wp-json\/wp\/v2\/posts"}],"about":[{"href":"https:\/\/inces.gob.ve\/index.php\/wp-json\/wp\/v2\/types\/post"}],"author":[{"embeddable":true,"href":"https:\/\/inces.gob.ve\/index.php\/wp-json\/wp\/v2\/users\/4"}],"replies":[{"embeddable":true,"href":"https:\/\/inces.gob.ve\/index.php\/wp-json\/wp\/v2\/comments?post=53474"}],"version-history":[{"count":1,"href":"https:\/\/inces.gob.ve\/index.php\/wp-json\/wp\/v2\/posts\/53474\/revisions"}],"predecessor-version":[{"id":53477,"href":"https:\/\/inces.gob.ve\/index.php\/wp-json\/wp\/v2\/posts\/53474\/revisions\/53477"}],"wp:featuredmedia":[{"embeddable":true,"href":"https:\/\/inces.gob.ve\/index.php\/wp-json\/wp\/v2\/media\/53476"}],"wp:attachment":[{"href":"https:\/\/inces.gob.ve\/index.php\/wp-json\/wp\/v2\/media?parent=53474"}],"wp:term":[{"taxonomy":"category","embeddable":true,"href":"https:\/\/inces.gob.ve\/index.php\/wp-json\/wp\/v2\/categories?post=53474"},{"taxonomy":"post_tag","embeddable":true,"href":"https:\/\/inces.gob.ve\/index.php\/wp-json\/wp\/v2\/tags?post=53474"}],"curies":[{"name":"wp","href":"https:\/\/api.w.org\/{rel}","templated":true}]}}