{"id":53591,"date":"2023-08-23T19:04:22","date_gmt":"2023-08-23T23:04:22","guid":{"rendered":"https:\/\/inces.gob.ve\/?p=53591"},"modified":"2023-08-23T19:04:22","modified_gmt":"2023-08-23T23:04:22","slug":"la-implementacion-de-un-sistema-de-formacion-dual-es-mas-necesaria-que-nunca","status":"publish","type":"post","link":"https:\/\/inces.gob.ve\/index.php\/2023\/08\/23\/la-implementacion-de-un-sistema-de-formacion-dual-es-mas-necesaria-que-nunca\/","title":{"rendered":"La implementaci\u00f3n de un sistema de formaci\u00f3n dual es m\u00e1s necesaria que nunca"},"content":{"rendered":"<p align=\"justify\"><em><span style=\"font-family: helvetica, arial, sans-serif; font-size: 14pt;\"><b>*** Un destacado grupo de expertos expres\u00f3 sus ideas y opiniones sobre la conocida metodolog\u00eda de formaci\u00f3n, en un foro organizado como parte de la celebraci\u00f3n de los 64 a\u00f1os del Inces<\/b><\/span><\/em><!--more--><\/p>\n<p align=\"justify\">\n<p align=\"justify\">IR<\/p>\n<p align=\"justify\">Fotos: Luis J. Gonz\u00e1lez G.<\/p>\n<p align=\"justify\"><span style=\"font-family: helvetica, arial, sans-serif; font-size: 14pt;\">El cuarto y \u00faltimo foro organizado por el Instituto Nacional de Capacitaci\u00f3n y Educaci\u00f3n Socialista (Inces), en su mes aniversario, se llev\u00f3 a cabo ante una pl\u00e9yade de empresarios y pol\u00edticos de destacada figuraci\u00f3n: La Formaci\u00f3n Dual para el Sector Empresarial.<\/span><\/p>\n<p align=\"justify\">\n<p align=\"justify\"><img loading=\"lazy\" decoding=\"async\" class=\"aligncenter wp-image-53601 size-large\" src=\"https:\/\/inces.gob.ve\/wp-content\/uploads\/2023\/08\/DSC_4982-1024x685.jpg\" alt=\"\" width=\"640\" height=\"428\" srcset=\"https:\/\/inces.gob.ve\/wp-content\/uploads\/2023\/08\/DSC_4982-1024x685.jpg 1024w, https:\/\/inces.gob.ve\/wp-content\/uploads\/2023\/08\/DSC_4982-300x201.jpg 300w, https:\/\/inces.gob.ve\/wp-content\/uploads\/2023\/08\/DSC_4982-768x514.jpg 768w, https:\/\/inces.gob.ve\/wp-content\/uploads\/2023\/08\/DSC_4982-1536x1028.jpg 1536w, https:\/\/inces.gob.ve\/wp-content\/uploads\/2023\/08\/DSC_4982-2048x1371.jpg 2048w, https:\/\/inces.gob.ve\/wp-content\/uploads\/2023\/08\/DSC_4982-272x182.jpg 272w\" sizes=\"auto, (max-width: 640px) 100vw, 640px\" \/><\/p>\n<p align=\"justify\">\n<p align=\"justify\"><span style=\"font-family: helvetica, arial, sans-serif; font-size: 14pt;\">La actividad pudo analizarse en dos segmentos. El primero es esta educaci\u00f3n ambivalente que propone el Inces, donde la pr\u00e1ctica y la teor\u00eda convergen en un mismo momento de formaci\u00f3n y su \u00e9xito en Alemania y la segunda el planteamiento realizado por las c\u00e1maras y <b>su inter\u00e9s en involucrarse a profundidad en este m\u00e9todo de capacitaci\u00f3n de aprendices.<\/b><\/span><\/p>\n<p align=\"justify\">\n<p align=\"justify\"><span style=\"font-family: helvetica, arial, sans-serif; font-size: 14pt;\">Para exponer sus puntos de vista se conform\u00f3 una representaci\u00f3n curtida en el tema y compuesta por orden de intervenci\u00f3n por Fernando Villalobos, decano de la Universidad T\u00e9cnica de Costa Rica; el presidente de la Junta Directiva y el directivo de la C\u00e1mara Venezolana Alemana (Cavenal), Kay Boetcher y Dedxi Regardis respectivamente; Orlando Camacho, presidente de Fedeindustria; Luigi Pizzella, presidente de Conindustria y Gustavo Valecillos, presidente de Consecomercio. Todos acompa\u00f1ados del presidente del Inces, Wuikelman Angel.<\/span><\/p>\n<p align=\"justify\">\n<p align=\"justify\"><span style=\"font-family: helvetica, arial, sans-serif; font-size: 14pt;\">La apertura fue responsabilidad de Angel, quien plante\u00f3 la necesidad de establecer estrategias para poner a rodar en firme la formaci\u00f3n dual en el pa\u00eds, pero para muy corto plazo. \u201c<b>Queremos que el pa\u00eds eleve su percepci\u00f3n de la formaci\u00f3n t\u00e9cnica y concluya con una nueva comprensi\u00f3n sobre la producci\u00f3n de bienes y servicios. <\/b>Se hace urgente asumir la revisi\u00f3n del marco jur\u00eddico y la creaci\u00f3n de un subsistema de formaci\u00f3n t\u00e9cnica profesional\u201d. Y finalmente plante\u00f3 que las universidades de Venezuela no deben seguir graduando j\u00f3venes en \u00e1reas improductivas.<\/span><\/p>\n<p align=\"justify\">\n<p align=\"justify\"><img loading=\"lazy\" decoding=\"async\" class=\"aligncenter wp-image-53606 size-large\" src=\"https:\/\/inces.gob.ve\/wp-content\/uploads\/2023\/08\/DSC_4977-1024x685.jpg\" alt=\"\" width=\"640\" height=\"428\" srcset=\"https:\/\/inces.gob.ve\/wp-content\/uploads\/2023\/08\/DSC_4977-1024x685.jpg 1024w, https:\/\/inces.gob.ve\/wp-content\/uploads\/2023\/08\/DSC_4977-300x201.jpg 300w, https:\/\/inces.gob.ve\/wp-content\/uploads\/2023\/08\/DSC_4977-768x514.jpg 768w, https:\/\/inces.gob.ve\/wp-content\/uploads\/2023\/08\/DSC_4977-1536x1028.jpg 1536w, https:\/\/inces.gob.ve\/wp-content\/uploads\/2023\/08\/DSC_4977-2048x1371.jpg 2048w, https:\/\/inces.gob.ve\/wp-content\/uploads\/2023\/08\/DSC_4977-272x182.jpg 272w\" sizes=\"auto, (max-width: 640px) 100vw, 640px\" \/><\/p>\n<p align=\"justify\">\n<p align=\"justify\"><span style=\"font-family: helvetica, arial, sans-serif; font-size: 14pt;\">Fernando Villalobos confes\u00f3 que en Costa Rica fue necesario crear un marco jur\u00eddico para \u201cponer en cintura\u201d a los actores y observ\u00f3 que en dicho territorio centroamericano enaltecieron tres factores: formaci\u00f3n humana, di\u00e1logo social y alternancia y finaliz\u00f3 : \u201c<b>No le teman a la <\/b><b>e<\/b><b>ducaci\u00f3n <\/b><b>d<\/b><b>ual<\/b>\u201d sus niveles de empleabilidad llegan al 95%, lo que redunda en la tasa de empleo del pa\u00eds.<\/span><\/p>\n<p align=\"justify\">\n<p align=\"justify\"><img loading=\"lazy\" decoding=\"async\" class=\"aligncenter wp-image-53602 size-large\" src=\"https:\/\/inces.gob.ve\/wp-content\/uploads\/2023\/08\/DSC_4981-1024x685.jpg\" alt=\"\" width=\"640\" height=\"428\" srcset=\"https:\/\/inces.gob.ve\/wp-content\/uploads\/2023\/08\/DSC_4981-1024x685.jpg 1024w, https:\/\/inces.gob.ve\/wp-content\/uploads\/2023\/08\/DSC_4981-300x201.jpg 300w, https:\/\/inces.gob.ve\/wp-content\/uploads\/2023\/08\/DSC_4981-768x514.jpg 768w, https:\/\/inces.gob.ve\/wp-content\/uploads\/2023\/08\/DSC_4981-1536x1028.jpg 1536w, https:\/\/inces.gob.ve\/wp-content\/uploads\/2023\/08\/DSC_4981-2048x1371.jpg 2048w, https:\/\/inces.gob.ve\/wp-content\/uploads\/2023\/08\/DSC_4981-272x182.jpg 272w\" sizes=\"auto, (max-width: 640px) 100vw, 640px\" \/><\/p>\n<p align=\"justify\">\n<p align=\"justify\"><span style=\"font-family: helvetica, arial, sans-serif; font-size: 14pt;\">El m\u00e1ximo jerarca de Cavenel, Kay Boetcher apunt\u00f3 que el objetivo de la formaci\u00f3n dual en el pa\u00eds germ\u00e1nico es alcanzar un nivel de conocimiento completo en la profesi\u00f3n, que va m\u00e1s all\u00e1 del aprendizaje, y a menudo tambi\u00e9n de las tareas en la empresa de formaci\u00f3n, los aprendices cnocern la teor\u00eda completa, es decir, c\u00f3mo funcionan las cosas. En la escuela de formaci\u00f3n profesional, los aprendices reciben instrucci\u00f3n general y profesional. <b>La empresa en la que realizan las pr\u00e1cticas debe darles un contrato y pagarles una remuneraci\u00f3n <\/b>y l\u00f3gicamente las pr\u00e1cticas en ejercicio.<\/span><\/p>\n<p align=\"justify\">\n<p align=\"justify\">\n<p align=\"justify\">\n<p align=\"justify\">\n<p align=\"justify\"><span style=\"font-size: 14pt; font-family: helvetica, arial, sans-serif;\">\u201cNo obstante no podemos pensar que una idea alemana funcionar\u00e1 sin adaptaciones en Venezuela. En el pa\u00eds centro europeo solo el 18% de sus ciudadanos ha recibido formaci\u00f3n acad\u00e9mica universitaria\u201d, afirm\u00f3 Boetcher.<\/span><\/p>\n<p align=\"justify\">\n<p align=\"justify\"><span style=\"font-family: helvetica, arial, sans-serif; font-size: 14pt;\">Por su parte el directivo de Cavenel, Derxi Rigardis asegur\u00f3 que <b>la Formaci\u00f3n Dual ha disminuido considerablemente el desempleo juvenil. <\/b>En Alemania, el Estado reconoce 324 oficios y profesiones en diferentes \u00e1reas que pueden aprenderse en el marco de la formaci\u00f3n dual. Las profesiones de formaci\u00f3n son reconocidas por el ministerio competente del ramo y el Ministerio de Educaci\u00f3n. As\u00ed se garantiza una formaci\u00f3n uniforme en todas las empresas del pa\u00eds. \u201cNo existe una masa de aprendices si no existe una masa de empresas\u201d.<\/span><\/p>\n<p align=\"justify\">\n<p align=\"justify\"><img loading=\"lazy\" decoding=\"async\" class=\"aligncenter wp-image-53600 size-large\" src=\"https:\/\/inces.gob.ve\/wp-content\/uploads\/2023\/08\/DSC_4988-1024x685.jpg\" alt=\"\" width=\"640\" height=\"428\" srcset=\"https:\/\/inces.gob.ve\/wp-content\/uploads\/2023\/08\/DSC_4988-1024x685.jpg 1024w, https:\/\/inces.gob.ve\/wp-content\/uploads\/2023\/08\/DSC_4988-300x201.jpg 300w, https:\/\/inces.gob.ve\/wp-content\/uploads\/2023\/08\/DSC_4988-768x514.jpg 768w, https:\/\/inces.gob.ve\/wp-content\/uploads\/2023\/08\/DSC_4988-1536x1028.jpg 1536w, https:\/\/inces.gob.ve\/wp-content\/uploads\/2023\/08\/DSC_4988-2048x1371.jpg 2048w, https:\/\/inces.gob.ve\/wp-content\/uploads\/2023\/08\/DSC_4988-272x182.jpg 272w\" sizes=\"auto, (max-width: 640px) 100vw, 640px\" \/><\/p>\n<p align=\"justify\">\n<p align=\"justify\"><span style=\"font-family: helvetica, arial, sans-serif; font-size: 14pt;\">Orlando Camacho apreci\u00f3 que \u201clas empresas tenemos m\u00faltiples problemas con el mercado internacional, en el \u00e1mbito de las exportaciones, adem\u00e1s de problemas diversos con el sistema de impuestos\u201d. Destac\u00f3 que <b>si mejoran las cosas estar\u00e1n en la disposici\u00f3n de solicitar m\u00e1s aprendices <\/b>e involucrarse a profundidad en esta metodolog\u00eda.<\/span><\/p>\n<p align=\"justify\">\n<p align=\"justify\"><span style=\"font-family: helvetica, arial, sans-serif; font-size: 14pt;\">El presidente de Conindustria Luigi Pizzella afirm\u00f3 que tienen enormes problemas por el bajo consumo del venezolano, por lo cual tratan de buscar mercados internacionales. \u201c<b>Ya hemos tenido experiencias en el Sistema Dual y muy exitosas, <\/b>por cierto. Pero la orden debe ser apostar por la industria nacional. Nosotros queremos emplear muchachos venezolanos, estamos convencidos de sus habilidades y de su identificaci\u00f3n con la empresa, pero la situaci\u00f3n debe cambiar la industria venezolana tiene ociosa el 70% de su maquinaria\u201d.<\/span><\/p>\n<p align=\"justify\">\n<p align=\"justify\"><img loading=\"lazy\" decoding=\"async\" class=\"aligncenter wp-image-53598 size-large\" src=\"https:\/\/inces.gob.ve\/wp-content\/uploads\/2023\/08\/DSC_4998-1024x685.jpg\" alt=\"\" width=\"640\" height=\"428\" srcset=\"https:\/\/inces.gob.ve\/wp-content\/uploads\/2023\/08\/DSC_4998-1024x685.jpg 1024w, https:\/\/inces.gob.ve\/wp-content\/uploads\/2023\/08\/DSC_4998-300x201.jpg 300w, https:\/\/inces.gob.ve\/wp-content\/uploads\/2023\/08\/DSC_4998-768x514.jpg 768w, https:\/\/inces.gob.ve\/wp-content\/uploads\/2023\/08\/DSC_4998-1536x1028.jpg 1536w, https:\/\/inces.gob.ve\/wp-content\/uploads\/2023\/08\/DSC_4998-2048x1371.jpg 2048w, https:\/\/inces.gob.ve\/wp-content\/uploads\/2023\/08\/DSC_4998-272x182.jpg 272w\" sizes=\"auto, (max-width: 640px) 100vw, 640px\" \/><\/p>\n<p align=\"justify\">\n<p align=\"justify\"><span style=\"font-size: 14pt; font-family: helvetica, arial, sans-serif;\">\u201cDurante mucho tiempo en mi empresa familiar mantuvimos excelentes relaciones con el Inces. Hoy por hoy queremos que el Inces nos provea de muchachos habilidosos y disciplinados. J\u00f3venes que se les pueda ense\u00f1ar excelencia y calidad\u201d, as\u00ed lo manifest\u00f3 Gustavo Valecillos, presidente de Consecomercio.<\/span><\/p>\n<p align=\"justify\">\n<p align=\"justify\"><img loading=\"lazy\" decoding=\"async\" class=\"aligncenter wp-image-53596 size-large\" src=\"https:\/\/inces.gob.ve\/wp-content\/uploads\/2023\/08\/DSC_5005-1024x685.jpg\" alt=\"\" width=\"640\" height=\"428\" srcset=\"https:\/\/inces.gob.ve\/wp-content\/uploads\/2023\/08\/DSC_5005-1024x685.jpg 1024w, https:\/\/inces.gob.ve\/wp-content\/uploads\/2023\/08\/DSC_5005-300x201.jpg 300w, https:\/\/inces.gob.ve\/wp-content\/uploads\/2023\/08\/DSC_5005-768x514.jpg 768w, https:\/\/inces.gob.ve\/wp-content\/uploads\/2023\/08\/DSC_5005-1536x1028.jpg 1536w, https:\/\/inces.gob.ve\/wp-content\/uploads\/2023\/08\/DSC_5005-2048x1371.jpg 2048w, https:\/\/inces.gob.ve\/wp-content\/uploads\/2023\/08\/DSC_5005-272x182.jpg 272w\" sizes=\"auto, (max-width: 640px) 100vw, 640px\" \/><\/p>\n<p align=\"justify\">\n<p align=\"justify\"><span style=\"font-family: helvetica, arial, sans-serif; font-size: 14pt;\">E<b>ste instituto de formaci\u00f3n <\/b><b>(el Inces) <\/b><b>est\u00e1 dando en el clavo <\/b>con el impulso del programa. \u201cEstos acercamientos, si son serios le har\u00e1n un claro beneficio a la patria. Reconocemos la deuda en el campo de la formaci\u00f3n t\u00e9cnica, pero somos unos convencidos de participar en el rescate de lo econ\u00f3mico y social en el pa\u00eds.<\/span><\/p>\n<p align=\"justify\">\n<p align=\"justify\">\n<p align=\"justify\"><span style=\"font-family: helvetica, arial, sans-serif; font-size: 14pt;\">Se gener\u00f3 seguidamente una din\u00e1mica de preguntas y respuestas donde se asegur\u00f3 que se necesita un Inces \u00fatil. Hubo intervenciones de mucho inter\u00e9s y todo finaliz\u00f3, cuando el presidente del instituto afirm\u00f3 que <b>no se puede defraudar al joven venezolano<\/b>. \u201cEllos son toda la esperanza, los sue\u00f1os, la ilusi\u00f3n. El deseo de superaci\u00f3n. El sistema dual y los j\u00f3venes venezolanos son estudio y trabajo, es decir, los cimientos para la creaci\u00f3n de un gran pa\u00eds. \u201cNo les fallemos\u201d.<\/span><\/p>\n<p align=\"justify\">\n<p align=\"justify\"><img loading=\"lazy\" decoding=\"async\" class=\"aligncenter wp-image-53594 size-large\" src=\"https:\/\/inces.gob.ve\/wp-content\/uploads\/2023\/08\/DSC_5008-1024x685.jpg\" alt=\"\" width=\"640\" height=\"428\" srcset=\"https:\/\/inces.gob.ve\/wp-content\/uploads\/2023\/08\/DSC_5008-1024x685.jpg 1024w, https:\/\/inces.gob.ve\/wp-content\/uploads\/2023\/08\/DSC_5008-300x201.jpg 300w, https:\/\/inces.gob.ve\/wp-content\/uploads\/2023\/08\/DSC_5008-768x514.jpg 768w, https:\/\/inces.gob.ve\/wp-content\/uploads\/2023\/08\/DSC_5008-1536x1028.jpg 1536w, https:\/\/inces.gob.ve\/wp-content\/uploads\/2023\/08\/DSC_5008-2048x1371.jpg 2048w, https:\/\/inces.gob.ve\/wp-content\/uploads\/2023\/08\/DSC_5008-272x182.jpg 272w\" sizes=\"auto, (max-width: 640px) 100vw, 640px\" \/><\/p>\n<p><span style=\"font-family: helvetica, arial, sans-serif; font-size: 14pt;\"><span style=\"color: #888888;\"><br \/>\n<\/span><\/span><\/p>\n<p>&nbsp;<\/p>\n<p>&nbsp;<\/p>\n<p>&nbsp;<\/p>\n<p>&nbsp;<\/p>\n<p>&nbsp;<\/p>\n<p>&nbsp;<\/p>\n<p>&nbsp;<\/p>\n<p>&nbsp;<\/p>\n<p>&nbsp;<\/p>\n<p>&nbsp;<\/p>\n<p>&nbsp;<\/p>\n<p>&nbsp;<\/p>\n<p>&nbsp;<\/p>\n<p>&nbsp;<\/p>\n<p>&nbsp;<\/p>\n<p>&nbsp;<\/p>\n","protected":false},"excerpt":{"rendered":"<p>*** Un destacado grupo de expertos expres\u00f3 sus ideas y opiniones sobre la conocida metodolog\u00eda de formaci\u00f3n, en un foro organizado como parte de la celebraci\u00f3n de los 64 a\u00f1os del Inces<\/p>\n","protected":false},"author":4,"featured_media":53597,"comment_status":"closed","ping_status":"closed","sticky":false,"template":"","format":"standard","meta":{"footnotes":""},"categories":[2],"tags":[],"class_list":["post-53591","post","type-post","status-publish","format-standard","has-post-thumbnail","hentry","category-blog"],"_links":{"self":[{"href":"https:\/\/inces.gob.ve\/index.php\/wp-json\/wp\/v2\/posts\/53591","targetHints":{"allow":["GET"]}}],"collection":[{"href":"https:\/\/inces.gob.ve\/index.php\/wp-json\/wp\/v2\/posts"}],"about":[{"href":"https:\/\/inces.gob.ve\/index.php\/wp-json\/wp\/v2\/types\/post"}],"author":[{"embeddable":true,"href":"https:\/\/inces.gob.ve\/index.php\/wp-json\/wp\/v2\/users\/4"}],"replies":[{"embeddable":true,"href":"https:\/\/inces.gob.ve\/index.php\/wp-json\/wp\/v2\/comments?post=53591"}],"version-history":[{"count":1,"href":"https:\/\/inces.gob.ve\/index.php\/wp-json\/wp\/v2\/posts\/53591\/revisions"}],"predecessor-version":[{"id":53607,"href":"https:\/\/inces.gob.ve\/index.php\/wp-json\/wp\/v2\/posts\/53591\/revisions\/53607"}],"wp:featuredmedia":[{"embeddable":true,"href":"https:\/\/inces.gob.ve\/index.php\/wp-json\/wp\/v2\/media\/53597"}],"wp:attachment":[{"href":"https:\/\/inces.gob.ve\/index.php\/wp-json\/wp\/v2\/media?parent=53591"}],"wp:term":[{"taxonomy":"category","embeddable":true,"href":"https:\/\/inces.gob.ve\/index.php\/wp-json\/wp\/v2\/categories?post=53591"},{"taxonomy":"post_tag","embeddable":true,"href":"https:\/\/inces.gob.ve\/index.php\/wp-json\/wp\/v2\/tags?post=53591"}],"curies":[{"name":"wp","href":"https:\/\/api.w.org\/{rel}","templated":true}]}}