{"id":53700,"date":"2023-08-30T08:25:20","date_gmt":"2023-08-30T12:25:20","guid":{"rendered":"https:\/\/inces.gob.ve\/?p=53700"},"modified":"2023-08-30T08:25:20","modified_gmt":"2023-08-30T12:25:20","slug":"yaracuy-trabajadores-del-inces-participaron-en-taller-como-aprenden-las-personas-con-discapacidad","status":"publish","type":"post","link":"https:\/\/inces.gob.ve\/index.php\/2023\/08\/30\/yaracuy-trabajadores-del-inces-participaron-en-taller-como-aprenden-las-personas-con-discapacidad\/","title":{"rendered":"YARACUY | Trabajadores del Inces participaron en taller \u2018C\u00f3mo Aprenden las Personas con Discapacidad\u2019"},"content":{"rendered":"<p style=\"text-align: justify;\"><span style=\"font-size: 14pt; font-family: helvetica, arial, sans-serif;\"><em><strong>***Reconocer las diferentes condiciones es la base para avanzar en la capacitaci\u00f3n de quienes padecen alguna discapacidad<\/strong> <\/em><\/span><!--more--><\/p>\n<p>&nbsp;<\/p>\n<p style=\"text-align: justify;\"><span style=\"font-size: 14pt; font-family: helvetica, arial, sans-serif;\"><strong>YOLAICE VARGAS<\/strong><\/span><\/p>\n<p style=\"text-align: justify;\"><span style=\"font-size: 14pt; font-family: helvetica, arial, sans-serif;\">La formaci\u00f3n es la raz\u00f3n de ser del Instituto Nacional de Capacitaci\u00f3n y Educaci\u00f3n Socialista (Inces), en Yaracuy se desarroll\u00f3 el taller \u2018C\u00f3mo Aprenden las Personas con Discapacidad\u2019 dirigido al personal de la instituci\u00f3n.<\/span><\/p>\n<p>&nbsp;<\/p>\n<p style=\"text-align: justify;\"><span style=\"font-size: 14pt; font-family: helvetica, arial, sans-serif;\">El mismo estuvo a cargo de las docentes: Nathali Serrano, Mivla Skideneiko y Yulivert L\u00f3pez Gal\u00edndez, quienes con diversas estrategias pedag\u00f3gicas instruyeron al personal en primera medida a reconocer las diferentes condiciones espec\u00edficamente en las personas con trastorno de espectro autista, ya que no presentan rasgos f\u00edsicos que los identifique.<\/span><\/p>\n<p>&nbsp;<\/p>\n<p style=\"text-align: justify;\"><span style=\"font-size: 14pt; font-family: helvetica, arial, sans-serif;\">Durante la actividad formativa las ponentes realizaron din\u00e1micas de conexi\u00f3n con sentimientos y emociones que permiten encontrarse con el ser individual, para posteriormente aprender a conocer y aceptar la diversidad de cada individuo.<\/span><\/p>\n<p>&nbsp;<\/p>\n<p style=\"text-align: justify;\"><span style=\"font-size: 14pt; font-family: helvetica, arial, sans-serif;\">Es de resaltar que en la instituci\u00f3n se encuentra en fase de construcci\u00f3n y desarrollo de futuras unidades curriculares a saber; sensibilizaci\u00f3n ante las personas con discapacidad, bases legales vinculados a las personas con discapacidad, ergonom\u00eda entre otras \u00a0es de resaltar que en el desarrollo de estas UC intervienen expertos conocedores en el \u00e1rea<\/span><\/p>\n<p>&nbsp;<\/p>\n<p style=\"text-align: justify;\"><span style=\"font-size: 14pt; font-family: helvetica, arial, sans-serif;\">Las mismas permiten reconocer las capacidades propias, valorar los diversos canales de comunicaci\u00f3n y estilos de aprendizaje, la ergonom\u00eda permite al facilitador adaptar y flexibilizar el contexto de educaci\u00f3n t\u00e9cnica formal para la integraci\u00f3n de personas con discapacidad, de acuerdo a la diversidad de estilos de aprendizaje, del mismo modo permite, proporciona las herramientas necesarias para desarrollar estrategias y adaptaciones que faciliten la participaci\u00f3n activa de las personas con discapacidad en el \u00e1mbito laboral.<\/span><\/p>\n","protected":false},"excerpt":{"rendered":"<p>***Reconocer las diferentes condiciones es la base para avanzar en la capacitaci\u00f3n de quienes padecen alguna discapacidad<\/p>\n","protected":false},"author":4,"featured_media":43400,"comment_status":"closed","ping_status":"closed","sticky":false,"template":"","format":"standard","meta":{"footnotes":""},"categories":[2],"tags":[],"class_list":["post-53700","post","type-post","status-publish","format-standard","has-post-thumbnail","hentry","category-blog"],"_links":{"self":[{"href":"https:\/\/inces.gob.ve\/index.php\/wp-json\/wp\/v2\/posts\/53700","targetHints":{"allow":["GET"]}}],"collection":[{"href":"https:\/\/inces.gob.ve\/index.php\/wp-json\/wp\/v2\/posts"}],"about":[{"href":"https:\/\/inces.gob.ve\/index.php\/wp-json\/wp\/v2\/types\/post"}],"author":[{"embeddable":true,"href":"https:\/\/inces.gob.ve\/index.php\/wp-json\/wp\/v2\/users\/4"}],"replies":[{"embeddable":true,"href":"https:\/\/inces.gob.ve\/index.php\/wp-json\/wp\/v2\/comments?post=53700"}],"version-history":[{"count":1,"href":"https:\/\/inces.gob.ve\/index.php\/wp-json\/wp\/v2\/posts\/53700\/revisions"}],"predecessor-version":[{"id":53701,"href":"https:\/\/inces.gob.ve\/index.php\/wp-json\/wp\/v2\/posts\/53700\/revisions\/53701"}],"wp:featuredmedia":[{"embeddable":true,"href":"https:\/\/inces.gob.ve\/index.php\/wp-json\/wp\/v2\/media\/43400"}],"wp:attachment":[{"href":"https:\/\/inces.gob.ve\/index.php\/wp-json\/wp\/v2\/media?parent=53700"}],"wp:term":[{"taxonomy":"category","embeddable":true,"href":"https:\/\/inces.gob.ve\/index.php\/wp-json\/wp\/v2\/categories?post=53700"},{"taxonomy":"post_tag","embeddable":true,"href":"https:\/\/inces.gob.ve\/index.php\/wp-json\/wp\/v2\/tags?post=53700"}],"curies":[{"name":"wp","href":"https:\/\/api.w.org\/{rel}","templated":true}]}}