{"id":53708,"date":"2023-08-30T11:39:05","date_gmt":"2023-08-30T15:39:05","guid":{"rendered":"https:\/\/inces.gob.ve\/?p=53708"},"modified":"2023-08-30T11:39:27","modified_gmt":"2023-08-30T15:39:27","slug":"guarico-un-reconocimiento-al-esfuerzo-y-valor-de-los-trabajadores-inces","status":"publish","type":"post","link":"https:\/\/inces.gob.ve\/index.php\/2023\/08\/30\/guarico-un-reconocimiento-al-esfuerzo-y-valor-de-los-trabajadores-inces\/","title":{"rendered":"GU\u00c1RICO | Un reconocimiento al esfuerzo y valor de los trabajadores Inces"},"content":{"rendered":"<p dir=\"ltr\" style=\"text-align: justify;\"><em><strong>*<span style=\"font-family: helvetica, arial, sans-serif; font-size: 14pt;\">* Autoridades de la C\u00e1mara Municipal\u00a0 entregaron reconocimientos a los empleados de la instituci\u00f3n por su destacada y valiosa labor<\/span><\/strong><\/em><!--more--><\/p>\n<p dir=\"ltr\" style=\"text-align: justify;\"><span style=\"font-family: helvetica, arial, sans-serif; font-size: 14pt;\">YAMILEX APONTE<\/span><\/p>\n<p dir=\"ltr\" style=\"text-align: justify;\"><span style=\"font-family: helvetica, arial, sans-serif; font-size: 14pt;\">El pasado jueves 24 de agosto, en las instalaciones del audit\u00f3rium de la sede administrativa del Instituto Nacional de Capacitaci\u00f3n y Educaci\u00f3n Socialista en Gu\u00e1rico, la C\u00e1mara Municipal del municipio Juan German Roscio Nieves, realiz\u00f3 Sesi\u00f3n Solemne a prop\u00f3sito del 64 aniversario de la instituci\u00f3n, luego de haber realizado ofrenda floral ante el padre de la patria.<\/span><\/p>\n<p style=\"text-align: justify;\"><img loading=\"lazy\" decoding=\"async\" class=\"aligncenter wp-image-53713 size-full\" src=\"https:\/\/inces.gob.ve\/wp-content\/uploads\/2023\/08\/trabajadores-Inces-5--e1693409418413.jpeg\" alt=\"\" width=\"800\" height=\"450\" srcset=\"https:\/\/inces.gob.ve\/wp-content\/uploads\/2023\/08\/trabajadores-Inces-5--e1693409418413.jpeg 800w, https:\/\/inces.gob.ve\/wp-content\/uploads\/2023\/08\/trabajadores-Inces-5--e1693409418413-300x169.jpeg 300w, https:\/\/inces.gob.ve\/wp-content\/uploads\/2023\/08\/trabajadores-Inces-5--e1693409418413-768x432.jpeg 768w\" sizes=\"auto, (max-width: 800px) 100vw, 800px\" \/><\/p>\n<p dir=\"ltr\" style=\"text-align: justify;\"><span style=\"font-family: helvetica, arial, sans-serif; font-size: 14pt;\">El evento cont\u00f3 con la presencia de la gerente regional Arisela Medina, el presidente de la C\u00e1mara Municipal Jos\u00e9 Ram\u00f3n P\u00e9rez y sus concejales, donde adem\u00e1s se sumaron trabajadores activos y jubilados de la instituci\u00f3n e invitados especiales.\u00a0\u00a0\u00a0<\/span><\/p>\n<p style=\"text-align: justify;\"><img loading=\"lazy\" decoding=\"async\" class=\"aligncenter wp-image-53711 size-full\" src=\"https:\/\/inces.gob.ve\/wp-content\/uploads\/2023\/08\/trabajadores-Inces-1-e1693409768862.jpg\" alt=\"\" width=\"800\" height=\"451\" srcset=\"https:\/\/inces.gob.ve\/wp-content\/uploads\/2023\/08\/trabajadores-Inces-1-e1693409768862.jpg 800w, https:\/\/inces.gob.ve\/wp-content\/uploads\/2023\/08\/trabajadores-Inces-1-e1693409768862-300x169.jpg 300w, https:\/\/inces.gob.ve\/wp-content\/uploads\/2023\/08\/trabajadores-Inces-1-e1693409768862-768x433.jpg 768w\" sizes=\"auto, (max-width: 800px) 100vw, 800px\" \/><\/p>\n<p dir=\"ltr\" style=\"text-align: justify;\"><span style=\"font-family: helvetica, arial, sans-serif; font-size: 14pt;\">Fue un acto emotivo, cargado de alegr\u00eda y entusiasmo por parte de todo el personal que labora en la instituci\u00f3n al momento de recibir el reconocimiento de manos de las autoridades de la C\u00e1mara Municipal de Roscio Nieves.\u00a0<\/span><\/p>\n<p style=\"text-align: justify;\"><img loading=\"lazy\" decoding=\"async\" class=\"aligncenter wp-image-53712 size-full\" src=\"https:\/\/inces.gob.ve\/wp-content\/uploads\/2023\/08\/trabajadores-Inces-4-e1693409795886.jpg\" alt=\"\" width=\"800\" height=\"451\" srcset=\"https:\/\/inces.gob.ve\/wp-content\/uploads\/2023\/08\/trabajadores-Inces-4-e1693409795886.jpg 800w, https:\/\/inces.gob.ve\/wp-content\/uploads\/2023\/08\/trabajadores-Inces-4-e1693409795886-300x169.jpg 300w, https:\/\/inces.gob.ve\/wp-content\/uploads\/2023\/08\/trabajadores-Inces-4-e1693409795886-768x433.jpg 768w\" sizes=\"auto, (max-width: 800px) 100vw, 800px\" \/><\/p>\n<p dir=\"ltr\" style=\"text-align: justify;\"><span style=\"font-family: helvetica, arial, sans-serif; font-size: 14pt;\">La gerente regional, Arisela Medina, quien fue la oradora de orden, durante su discurso, realiz\u00f3 una cronolog\u00eda hist\u00f3rica del Inces, desde su creaci\u00f3n hasta su transici\u00f3n y transformaci\u00f3n actual, donde adem\u00e1s resalt\u00f3 el pensamiento del maestro Luis Beltr\u00e1n Prieto Figueroa, refiri\u00f3 \u201cEl Inces como casa formativa mantiene el lado humano y vigente del legado del maestro de Am\u00e9rica con la filosof\u00eda desde el aprender haciendo\u201d. As\u00ed mismo acot\u00f3: \u201cMientras existamos hombres y mujeres comprometidos con el desarrollo de la patria, no va a ser posible desaparecer el legado de Luis Beltr\u00e1n Prieto Figueroa, porque las grandes ideas, no se pueden borrar\u201d.<\/span><\/p>\n<p style=\"text-align: justify;\"><img loading=\"lazy\" decoding=\"async\" class=\"aligncenter wp-image-53710 size-full\" src=\"https:\/\/inces.gob.ve\/wp-content\/uploads\/2023\/08\/trabajadores-Inces-3--e1693409822680.jpg\" alt=\"\" width=\"800\" height=\"398\" srcset=\"https:\/\/inces.gob.ve\/wp-content\/uploads\/2023\/08\/trabajadores-Inces-3--e1693409822680.jpg 800w, https:\/\/inces.gob.ve\/wp-content\/uploads\/2023\/08\/trabajadores-Inces-3--e1693409822680-300x149.jpg 300w, https:\/\/inces.gob.ve\/wp-content\/uploads\/2023\/08\/trabajadores-Inces-3--e1693409822680-768x382.jpg 768w\" sizes=\"auto, (max-width: 800px) 100vw, 800px\" \/><\/p>\n<p dir=\"ltr\" style=\"text-align: justify;\"><span style=\"font-family: helvetica, arial, sans-serif; font-size: 14pt;\">Los trabajadores Inces se sienten orgullosos de la labor que realizan, estos reconocimientos son prueba de ello. Gu\u00e1rico sigue comprometido, tal como lo viene orientando Wuikelman Angel Paredes, de seguir trabajando para brindarle una formaci\u00f3n de excelencia al pueblo.<\/span><\/p>\n","protected":false},"excerpt":{"rendered":"<p>** Autoridades de la C\u00e1mara Municipal\u00a0 entregaron reconocimientos a los empleados de la instituci\u00f3n por su destacada y valiosa labor<\/p>\n","protected":false},"author":15,"featured_media":53709,"comment_status":"closed","ping_status":"closed","sticky":false,"template":"","format":"standard","meta":{"footnotes":""},"categories":[2],"tags":[],"class_list":["post-53708","post","type-post","status-publish","format-standard","has-post-thumbnail","hentry","category-blog"],"_links":{"self":[{"href":"https:\/\/inces.gob.ve\/index.php\/wp-json\/wp\/v2\/posts\/53708","targetHints":{"allow":["GET"]}}],"collection":[{"href":"https:\/\/inces.gob.ve\/index.php\/wp-json\/wp\/v2\/posts"}],"about":[{"href":"https:\/\/inces.gob.ve\/index.php\/wp-json\/wp\/v2\/types\/post"}],"author":[{"embeddable":true,"href":"https:\/\/inces.gob.ve\/index.php\/wp-json\/wp\/v2\/users\/15"}],"replies":[{"embeddable":true,"href":"https:\/\/inces.gob.ve\/index.php\/wp-json\/wp\/v2\/comments?post=53708"}],"version-history":[{"count":2,"href":"https:\/\/inces.gob.ve\/index.php\/wp-json\/wp\/v2\/posts\/53708\/revisions"}],"predecessor-version":[{"id":53715,"href":"https:\/\/inces.gob.ve\/index.php\/wp-json\/wp\/v2\/posts\/53708\/revisions\/53715"}],"wp:featuredmedia":[{"embeddable":true,"href":"https:\/\/inces.gob.ve\/index.php\/wp-json\/wp\/v2\/media\/53709"}],"wp:attachment":[{"href":"https:\/\/inces.gob.ve\/index.php\/wp-json\/wp\/v2\/media?parent=53708"}],"wp:term":[{"taxonomy":"category","embeddable":true,"href":"https:\/\/inces.gob.ve\/index.php\/wp-json\/wp\/v2\/categories?post=53708"},{"taxonomy":"post_tag","embeddable":true,"href":"https:\/\/inces.gob.ve\/index.php\/wp-json\/wp\/v2\/tags?post=53708"}],"curies":[{"name":"wp","href":"https:\/\/api.w.org\/{rel}","templated":true}]}}