{"id":53903,"date":"2023-09-04T15:30:10","date_gmt":"2023-09-04T19:30:10","guid":{"rendered":"https:\/\/inces.gob.ve\/?p=53903"},"modified":"2023-09-08T09:18:46","modified_gmt":"2023-09-08T13:18:46","slug":"yaracuy-entidades-de-trabajo-conocen-avance-sobre-la-modalidad-de-convenios-del-pna","status":"publish","type":"post","link":"https:\/\/inces.gob.ve\/index.php\/2023\/09\/04\/yaracuy-entidades-de-trabajo-conocen-avance-sobre-la-modalidad-de-convenios-del-pna\/","title":{"rendered":"YARACUY| Entidades de trabajo conocen avance sobre la modalidad de convenios del PNA"},"content":{"rendered":"<p style=\"text-align: justify;\" align=\"justify\"><em><span style=\"font-family: helvetica, arial, sans-serif; font-size: 14pt;\"><b>** Inces refuerza lazos con empresarios yaracuyanos&#8230;<\/b><\/span><\/em><!--more--><\/p>\n<p style=\"text-align: justify;\" align=\"justify\"><span style=\"font-family: helvetica, arial, sans-serif; font-size: 14pt;\"><b>\u00a0<\/b><\/span><\/p>\n<p style=\"text-align: justify;\" align=\"justify\"><span style=\"font-family: helvetica, arial, sans-serif; font-size: 14pt;\"><b>(Lcda. Yolaice Vargas CNP 24.618).-<\/b> Como parte de las actividades programadas para celebrar el 64 aniversario del Instituto Nacional de Capacitaci\u00f3n y Educaci\u00f3n Socialista (Inces) en Yaracuy, autoridades de la instituci\u00f3n realizaron un encuentro con empresarios de la regi\u00f3n a fin de dar a conocer los avances y logros de la modalidad de convenios que refuerza el Programa Nacional de Aprendizaje (PNA).<\/span><\/p>\n<p align=\"justify\"><img loading=\"lazy\" decoding=\"async\" class=\"aligncenter wp-image-53905 size-full\" src=\"https:\/\/inces.gob.ve\/wp-content\/uploads\/2023\/09\/IMG-20230607-WA0142-e1693855714741.jpg\" alt=\"\" width=\"800\" height=\"600\" srcset=\"https:\/\/inces.gob.ve\/wp-content\/uploads\/2023\/09\/IMG-20230607-WA0142-e1693855714741.jpg 800w, https:\/\/inces.gob.ve\/wp-content\/uploads\/2023\/09\/IMG-20230607-WA0142-e1693855714741-300x225.jpg 300w, https:\/\/inces.gob.ve\/wp-content\/uploads\/2023\/09\/IMG-20230607-WA0142-e1693855714741-768x576.jpg 768w, https:\/\/inces.gob.ve\/wp-content\/uploads\/2023\/09\/IMG-20230607-WA0142-e1693855714741-136x102.jpg 136w\" sizes=\"auto, (max-width: 800px) 100vw, 800px\" \/><\/p>\n<p style=\"text-align: justify;\" align=\"justify\"><span style=\"font-family: helvetica, arial, sans-serif; font-size: 14pt;\">El titular del ente formativo, Dalvi Torrealba en compa\u00f1\u00eda del jefe de divisi\u00f3n de Formaci\u00f3n Profesional, Rafael Arias; la coordinadora del PNA, Mar\u00eda Espino y la coordinadora de Entidades de Trabajo, Johana Garc\u00eda, present\u00f3 antes los representantes de las entidades de trabajo algunas evidencias de los alcances que se han logrado a trav\u00e9s de los convenios que hicieron posible el regreso de aprendices al Centro de Formaci\u00f3n Socialista San Felipe El Fuerte.<\/span><\/p>\n<p style=\"text-align: justify;\" align=\"justify\"><span style=\"font-family: helvetica, arial, sans-serif; font-size: 14pt;\">De igual manera hizo \u00e9nfasis en el beneficio, tanto para la instituci\u00f3n que preside, como para las entidades de trabajo, de amoldarse a la ley en cuanto al Programa Nacional de Aprendizaje, a trav\u00e9s del modelo convenio que garantiza la incorporaci\u00f3n de j\u00f3venes al PNA, lo que significa un aporte moderado que les permite cumplir con lo estipulado en la ley.<\/span><\/p>\n<p style=\"text-align: justify;\" align=\"justify\"><span style=\"font-family: helvetica, arial, sans-serif; font-size: 14pt;\">Por su parte, la coordinadora del PNA, Mar\u00eda Espino, agradeci\u00f3 a las empresas aliadas que han puesto su confianza en la instituci\u00f3n para la formaci\u00f3n de j\u00f3venes, que una vez culminada la capacitaci\u00f3n te\u00f3rica, pasar\u00e1n a las filas de cada entidad de trabajo para ejecutar las pr\u00e1cticas correspondientes.<\/span><\/p>\n<p style=\"text-align: justify;\" align=\"justify\"><span style=\"font-family: helvetica, arial, sans-serif; font-size: 14pt;\"><img loading=\"lazy\" decoding=\"async\" class=\"aligncenter wp-image-53906 size-full\" src=\"https:\/\/inces.gob.ve\/wp-content\/uploads\/2023\/09\/IMG-20230609-WA0098-e1693855751570.jpg\" alt=\"\" width=\"800\" height=\"800\" srcset=\"https:\/\/inces.gob.ve\/wp-content\/uploads\/2023\/09\/IMG-20230609-WA0098-e1693855751570.jpg 800w, https:\/\/inces.gob.ve\/wp-content\/uploads\/2023\/09\/IMG-20230609-WA0098-e1693855751570-300x300.jpg 300w, https:\/\/inces.gob.ve\/wp-content\/uploads\/2023\/09\/IMG-20230609-WA0098-e1693855751570-150x150.jpg 150w, https:\/\/inces.gob.ve\/wp-content\/uploads\/2023\/09\/IMG-20230609-WA0098-e1693855751570-768x768.jpg 768w\" sizes=\"auto, (max-width: 800px) 100vw, 800px\" \/><\/span><\/p>\n<p style=\"text-align: justify;\" align=\"justify\"><span style=\"font-family: helvetica, arial, sans-serif; font-size: 14pt;\">Asimismo, se\u00f1al\u00f3, que fueron abiertos cuatro cursos a trav\u00e9s de los convenios Electricidad de Mantenimiento, Asistente Administrativo, Analista Contable y Mec\u00e1nica en Refrigeraci\u00f3n, en donde son atendidos 75 j\u00f3venes entre 17 y 18 a\u00f1os de edad. <\/span><\/p>\n<p style=\"text-align: justify;\" align=\"justify\"><span style=\"font-family: helvetica, arial, sans-serif; font-size: 14pt;\">Los empresarios se mostraron complacidos con la receptividad que les ha tenido la instituci\u00f3n, y mostraron su apoyo irrestricto con el Inces para seguir cumpliendo con el PNA, a fin de contribuir con la formaci\u00f3n de aprendices. <\/span><\/p>\n<p style=\"text-align: justify;\" align=\"justify\"><span style=\"font-family: helvetica, arial, sans-serif; font-size: 14pt;\"><b>Expo Feria <\/b><\/span><\/p>\n<p style=\"text-align: justify;\" align=\"justify\"><span style=\"font-family: helvetica, arial, sans-serif; font-size: 14pt;\">Entre otras actividades de la programaci\u00f3n del 64 aniversario, se llev\u00f3 a cabo la expo feria Inces 2023, en las instalaciones del CFS San Felipe El Fuerte, donde los participantes instalaron stand para mostrar parte de los productos elaborados en sus unidades curriculares.<\/span><\/p>\n<p style=\"text-align: justify;\" align=\"justify\"><a name=\"m_8208102573633821021_:nt_8-e1\"><\/a><span style=\"font-family: helvetica, arial, sans-serif; font-size: 14pt;\"> M\u00e1s de 15 grupos participaron en la expo, dejando constancia de las bondades de capacitarse en el Inces, mostrando que la casa formativa es una puerta para el impulso del desarrollo productivo de la regi\u00f3n.<\/span><\/p>\n","protected":false},"excerpt":{"rendered":"<p>** Inces refuerza lazos con empresarios yaracuyanos&#8230;<\/p>\n","protected":false},"author":15,"featured_media":53904,"comment_status":"closed","ping_status":"closed","sticky":false,"template":"","format":"standard","meta":{"footnotes":""},"categories":[2],"tags":[],"class_list":["post-53903","post","type-post","status-publish","format-standard","has-post-thumbnail","hentry","category-blog"],"_links":{"self":[{"href":"https:\/\/inces.gob.ve\/index.php\/wp-json\/wp\/v2\/posts\/53903","targetHints":{"allow":["GET"]}}],"collection":[{"href":"https:\/\/inces.gob.ve\/index.php\/wp-json\/wp\/v2\/posts"}],"about":[{"href":"https:\/\/inces.gob.ve\/index.php\/wp-json\/wp\/v2\/types\/post"}],"author":[{"embeddable":true,"href":"https:\/\/inces.gob.ve\/index.php\/wp-json\/wp\/v2\/users\/15"}],"replies":[{"embeddable":true,"href":"https:\/\/inces.gob.ve\/index.php\/wp-json\/wp\/v2\/comments?post=53903"}],"version-history":[{"count":7,"href":"https:\/\/inces.gob.ve\/index.php\/wp-json\/wp\/v2\/posts\/53903\/revisions"}],"predecessor-version":[{"id":54078,"href":"https:\/\/inces.gob.ve\/index.php\/wp-json\/wp\/v2\/posts\/53903\/revisions\/54078"}],"wp:featuredmedia":[{"embeddable":true,"href":"https:\/\/inces.gob.ve\/index.php\/wp-json\/wp\/v2\/media\/53904"}],"wp:attachment":[{"href":"https:\/\/inces.gob.ve\/index.php\/wp-json\/wp\/v2\/media?parent=53903"}],"wp:term":[{"taxonomy":"category","embeddable":true,"href":"https:\/\/inces.gob.ve\/index.php\/wp-json\/wp\/v2\/categories?post=53903"},{"taxonomy":"post_tag","embeddable":true,"href":"https:\/\/inces.gob.ve\/index.php\/wp-json\/wp\/v2\/tags?post=53903"}],"curies":[{"name":"wp","href":"https:\/\/api.w.org\/{rel}","templated":true}]}}