{"id":53990,"date":"2023-09-05T16:11:09","date_gmt":"2023-09-05T20:11:09","guid":{"rendered":"https:\/\/inces.gob.ve\/?p=53990"},"modified":"2023-09-05T16:15:10","modified_gmt":"2023-09-05T20:15:10","slug":"nueva-esparta-el-inces-insular-gradua-bachilleres-productivos","status":"publish","type":"post","link":"https:\/\/inces.gob.ve\/index.php\/2023\/09\/05\/nueva-esparta-el-inces-insular-gradua-bachilleres-productivos\/","title":{"rendered":"NUEVA ESPARTA | El Inces insular grad\u00faa bachilleres productivos"},"content":{"rendered":"<p style=\"text-align: justify;\"><span style=\"font-family: helvetica, arial, sans-serif; font-size: 14pt;\"><em><b>** El Inces en Nueva Esparta se sum\u00f3 a la graduaci\u00f3n nacional de bachilleres, otorgando 14 t\u00edtulos a bachilleres productivos<\/b><\/em><\/span><br \/>\n<!--more--><\/p>\n<div style=\"text-align: justify;\"><span style=\"font-family: helvetica, arial, sans-serif; font-size: 14pt;\"><em><b>\u00a0<\/b><\/em><\/span><\/div>\n<div style=\"text-align: justify;\"><span style=\"font-family: helvetica, arial, sans-serif; font-size: 14pt;\">El Inces en Nueva Esparta se sum\u00f3 a la graduaci\u00f3n nacional de bachilleres, otorgando 14 t\u00edtulos a bachilleres productivos,\u00a0como parte de la graduaci\u00f3n nacional que alcanz\u00f3 a m\u00e1s de 2.000 personas. Fue un acto muy emotivo, organizado con gran esfuerzo y dedicaci\u00f3n por la Sede en Caracas y realizado en vivo en los 24 estados de nuestra patria de manera conjunta, en el que el presidente del Inces, Wuilkelman Angel, dedic\u00f3 palabras de felicitaci\u00f3n a los graduandos de todo el pa\u00eds.<\/span><\/div>\n<div><\/div>\n<div><img loading=\"lazy\" decoding=\"async\" class=\"aligncenter wp-image-53994 \" src=\"https:\/\/inces.gob.ve\/wp-content\/uploads\/2023\/09\/1693863410690-scaled-e1693944523321.jpg\" alt=\"\" width=\"566\" height=\"777\" srcset=\"https:\/\/inces.gob.ve\/wp-content\/uploads\/2023\/09\/1693863410690-scaled-e1693944523321.jpg 800w, https:\/\/inces.gob.ve\/wp-content\/uploads\/2023\/09\/1693863410690-scaled-e1693944523321-218x300.jpg 218w, https:\/\/inces.gob.ve\/wp-content\/uploads\/2023\/09\/1693863410690-scaled-e1693944523321-745x1024.jpg 745w, https:\/\/inces.gob.ve\/wp-content\/uploads\/2023\/09\/1693863410690-scaled-e1693944523321-768x1055.jpg 768w\" sizes=\"auto, (max-width: 566px) 100vw, 566px\" \/><\/div>\n<div style=\"text-align: justify;\"><\/div>\n<div style=\"text-align: justify;\"><span style=\"font-family: helvetica, arial, sans-serif; font-size: 14pt;\">El programa de bachillerato productivo del Inces es una iniciativa del gobierno bolivariano para brindar oportunidades de estudio a nuestro\u00a0pueblo sin\u00a0distingo de ning\u00fan tipo, especialmente a aquellos que por alguna circunstancia han desertado del sistema educativo.\u00a0\u00a0<\/span><\/div>\n<div><\/div>\n<div><img loading=\"lazy\" decoding=\"async\" class=\"aligncenter wp-image-53996 size-full\" src=\"https:\/\/inces.gob.ve\/wp-content\/uploads\/2023\/09\/1693872112321-scaled-e1693944542786.jpg\" alt=\"\" width=\"800\" height=\"373\" srcset=\"https:\/\/inces.gob.ve\/wp-content\/uploads\/2023\/09\/1693872112321-scaled-e1693944542786.jpg 800w, https:\/\/inces.gob.ve\/wp-content\/uploads\/2023\/09\/1693872112321-scaled-e1693944542786-300x140.jpg 300w, https:\/\/inces.gob.ve\/wp-content\/uploads\/2023\/09\/1693872112321-scaled-e1693944542786-768x358.jpg 768w\" sizes=\"auto, (max-width: 800px) 100vw, 800px\" \/><\/div>\n<div style=\"text-align: justify;\"><\/div>\n<div style=\"text-align: justify;\"><span style=\"font-family: helvetica, arial, sans-serif; font-size: 14pt;\">El estudiante adem\u00e1s de obtener su t\u00edtulo de bachiller avalado por el Ministerio del Poder Popular para la Educaci\u00f3n, logra la certificaci\u00f3n de poseer los conocimientos t\u00e9cnicos y profesionales a trav\u00e9s de unidades curriculares de su elecci\u00f3n,\u00a0permitiendo as\u00ed a los participantes adquirir una formaci\u00f3n integral que incluye la acreditaci\u00f3n de una ocupaci\u00f3n con relevancia socioproductiva, relacionado con el \u00e1rea de su inter\u00e9s avalado por el Inces, adem\u00e1s, el participante contar\u00e1\u00a0con la facilidad de elegir su itinerario, ya que nuestros maestros estar\u00e1n\u00a0a su disposici\u00f3n en horario diurno, nocturno, o incluso fines de semana; cabe destacar que el tiempo de duraci\u00f3n depender\u00e1\u00a0del nivel educativo con el que ingrese cada estudiante.\u00a0 \u00a0<\/span><\/div>\n<div><\/div>\n<p style=\"text-align: justify;\"><img loading=\"lazy\" decoding=\"async\" class=\"aligncenter wp-image-53993 size-full\" src=\"https:\/\/inces.gob.ve\/wp-content\/uploads\/2023\/09\/1693863410661-e1693944559399.jpg\" alt=\"\" width=\"800\" height=\"691\" srcset=\"https:\/\/inces.gob.ve\/wp-content\/uploads\/2023\/09\/1693863410661-e1693944559399.jpg 800w, https:\/\/inces.gob.ve\/wp-content\/uploads\/2023\/09\/1693863410661-e1693944559399-300x259.jpg 300w, https:\/\/inces.gob.ve\/wp-content\/uploads\/2023\/09\/1693863410661-e1693944559399-768x663.jpg 768w\" sizes=\"auto, (max-width: 800px) 100vw, 800px\" \/><\/p>\n<div style=\"text-align: justify;\"><span style=\"font-family: helvetica, arial, sans-serif; font-size: 14pt;\">El perfil productivo se compone de varias unidades curriculares que se cursan de forma simult\u00e1nea con las materias regulares.\u00a0Inces conformar\u00e1 un grupo de certificadores para cada aspirante, realizaremos la evaluaci\u00f3n y adaptaremos\u00a0un cronograma flexible a sus necesidades.<\/span><\/div>\n<div><\/div>\n<div><img loading=\"lazy\" decoding=\"async\" class=\"aligncenter wp-image-53991 size-full\" src=\"https:\/\/inces.gob.ve\/wp-content\/uploads\/2023\/09\/1693863156663-e1693944576253.jpg\" alt=\"\" width=\"800\" height=\"785\" srcset=\"https:\/\/inces.gob.ve\/wp-content\/uploads\/2023\/09\/1693863156663-e1693944576253.jpg 800w, https:\/\/inces.gob.ve\/wp-content\/uploads\/2023\/09\/1693863156663-e1693944576253-300x294.jpg 300w, https:\/\/inces.gob.ve\/wp-content\/uploads\/2023\/09\/1693863156663-e1693944576253-768x754.jpg 768w\" sizes=\"auto, (max-width: 800px) 100vw, 800px\" \/><\/div>\n<div style=\"text-align: justify;\"><\/div>\n<div style=\"text-align: justify;\"><span style=\"font-family: helvetica, arial, sans-serif; font-size: 14pt;\">Invitamos a la poblaci\u00f3n interesada en obtener\u00a0su t\u00edtulo\u00a0de bachiller a\u00a0acercarse a cualquiera de nuestros Centros de Formaci\u00f3n Socialista que se encuentran ubicados en El Espinal, Juan Griego, Paseo Guaraguao y Sector Genov\u00e9s en Porlamar, para solicitar informaci\u00f3n, ya que el Programa\u00a0Bachillerato Productivo\u00a0abre sus inscripciones hasta el 6 de octubre del a\u00f1o en curso.\u00a0\u00a0Los requisitos con los que deben cumplir son: ser mayor de 15 a\u00f1os, tener un a\u00f1o fuera del sistema escolar o haber repetido 2 a\u00f1os consecutivos, copia de la c\u00e9dula de identidad del aspirante, certificado de aprobaci\u00f3n de 6to grado de educaci\u00f3n b\u00e1sica, original y copia del certificado de notas y dos fotos tipo carnet del aspirante.<\/span><\/div>\n","protected":false},"excerpt":{"rendered":"<p>** El Inces en Nueva Esparta se sum\u00f3 a la graduaci\u00f3n nacional de bachilleres, otorgando 14 t\u00edtulos a bachilleres productivos<\/p>\n","protected":false},"author":15,"featured_media":53992,"comment_status":"closed","ping_status":"closed","sticky":false,"template":"","format":"standard","meta":{"footnotes":""},"categories":[2],"tags":[],"class_list":["post-53990","post","type-post","status-publish","format-standard","has-post-thumbnail","hentry","category-blog"],"_links":{"self":[{"href":"https:\/\/inces.gob.ve\/index.php\/wp-json\/wp\/v2\/posts\/53990","targetHints":{"allow":["GET"]}}],"collection":[{"href":"https:\/\/inces.gob.ve\/index.php\/wp-json\/wp\/v2\/posts"}],"about":[{"href":"https:\/\/inces.gob.ve\/index.php\/wp-json\/wp\/v2\/types\/post"}],"author":[{"embeddable":true,"href":"https:\/\/inces.gob.ve\/index.php\/wp-json\/wp\/v2\/users\/15"}],"replies":[{"embeddable":true,"href":"https:\/\/inces.gob.ve\/index.php\/wp-json\/wp\/v2\/comments?post=53990"}],"version-history":[{"count":2,"href":"https:\/\/inces.gob.ve\/index.php\/wp-json\/wp\/v2\/posts\/53990\/revisions"}],"predecessor-version":[{"id":53998,"href":"https:\/\/inces.gob.ve\/index.php\/wp-json\/wp\/v2\/posts\/53990\/revisions\/53998"}],"wp:featuredmedia":[{"embeddable":true,"href":"https:\/\/inces.gob.ve\/index.php\/wp-json\/wp\/v2\/media\/53992"}],"wp:attachment":[{"href":"https:\/\/inces.gob.ve\/index.php\/wp-json\/wp\/v2\/media?parent=53990"}],"wp:term":[{"taxonomy":"category","embeddable":true,"href":"https:\/\/inces.gob.ve\/index.php\/wp-json\/wp\/v2\/categories?post=53990"},{"taxonomy":"post_tag","embeddable":true,"href":"https:\/\/inces.gob.ve\/index.php\/wp-json\/wp\/v2\/tags?post=53990"}],"curies":[{"name":"wp","href":"https:\/\/api.w.org\/{rel}","templated":true}]}}