{"id":53999,"date":"2023-09-05T16:33:16","date_gmt":"2023-09-05T20:33:16","guid":{"rendered":"https:\/\/inces.gob.ve\/?p=53999"},"modified":"2023-09-06T09:02:23","modified_gmt":"2023-09-06T13:02:23","slug":"prensa-inces-adjuntos1338-hace-2-horas-para-webmastergil01-aragua-alianzas-y-formaciones-son-la-clave-desde-el-inces-para-toda-la-region","status":"publish","type":"post","link":"https:\/\/inces.gob.ve\/index.php\/2023\/09\/05\/prensa-inces-adjuntos1338-hace-2-horas-para-webmastergil01-aragua-alianzas-y-formaciones-son-la-clave-desde-el-inces-para-toda-la-region\/","title":{"rendered":"ARAGUA | Alianzas y formaciones son la clave desde el Inces para toda la regi\u00f3n"},"content":{"rendered":"<div dir=\"auto\" style=\"text-align: justify;\"><em><strong><span style=\"font-family: helvetica, arial, sans-serif; font-size: 14pt;\">** Con \u00e1nimos renovados, la instituci\u00f3n sigue celebrando junto al pueblo con su apoyo incondicional en los diferentes espacios arag\u00fce\u00f1os brindando herramientas para la vida<\/span><\/strong><\/em><\/div>\n<p><!--more--><\/p>\n<div dir=\"auto\" style=\"text-align: justify;\"><\/div>\n<div style=\"text-align: justify;\"><span style=\"font-family: helvetica, arial, sans-serif; font-size: 14pt;\">NINOSKA PATRIZ<\/span><\/div>\n<div><\/div>\n<div dir=\"auto\" style=\"text-align: justify;\"><span style=\"font-family: helvetica, arial, sans-serif; font-size: 14pt;\">La gerente regional del Inces en Aragua, Yelitza Rodr\u00edguez, lider\u00f3 un encuentro especial con autoridades de la Escuela Agroecol\u00f3gica Indio Rangel del Frente Francisco de Miranda. Durante el mismo se establecieron acuerdos en torno a la puesta en marcha del plan formativo, reafirmando el compromiso con el desarrollo integral de la poblaci\u00f3n para el crecimiento econ\u00f3mico de la patria.<\/span><\/div>\n<div dir=\"auto\"><\/div>\n<div dir=\"auto\"><img loading=\"lazy\" decoding=\"async\" class=\"aligncenter wp-image-54006 size-full\" src=\"https:\/\/inces.gob.ve\/wp-content\/uploads\/2023\/09\/IMG_20230904_185018-e1693945268397.jpg\" alt=\"\" width=\"800\" height=\"459\" srcset=\"https:\/\/inces.gob.ve\/wp-content\/uploads\/2023\/09\/IMG_20230904_185018-e1693945268397.jpg 800w, https:\/\/inces.gob.ve\/wp-content\/uploads\/2023\/09\/IMG_20230904_185018-e1693945268397-300x172.jpg 300w, https:\/\/inces.gob.ve\/wp-content\/uploads\/2023\/09\/IMG_20230904_185018-e1693945268397-768x441.jpg 768w\" sizes=\"auto, (max-width: 800px) 100vw, 800px\" \/><\/div>\n<div dir=\"auto\" style=\"text-align: justify;\"><\/div>\n<div dir=\"auto\" style=\"text-align: justify;\"><span style=\"font-family: helvetica, arial, sans-serif; font-size: 14pt;\">Por otra parte, Inces Aragua dijo presente en la Jornada en Acci\u00f3n y Amor del sector La Concepci\u00f3n. En esta oportunidad el acompa\u00f1amiento lo realiz\u00f3 el equipo de Programas M\u00f3viles desde el municipio Revenga. En el mismo orden de ideas este equipo de trabajo tambi\u00e9n realiz\u00f3 el cierre de actividades del Plan Formador de Formadores desde Las Tejer\u00edas.<\/span><\/div>\n<div dir=\"auto\"><\/div>\n<div dir=\"auto\"><img loading=\"lazy\" decoding=\"async\" class=\"aligncenter wp-image-54010 size-full\" src=\"https:\/\/inces.gob.ve\/wp-content\/uploads\/2023\/09\/IMG_20230904_185249-e1693945288660.jpg\" alt=\"\" width=\"800\" height=\"319\" srcset=\"https:\/\/inces.gob.ve\/wp-content\/uploads\/2023\/09\/IMG_20230904_185249-e1693945288660.jpg 800w, https:\/\/inces.gob.ve\/wp-content\/uploads\/2023\/09\/IMG_20230904_185249-e1693945288660-300x120.jpg 300w, https:\/\/inces.gob.ve\/wp-content\/uploads\/2023\/09\/IMG_20230904_185249-e1693945288660-768x306.jpg 768w\" sizes=\"auto, (max-width: 800px) 100vw, 800px\" \/><\/div>\n<div dir=\"auto\" style=\"text-align: justify;\"><span style=\"font-family: helvetica, arial, sans-serif; font-size: 14pt;\"><b>\u00a0<\/b><\/span><\/div>\n<div dir=\"auto\" style=\"text-align: justify;\"><span style=\"font-family: helvetica, arial, sans-serif; font-size: 14pt;\"><b>Formaciones al d\u00eda en todos los espacios para fortalecer al pueblo<\/b><\/span><\/div>\n<div dir=\"auto\" style=\"text-align: justify;\"><span style=\"font-family: helvetica, arial, sans-serif; font-size: 14pt;\">Continuando con la noble misi\u00f3n de #FormarProduciendo y #ProducirFormando el Inces en Aragua realiz\u00f3 una variada gama de actividades.\u00a0<\/span><\/div>\n<div dir=\"auto\"><\/div>\n<div dir=\"auto\"><img loading=\"lazy\" decoding=\"async\" class=\"aligncenter wp-image-54009 size-full\" src=\"https:\/\/inces.gob.ve\/wp-content\/uploads\/2023\/09\/IMG_20230904_185218-e1693945309431.jpg\" alt=\"\" width=\"800\" height=\"341\" srcset=\"https:\/\/inces.gob.ve\/wp-content\/uploads\/2023\/09\/IMG_20230904_185218-e1693945309431.jpg 800w, https:\/\/inces.gob.ve\/wp-content\/uploads\/2023\/09\/IMG_20230904_185218-e1693945309431-300x128.jpg 300w, https:\/\/inces.gob.ve\/wp-content\/uploads\/2023\/09\/IMG_20230904_185218-e1693945309431-768x327.jpg 768w\" sizes=\"auto, (max-width: 800px) 100vw, 800px\" \/><\/div>\n<div dir=\"auto\" style=\"text-align: justify;\"><\/div>\n<div dir=\"auto\" style=\"text-align: justify;\"><span style=\"font-family: helvetica, arial, sans-serif; font-size: 14pt;\">Entre estas formaciones se desarrollaron las siguientes unidades curr\u00edculares:<\/span><\/div>\n<div dir=\"auto\"><\/div>\n<div dir=\"auto\"><img loading=\"lazy\" decoding=\"async\" class=\"aligncenter wp-image-54007 size-full\" src=\"https:\/\/inces.gob.ve\/wp-content\/uploads\/2023\/09\/IMG_20230904_185047-e1693945355220.jpg\" alt=\"\" width=\"800\" height=\"404\" srcset=\"https:\/\/inces.gob.ve\/wp-content\/uploads\/2023\/09\/IMG_20230904_185047-e1693945355220.jpg 800w, https:\/\/inces.gob.ve\/wp-content\/uploads\/2023\/09\/IMG_20230904_185047-e1693945355220-300x152.jpg 300w, https:\/\/inces.gob.ve\/wp-content\/uploads\/2023\/09\/IMG_20230904_185047-e1693945355220-768x388.jpg 768w\" sizes=\"auto, (max-width: 800px) 100vw, 800px\" \/><\/div>\n<div dir=\"auto\" style=\"text-align: justify;\"><\/div>\n<div dir=\"auto\" style=\"text-align: justify;\"><span style=\"font-family: helvetica, arial, sans-serif; font-size: 14pt;\">-Manipulaci\u00f3n de Alimentos y Mantenimiento del Computador desde el Centro de Formaci\u00f3n Socialista (CFS) Textil y Construcci\u00f3n\u00a0<\/span><\/div>\n<div dir=\"auto\" style=\"text-align: justify;\"><span style=\"font-family: helvetica, arial, sans-serif; font-size: 14pt;\">-Cocina y Circuitos El\u00e9ctricos desde el CFS Villa de Cura<\/span><\/div>\n<div dir=\"auto\" style=\"text-align: justify;\"><span style=\"font-family: helvetica, arial, sans-serif; font-size: 14pt;\">-Refrigeraci\u00f3n desde el Programa Ferroviario y CFS Metalminero Maracay<\/span><\/div>\n<div dir=\"auto\" style=\"text-align: justify;\"><span style=\"font-family: helvetica, arial, sans-serif; font-size: 14pt;\">-Patronaje y Confecci\u00f3n, Jardiner\u00eda Productiva, Organizaci\u00f3n de la Oficina y Manejo de desechos desde el Programa Penitenciario.<\/span><\/div>\n<div dir=\"auto\"><\/div>\n<div dir=\"auto\" style=\"text-align: justify;\"><img loading=\"lazy\" decoding=\"async\" class=\"aligncenter wp-image-54001 size-full\" src=\"https:\/\/inces.gob.ve\/wp-content\/uploads\/2023\/09\/IMG_20230904_184354-e1693945894837.jpg\" alt=\"\" width=\"800\" height=\"433\" srcset=\"https:\/\/inces.gob.ve\/wp-content\/uploads\/2023\/09\/IMG_20230904_184354-e1693945894837.jpg 800w, https:\/\/inces.gob.ve\/wp-content\/uploads\/2023\/09\/IMG_20230904_184354-e1693945894837-300x162.jpg 300w, https:\/\/inces.gob.ve\/wp-content\/uploads\/2023\/09\/IMG_20230904_184354-e1693945894837-768x416.jpg 768w\" sizes=\"auto, (max-width: 800px) 100vw, 800px\" \/><\/div>\n<div dir=\"auto\"><\/div>\n<div dir=\"auto\" style=\"text-align: justify;\"><span style=\"font-family: helvetica, arial, sans-serif; font-size: 14pt;\">-Sistema El\u00e9ctrico del Autom\u00f3vil desde el CFS CEMA\u00a0<\/span><\/div>\n<div dir=\"auto\" style=\"text-align: justify;\"><span style=\"font-family: helvetica, arial, sans-serif; font-size: 14pt;\">-Productos Agr\u00edcolas, Hortalizas y T\u00e9cnicas de Procesamiento de Leguminosas desde el CFS Programa EPA entre otras.<\/span><\/div>\n","protected":false},"excerpt":{"rendered":"<p>** Con \u00e1nimos renovados, la instituci\u00f3n sigue celebrando junto al pueblo con su apoyo incondicional en los diferentes espacios arag\u00fce\u00f1os brindando herramientas para la vida<\/p>\n","protected":false},"author":15,"featured_media":54002,"comment_status":"closed","ping_status":"closed","sticky":false,"template":"","format":"standard","meta":{"footnotes":""},"categories":[2],"tags":[],"class_list":["post-53999","post","type-post","status-publish","format-standard","has-post-thumbnail","hentry","category-blog"],"_links":{"self":[{"href":"https:\/\/inces.gob.ve\/index.php\/wp-json\/wp\/v2\/posts\/53999","targetHints":{"allow":["GET"]}}],"collection":[{"href":"https:\/\/inces.gob.ve\/index.php\/wp-json\/wp\/v2\/posts"}],"about":[{"href":"https:\/\/inces.gob.ve\/index.php\/wp-json\/wp\/v2\/types\/post"}],"author":[{"embeddable":true,"href":"https:\/\/inces.gob.ve\/index.php\/wp-json\/wp\/v2\/users\/15"}],"replies":[{"embeddable":true,"href":"https:\/\/inces.gob.ve\/index.php\/wp-json\/wp\/v2\/comments?post=53999"}],"version-history":[{"count":4,"href":"https:\/\/inces.gob.ve\/index.php\/wp-json\/wp\/v2\/posts\/53999\/revisions"}],"predecessor-version":[{"id":54023,"href":"https:\/\/inces.gob.ve\/index.php\/wp-json\/wp\/v2\/posts\/53999\/revisions\/54023"}],"wp:featuredmedia":[{"embeddable":true,"href":"https:\/\/inces.gob.ve\/index.php\/wp-json\/wp\/v2\/media\/54002"}],"wp:attachment":[{"href":"https:\/\/inces.gob.ve\/index.php\/wp-json\/wp\/v2\/media?parent=53999"}],"wp:term":[{"taxonomy":"category","embeddable":true,"href":"https:\/\/inces.gob.ve\/index.php\/wp-json\/wp\/v2\/categories?post=53999"},{"taxonomy":"post_tag","embeddable":true,"href":"https:\/\/inces.gob.ve\/index.php\/wp-json\/wp\/v2\/tags?post=53999"}],"curies":[{"name":"wp","href":"https:\/\/api.w.org\/{rel}","templated":true}]}}