{"id":54107,"date":"2023-09-11T11:33:42","date_gmt":"2023-09-11T15:33:42","guid":{"rendered":"https:\/\/inces.gob.ve\/?p=54107"},"modified":"2023-09-11T11:37:10","modified_gmt":"2023-09-11T15:37:10","slug":"delta-amacuro-la-magia-del-cine-llega-en-el-plan-vacacional-inces-delta-amacuro","status":"publish","type":"post","link":"https:\/\/inces.gob.ve\/index.php\/2023\/09\/11\/delta-amacuro-la-magia-del-cine-llega-en-el-plan-vacacional-inces-delta-amacuro\/","title":{"rendered":"DELTA AMACURO |  La magia del cine llega en el Plan Vacacional Inces Delta Amacuro"},"content":{"rendered":"<p lang=\"es-VE\" style=\"text-align: justify;\" align=\"justify\"><em><strong><span style=\"font-family: helvetica, arial, sans-serif; font-size: 14pt;\">** A trav\u00e9s de la historia de un alba\u00f1il se quiso mostrar a los ni\u00f1os que aprendiendo la t\u00e9cnica de una ocupaci\u00f3n se pueden hacer los sue\u00f1os realidad&#8230;<\/span><\/strong><\/em><!--more--><\/p>\n<p lang=\"es-VE\" style=\"text-align: justify;\" align=\"justify\"><span style=\"font-family: helvetica, arial, sans-serif; font-size: 14pt;\"><b>TITO Y\u00c1NEZ <\/b><\/span><\/p>\n<p lang=\"es-VE\" style=\"text-align: justify;\" align=\"justify\"><span style=\"font-family: helvetica, arial, sans-serif; font-size: 14pt;\"> El tercer d\u00eda del Plan Vacacional para los hijos de los trabajadores estuvo enmarcado por la magia del cine, en una articulaci\u00f3n entre el Instituto Nacional de Capacitaci\u00f3n y Educaci\u00f3n Socialista (Inces) en Delta Amacuro y la Cinemateca Tucupita (CT) con el fin de proporcionar un espacio de esparcimiento, entrenamiento y refuerzo de los valores. <\/span><\/p>\n<p lang=\"es-VE\" style=\"text-align: justify;\" align=\"justify\"><span style=\"font-family: helvetica, arial, sans-serif; font-size: 14pt;\">Luis Rodr\u00edguez, responsable de la Sala Cinemateca Tucupita explic\u00f3 que el audiovisual proyectado a los peque\u00f1os fue Tadeo Jones, el cual trata de un alba\u00f1il so\u00f1ador que siempre dese\u00f3 ser arque\u00f3logo y vivir emocionantes aventuras. Resulta que se le presenta la oportunidad de cumplir su sue\u00f1o. La trama se desarrolla con el intento de salvar la m\u00edtica ciudad perdida de los Incas de unos caza tesoros en Per\u00fa.<\/span><\/p>\n<p lang=\"es-VE\" align=\"justify\"><img loading=\"lazy\" decoding=\"async\" class=\"aligncenter wp-image-54109 size-full\" src=\"https:\/\/inces.gob.ve\/wp-content\/uploads\/2023\/09\/Plan-Vacacional-002-2--scaled-e1694446386458.jpg\" alt=\"\" width=\"800\" height=\"600\" srcset=\"https:\/\/inces.gob.ve\/wp-content\/uploads\/2023\/09\/Plan-Vacacional-002-2--scaled-e1694446386458.jpg 800w, https:\/\/inces.gob.ve\/wp-content\/uploads\/2023\/09\/Plan-Vacacional-002-2--scaled-e1694446386458-300x225.jpg 300w, https:\/\/inces.gob.ve\/wp-content\/uploads\/2023\/09\/Plan-Vacacional-002-2--scaled-e1694446386458-768x576.jpg 768w, https:\/\/inces.gob.ve\/wp-content\/uploads\/2023\/09\/Plan-Vacacional-002-2--scaled-e1694446386458-136x102.jpg 136w\" sizes=\"auto, (max-width: 800px) 100vw, 800px\" \/><\/p>\n<p lang=\"es-VE\" style=\"text-align: justify;\" align=\"justify\"><span style=\"font-family: helvetica, arial, sans-serif; font-size: 14pt;\">Fue seleccionada esta obra ya que el personaje tiene relaci\u00f3n con las formaciones del Inces, enmarcada en el eslogan de aprender la t\u00e9cnica. Es una pel\u00edcula cargada de valores, la importancia de la amistad y el trabajo en equipo para hacer los sue\u00f1os realidad. <\/span><\/p>\n<p lang=\"es-VE\" style=\"text-align: justify;\" align=\"justify\"><span style=\"font-family: helvetica, arial, sans-serif; font-size: 14pt;\">La Jefa de Talento Humano, Rosa Hurtado expres\u00f3 que a trav\u00e9s de esta pel\u00edcula los ni\u00f1os pudieron observar que los personajes muestran personalidades y roles reales, al igual que inspira a esforzarse por cumplir los sue\u00f1os, as\u00ed como valorar la cultura y tradiciones por encima de los bienes materiales.<\/span><\/p>\n<p lang=\"es-VE\" style=\"text-align: justify;\" align=\"justify\"><span style=\"font-family: helvetica, arial, sans-serif; font-size: 14pt;\">Luego se realizaron diferentes actividades recreativas, deportivas y de esparcimiento para finalizar con el almuerzo e invitaci\u00f3n para el siguiente d\u00eda. <\/span><\/p>\n","protected":false},"excerpt":{"rendered":"<p>** A trav\u00e9s de la historia de un alba\u00f1il se quiso mostrar a los ni\u00f1os que aprendiendo la t\u00e9cnica de una ocupaci\u00f3n se pueden hacer los sue\u00f1os realidad&#8230;<\/p>\n","protected":false},"author":15,"featured_media":54108,"comment_status":"closed","ping_status":"closed","sticky":false,"template":"","format":"standard","meta":{"footnotes":""},"categories":[2],"tags":[],"class_list":["post-54107","post","type-post","status-publish","format-standard","has-post-thumbnail","hentry","category-blog"],"_links":{"self":[{"href":"https:\/\/inces.gob.ve\/index.php\/wp-json\/wp\/v2\/posts\/54107","targetHints":{"allow":["GET"]}}],"collection":[{"href":"https:\/\/inces.gob.ve\/index.php\/wp-json\/wp\/v2\/posts"}],"about":[{"href":"https:\/\/inces.gob.ve\/index.php\/wp-json\/wp\/v2\/types\/post"}],"author":[{"embeddable":true,"href":"https:\/\/inces.gob.ve\/index.php\/wp-json\/wp\/v2\/users\/15"}],"replies":[{"embeddable":true,"href":"https:\/\/inces.gob.ve\/index.php\/wp-json\/wp\/v2\/comments?post=54107"}],"version-history":[{"count":4,"href":"https:\/\/inces.gob.ve\/index.php\/wp-json\/wp\/v2\/posts\/54107\/revisions"}],"predecessor-version":[{"id":54113,"href":"https:\/\/inces.gob.ve\/index.php\/wp-json\/wp\/v2\/posts\/54107\/revisions\/54113"}],"wp:featuredmedia":[{"embeddable":true,"href":"https:\/\/inces.gob.ve\/index.php\/wp-json\/wp\/v2\/media\/54108"}],"wp:attachment":[{"href":"https:\/\/inces.gob.ve\/index.php\/wp-json\/wp\/v2\/media?parent=54107"}],"wp:term":[{"taxonomy":"category","embeddable":true,"href":"https:\/\/inces.gob.ve\/index.php\/wp-json\/wp\/v2\/categories?post=54107"},{"taxonomy":"post_tag","embeddable":true,"href":"https:\/\/inces.gob.ve\/index.php\/wp-json\/wp\/v2\/tags?post=54107"}],"curies":[{"name":"wp","href":"https:\/\/api.w.org\/{rel}","templated":true}]}}