{"id":54140,"date":"2023-09-11T14:51:10","date_gmt":"2023-09-11T18:51:10","guid":{"rendered":"https:\/\/inces.gob.ve\/?p=54140"},"modified":"2023-09-11T14:51:10","modified_gmt":"2023-09-11T18:51:10","slug":"yaracuy-ninos-visitaron-el-centro-de-recreacion-y-recuperacion-de-fauna-silvestre-ebenezer","status":"publish","type":"post","link":"https:\/\/inces.gob.ve\/index.php\/2023\/09\/11\/yaracuy-ninos-visitaron-el-centro-de-recreacion-y-recuperacion-de-fauna-silvestre-ebenezer\/","title":{"rendered":"YARACUY | Ni\u00f1os visitaron el Centro de Recreaci\u00f3n y Recuperaci\u00f3n de Fauna Silvestre Ebenezer"},"content":{"rendered":"<p style=\"text-align: justify;\" align=\"justify\"><strong><span style=\"font-family: Arial, sans-serif;\"><span style=\"font-size: medium;\"><i>*<span style=\"font-family: helvetica, arial, sans-serif; font-size: 14pt;\">** \u00daltimo d\u00eda del plan se vivi\u00f3 al m\u00e1ximo alternando visita al zool\u00f3gico y piscinada <\/span><\/i><\/span><\/span><\/strong><span style=\"font-family: helvetica, arial, sans-serif; font-size: 14pt;\"><!--more--><\/span><\/p>\n<p style=\"text-align: justify;\" align=\"justify\">\n<p style=\"text-align: justify;\" align=\"justify\"><span style=\"font-family: helvetica, arial, sans-serif; font-size: 14pt;\"><b>Yolaice Vargas <\/b><\/span><\/p>\n<p style=\"text-align: justify;\" align=\"justify\"><span style=\"font-family: helvetica, arial, sans-serif; font-size: 14pt;\">Los hijos e hijas de los trabajadores del Instituto Nacional de Capacitaci\u00f3n y Educaci\u00f3n Socialista (Inces) en Yaracuy, disfrutaron su \u00faltimo d\u00eda de plan vacacional con una visita guiada al Centro de Recreaci\u00f3n y Recuperaci\u00f3n de Fauna Silvestre Ebenezer, ubicado en la parroquia Campo El\u00edas, municipio Bruzual.<\/span><\/p>\n<p align=\"justify\">\n<p style=\"text-align: justify;\" align=\"justify\"><span style=\"font-family: helvetica, arial, sans-serif; font-size: 14pt;\"><img loading=\"lazy\" decoding=\"async\" class=\"aligncenter wp-image-54142 size-full\" src=\"https:\/\/inces.gob.ve\/wp-content\/uploads\/2023\/09\/IMG-20230908-WA0107-e1694458109717.jpg\" alt=\"\" width=\"800\" height=\"600\" srcset=\"https:\/\/inces.gob.ve\/wp-content\/uploads\/2023\/09\/IMG-20230908-WA0107-e1694458109717.jpg 800w, https:\/\/inces.gob.ve\/wp-content\/uploads\/2023\/09\/IMG-20230908-WA0107-e1694458109717-300x225.jpg 300w, https:\/\/inces.gob.ve\/wp-content\/uploads\/2023\/09\/IMG-20230908-WA0107-e1694458109717-768x576.jpg 768w, https:\/\/inces.gob.ve\/wp-content\/uploads\/2023\/09\/IMG-20230908-WA0107-e1694458109717-136x102.jpg 136w\" sizes=\"auto, (max-width: 800px) 100vw, 800px\" \/><\/span><\/p>\n<p style=\"text-align: justify;\" align=\"justify\"><span style=\"font-family: helvetica, arial, sans-serif; font-size: 14pt;\">El recorrido por el centro estuvo a cargo de la coordinadora del mismo, Patricia Fonseca, quien al llegar al lugar gir\u00f3 las instrucciones y normas para entrar al lugar, entre las recomendaciones no darle de comer a los animales, no acercarse a los espacios salvo a los que eran indicados por ella, adem\u00e1s de no estar en silencio para evitar que los animales salieran de su zona de confort.<\/span><\/p>\n<p align=\"justify\">\n<p style=\"text-align: justify;\" align=\"justify\"><span style=\"font-family: helvetica, arial, sans-serif; font-size: 14pt;\"><img loading=\"lazy\" decoding=\"async\" class=\"aligncenter wp-image-54141 size-full\" src=\"https:\/\/inces.gob.ve\/wp-content\/uploads\/2023\/09\/IMG-20230908-WA0099-e1694458124395.jpg\" alt=\"\" width=\"800\" height=\"600\" srcset=\"https:\/\/inces.gob.ve\/wp-content\/uploads\/2023\/09\/IMG-20230908-WA0099-e1694458124395.jpg 800w, https:\/\/inces.gob.ve\/wp-content\/uploads\/2023\/09\/IMG-20230908-WA0099-e1694458124395-300x225.jpg 300w, https:\/\/inces.gob.ve\/wp-content\/uploads\/2023\/09\/IMG-20230908-WA0099-e1694458124395-768x576.jpg 768w, https:\/\/inces.gob.ve\/wp-content\/uploads\/2023\/09\/IMG-20230908-WA0099-e1694458124395-136x102.jpg 136w\" sizes=\"auto, (max-width: 800px) 100vw, 800px\" \/><\/span><\/p>\n<p style=\"text-align: justify;\" align=\"justify\"><span style=\"font-family: helvetica, arial, sans-serif; font-size: 14pt;\">Los ni\u00f1os, ni\u00f1as y adolescentes observaron gran diversidad de especies; oso, jaguar, tigre, chimpanc\u00e9, cerdos, camellos, caballos, vacas, toros, guacamayas, avestruz y hasta hipop\u00f3tamos.<\/span><\/p>\n<p style=\"text-align: justify;\" align=\"justify\"><span style=\"font-family: helvetica, arial, sans-serif; font-size: 14pt;\">La coordinadora explic\u00f3 que todos estos animales est\u00e1n en resguardo y protegidos, en el lugar, algunos en peligro de extinci\u00f3n y otros rescatados de la venta ilegal.<\/span><\/p>\n<p align=\"justify\">\n<p><img loading=\"lazy\" decoding=\"async\" class=\"wp-image-54144 size-full\" src=\"https:\/\/inces.gob.ve\/wp-content\/uploads\/2023\/09\/IMG_20230908_105338-e1694458141287.jpg\" alt=\"\" width=\"800\" height=\"450\" srcset=\"https:\/\/inces.gob.ve\/wp-content\/uploads\/2023\/09\/IMG_20230908_105338-e1694458141287.jpg 800w, https:\/\/inces.gob.ve\/wp-content\/uploads\/2023\/09\/IMG_20230908_105338-e1694458141287-300x169.jpg 300w, https:\/\/inces.gob.ve\/wp-content\/uploads\/2023\/09\/IMG_20230908_105338-e1694458141287-768x432.jpg 768w\" sizes=\"auto, (max-width: 800px) 100vw, 800px\" \/><\/p>\n<p style=\"text-align: justify;\" align=\"justify\"><span style=\"font-family: helvetica, arial, sans-serif; font-size: 14pt;\">Despu\u00e9s del recorrido lleg\u00f3 el momento de la piscina, todos los peque\u00f1os y no tan peque\u00f1os en compa\u00f1\u00eda de los recreadores realizaron algunas din\u00e1micas antes de entrar a lo que se convirti\u00f3 en los m\u00e1s esperado del paseo, la hora del ba\u00f1o. <\/span><\/p>\n<p style=\"text-align: justify;\" align=\"justify\"><span style=\"font-family: helvetica, arial, sans-serif; font-size: 14pt;\">El gerente regional del Inces Dalvi Torrealba, expres\u00f3 su agradecimiento a la empresa grupo Ebenezer, por el apoyo brindado para lograr que los ni\u00f1os tuviesen un d\u00eda magn\u00edfico en el cierre del plan vacacional Inces 2023. <\/span><\/p>\n<p style=\"text-align: justify;\" align=\"justify\"><span style=\"font-family: helvetica, arial, sans-serif; font-size: 14pt;\">La alegr\u00eda y el disfrute se vivi\u00f3 a la grande y los participantes del plan vacacional se mostraron complacidos y satisfechos por la semana de diversi\u00f3n que les regal\u00f3 el Instituto, como parte de los beneficios con los que cuentan los trabajadores y sus hijos e hijas. <\/span><\/p>\n<p style=\"text-align: justify;\" align=\"justify\"><span style=\"font-family: helvetica, arial, sans-serif; font-size: 14pt;\">Los peque\u00f1os disfrutaron de desayunos, golosinas, paletas, un rico almuerzo, pasapalos, bebidas y mucho m\u00e1s. <\/span><\/p>\n","protected":false},"excerpt":{"rendered":"<p>*** \u00daltimo d\u00eda del plan se vivi\u00f3 al m\u00e1ximo alternando visita al zool\u00f3gico y piscinada<\/p>\n","protected":false},"author":15,"featured_media":54143,"comment_status":"closed","ping_status":"closed","sticky":false,"template":"","format":"standard","meta":{"footnotes":""},"categories":[2],"tags":[],"class_list":["post-54140","post","type-post","status-publish","format-standard","has-post-thumbnail","hentry","category-blog"],"_links":{"self":[{"href":"https:\/\/inces.gob.ve\/index.php\/wp-json\/wp\/v2\/posts\/54140","targetHints":{"allow":["GET"]}}],"collection":[{"href":"https:\/\/inces.gob.ve\/index.php\/wp-json\/wp\/v2\/posts"}],"about":[{"href":"https:\/\/inces.gob.ve\/index.php\/wp-json\/wp\/v2\/types\/post"}],"author":[{"embeddable":true,"href":"https:\/\/inces.gob.ve\/index.php\/wp-json\/wp\/v2\/users\/15"}],"replies":[{"embeddable":true,"href":"https:\/\/inces.gob.ve\/index.php\/wp-json\/wp\/v2\/comments?post=54140"}],"version-history":[{"count":1,"href":"https:\/\/inces.gob.ve\/index.php\/wp-json\/wp\/v2\/posts\/54140\/revisions"}],"predecessor-version":[{"id":54145,"href":"https:\/\/inces.gob.ve\/index.php\/wp-json\/wp\/v2\/posts\/54140\/revisions\/54145"}],"wp:featuredmedia":[{"embeddable":true,"href":"https:\/\/inces.gob.ve\/index.php\/wp-json\/wp\/v2\/media\/54143"}],"wp:attachment":[{"href":"https:\/\/inces.gob.ve\/index.php\/wp-json\/wp\/v2\/media?parent=54140"}],"wp:term":[{"taxonomy":"category","embeddable":true,"href":"https:\/\/inces.gob.ve\/index.php\/wp-json\/wp\/v2\/categories?post=54140"},{"taxonomy":"post_tag","embeddable":true,"href":"https:\/\/inces.gob.ve\/index.php\/wp-json\/wp\/v2\/tags?post=54140"}],"curies":[{"name":"wp","href":"https:\/\/api.w.org\/{rel}","templated":true}]}}