{"id":54163,"date":"2023-09-12T12:02:24","date_gmt":"2023-09-12T16:02:24","guid":{"rendered":"https:\/\/inces.gob.ve\/?p=54163"},"modified":"2023-09-13T10:02:17","modified_gmt":"2023-09-13T14:02:17","slug":"inces-estrena-avanzado-y-mejorado-sistema-para-el-registro-de-las-contribuciones-parafiscales","status":"publish","type":"post","link":"https:\/\/inces.gob.ve\/index.php\/2023\/09\/12\/inces-estrena-avanzado-y-mejorado-sistema-para-el-registro-de-las-contribuciones-parafiscales\/","title":{"rendered":"CARACAS | Inces estrena avanzado y mejorado sistema para el registro de las contribuciones parafiscales"},"content":{"rendered":"<p style=\"font-weight: 400; text-align: justify;\"><strong><em><span style=\"font-family: helvetica, arial, sans-serif; font-size: 14pt;\">*** El actualizado m\u00e9todo virtual inici\u00f3 ayer 11 de septiembre y tendr\u00e1 un lapso de 45 d\u00edas para que las empresas solventen y legalicen su situaci\u00f3n tributaria<\/span><\/em><\/strong><!--more--><\/p>\n<p>&nbsp;<\/p>\n<p style=\"text-align: justify;\">IVALDO RODR\u00cdGUEZ<\/p>\n<p style=\"font-weight: 400; text-align: justify;\"><span style=\"font-family: helvetica, arial, sans-serif; font-size: 14pt;\">La edici\u00f3n N\u00ba 254 del programa radial y semanal Somos Inces, de hoy martes 12 de septiembre de 2023, gir\u00f3 alrededor del <strong>inicio al periodo de 45 d\u00edas para la actualizaci\u00f3n y renovaci\u00f3n por parte de las entidades de trabajo<\/strong>\u00a0en el Registro Nacional de Contribuciones Parafiscales Inces (RNCP), lapso que comenz\u00f3 su andar el pasado d\u00eda lunes 11 de septiembre en todo el pa\u00eds.<\/span><\/p>\n<p>&nbsp;<\/p>\n<p style=\"font-weight: 400; text-align: justify;\"><span style=\"font-family: helvetica, arial, sans-serif; font-size: 14pt;\">Para tratar el tema de manera oficial y por dem\u00e1s transparente, se convoc\u00f3 a la gerente general de Tributos WiaNney G\u00e9lvez quien de manera sencilla se dedic\u00f3 a expresar las bondades y ventajas que el actualizado sistema virtual tiene para los contribuyentes, as\u00ed como la integridad y las nuevas posibilidades que el renovado m\u00e9todo tiene para la mejor y m\u00e1s clara informaci\u00f3n por parte de la propia instituci\u00f3n.<\/span><\/p>\n<p>&nbsp;<\/p>\n<p style=\"font-weight: 400; text-align: justify;\"><span style=\"font-family: helvetica, arial, sans-serif; font-size: 14pt;\">De entrada est\u00e1 claro que la novel herramienta tecnol\u00f3gica\u00a0<strong>es una variante de vanguardia, como pocas en el pa\u00eds<\/strong>, que permite acelerar todos los procesos y como la totalidad de los tr\u00e1mites del Instituto Nacional de Capacitaci\u00f3n y Educaci\u00f3n Socialista,\u00a0<strong>es de car\u00e1cter gratuito.<\/strong><\/span><\/p>\n<p>&nbsp;<\/p>\n<p style=\"font-weight: 400; text-align: justify;\"><span style=\"font-family: helvetica, arial, sans-serif; font-size: 14pt;\">De cualquier manera la ley es taxativa y obligatoria para todas las entidades de trabajo con cinco o m\u00e1s trabajadores y con la especificidad de <strong>que absolutamente todas las empresas deben registrase a trav\u00e9s de la p\u00e1gina web.<\/strong><\/span><\/p>\n<p>&nbsp;<\/p>\n<p style=\"font-weight: 400; text-align: justify;\"><span style=\"font-family: helvetica, arial, sans-serif; font-size: 14pt;\">En nombre del Inces, G\u00e9lvez asegura la obligaci\u00f3n que tiene la instituci\u00f3n en mantener actualizado este registro, pero seguidamente procede a explicar algunas de sus nuevas ventajas o virtudes.<\/span><\/p>\n<p>&nbsp;<\/p>\n<p style=\"font-weight: 400; text-align: justify;\"><span style=\"font-family: helvetica, arial, sans-serif; font-size: 14pt;\"><strong>El sistema tiene ahora la posibilidad de registrar emprendedores, quienes disfrutar\u00e1n de dos a\u00f1os para normalizar su situaci\u00f3n<\/strong>. Adicionalmente, se puede reconocer, chequear, asentar y en fin <strong>empadronar a entes gubernamentales sin recursos propios, fundaciones, asociaciones, etc\u00e9tera.<\/strong><\/span><\/p>\n<p>&nbsp;<\/p>\n<p style=\"font-weight: 400; text-align: justify;\"><span style=\"font-family: helvetica, arial, sans-serif; font-size: 14pt;\">Asimismo la nueva plataforma virtual facilitar\u00e1 el cumplimiento de la Ley de Simplificaci\u00f3n de Tr\u00e1mites Administrativos, con lo cual quedan para la historia las enormes filas que se formaban trimestralmente a las afueras del Inces, as\u00ed como las carpetas contentivas de casi 70 documentos distintos y necesarios.<\/span><\/p>\n<p>&nbsp;<\/p>\n<p style=\"font-weight: 400; text-align: justify;\"><span style=\"font-family: helvetica, arial, sans-serif; font-size: 14pt;\">Se podr\u00e1 llevar f\u00e1cilmente estad\u00edsticas y la clasificaci\u00f3n de las entidades laborales seg\u00fan sus actividad econ\u00f3mica o motor productivo y\u00a0<strong>hasta se mejorar\u00e1 la captaci\u00f3n de il\u00edcitos tributarios<\/strong>, para que los procesos sean honestos, simples y transparentes.<\/span><\/p>\n<p>&nbsp;<\/p>\n<p style=\"font-weight: 400; text-align: justify;\"><span style=\"font-family: helvetica, arial, sans-serif; font-size: 14pt;\">Finalmente se anuncia que como una actitud benevolente del presidente de la instituci\u00f3n Wuikelman Angel, <strong>el registro no reviste multas ni sanciones<\/strong> como se ha comentado en algunos corrillos, claro est\u00e1, esto aplica para las empresas debidamente registradas y las que no pudieron concluir anteriormente su proceso de actualizaci\u00f3n.<\/span><\/p>\n<p>&nbsp;<\/p>\n<p style=\"font-weight: 400; text-align: justify;\"><span style=\"font-family: helvetica, arial, sans-serif; font-size: 14pt;\">La formaci\u00f3n t\u00e9cnica y profesional que el pa\u00eds requiere para el desarrollo y la estabilizaci\u00f3n econ\u00f3mica nacional de la incorporaci\u00f3n de torrentes de juventudes en el aparato productivo del pa\u00eds, que ha contado y seguir\u00e1 contando con el Inces, instituto que sigue en su af\u00e1n de constituirse en\u00a0<strong>el rector de la formaci\u00f3n para el trabajo en la rep\u00fablica.<\/strong><\/span><\/p>\n","protected":false},"excerpt":{"rendered":"<p>*** El actualizado m\u00e9todo virtual inici\u00f3 ayer 11 de septiembre y tendr\u00e1 un lapso de 45 d\u00edas para que las empresas solventen y legalicen su situaci\u00f3n tributaria<\/p>\n","protected":false},"author":4,"featured_media":54165,"comment_status":"closed","ping_status":"closed","sticky":false,"template":"","format":"standard","meta":{"footnotes":""},"categories":[2],"tags":[],"class_list":["post-54163","post","type-post","status-publish","format-standard","has-post-thumbnail","hentry","category-blog"],"_links":{"self":[{"href":"https:\/\/inces.gob.ve\/index.php\/wp-json\/wp\/v2\/posts\/54163","targetHints":{"allow":["GET"]}}],"collection":[{"href":"https:\/\/inces.gob.ve\/index.php\/wp-json\/wp\/v2\/posts"}],"about":[{"href":"https:\/\/inces.gob.ve\/index.php\/wp-json\/wp\/v2\/types\/post"}],"author":[{"embeddable":true,"href":"https:\/\/inces.gob.ve\/index.php\/wp-json\/wp\/v2\/users\/4"}],"replies":[{"embeddable":true,"href":"https:\/\/inces.gob.ve\/index.php\/wp-json\/wp\/v2\/comments?post=54163"}],"version-history":[{"count":3,"href":"https:\/\/inces.gob.ve\/index.php\/wp-json\/wp\/v2\/posts\/54163\/revisions"}],"predecessor-version":[{"id":54182,"href":"https:\/\/inces.gob.ve\/index.php\/wp-json\/wp\/v2\/posts\/54163\/revisions\/54182"}],"wp:featuredmedia":[{"embeddable":true,"href":"https:\/\/inces.gob.ve\/index.php\/wp-json\/wp\/v2\/media\/54165"}],"wp:attachment":[{"href":"https:\/\/inces.gob.ve\/index.php\/wp-json\/wp\/v2\/media?parent=54163"}],"wp:term":[{"taxonomy":"category","embeddable":true,"href":"https:\/\/inces.gob.ve\/index.php\/wp-json\/wp\/v2\/categories?post=54163"},{"taxonomy":"post_tag","embeddable":true,"href":"https:\/\/inces.gob.ve\/index.php\/wp-json\/wp\/v2\/tags?post=54163"}],"curies":[{"name":"wp","href":"https:\/\/api.w.org\/{rel}","templated":true}]}}