{"id":54177,"date":"2023-09-12T15:30:07","date_gmt":"2023-09-12T19:30:07","guid":{"rendered":"https:\/\/inces.gob.ve\/?p=54177"},"modified":"2023-09-12T15:30:32","modified_gmt":"2023-09-12T19:30:32","slug":"merida-trabajadores-del-fomdes-se-formaron-en-excelencia-en-ventas-con-el-inces","status":"publish","type":"post","link":"https:\/\/inces.gob.ve\/index.php\/2023\/09\/12\/merida-trabajadores-del-fomdes-se-formaron-en-excelencia-en-ventas-con-el-inces\/","title":{"rendered":"MERIDA | Trabajadores del FOMDES se formaron en Excelencia en Ventas con el INCES"},"content":{"rendered":"<p style=\"text-align: justify;\" align=\"justify\"><em><strong><span style=\"color: #1f1f1f; font-family: helvetica, arial, sans-serif; font-size: 14pt;\">** De manera exitosa culmin\u00f3 la Unidad Curricular (UC) Excelencia en Ventas que recibieron 30 trabajadores del Fondo Meride\u00f1o para el Desarrollo Econ\u00f3mico Sustentable (FOMDES) ente adscrito a la gobernaci\u00f3n del Estado Bolivariano de M\u00e9rida, con el acompa\u00f1amiento del Inces, a trav\u00e9s del programa Turismo.<\/span><\/strong><\/em><!--more--><\/p>\n<p style=\"text-align: justify;\" align=\"justify\"><span style=\"font-family: helvetica, arial, sans-serif; font-size: 14pt;\">As\u00ed lo inform\u00f3 el gerente regional del Inces M\u00e9rida, Geldrit Roca, quien enfatiz\u00f3 sobre las distintas formaciones que ofrece la instituci\u00f3n a las entidades de trabajo, tanto p\u00fablica como privada.<\/span><\/p>\n<p style=\"text-align: justify;\" align=\"justify\"><span style=\"font-family: helvetica, arial, sans-serif; font-size: 14pt;\">Para el cierre del curso, los estudiantes organizaron y presentaron varias dramatizaciones, donde se reflej\u00f3 las t\u00e9cnicas, habilidades y las buenas pr\u00e1cticas a la hora de entrevistarse con el p\u00fablico, permitiendo mejorar los procedimientos y la atenci\u00f3n directa con el cliente o usuario.<\/span><\/p>\n<p align=\"justify\"><img loading=\"lazy\" decoding=\"async\" class=\"aligncenter wp-image-54179 size-full\" src=\"https:\/\/inces.gob.ve\/wp-content\/uploads\/2023\/09\/CURSO-INCES-FOMDES-1-e1694546979671.jpg\" alt=\"\" width=\"800\" height=\"600\" srcset=\"https:\/\/inces.gob.ve\/wp-content\/uploads\/2023\/09\/CURSO-INCES-FOMDES-1-e1694546979671.jpg 800w, https:\/\/inces.gob.ve\/wp-content\/uploads\/2023\/09\/CURSO-INCES-FOMDES-1-e1694546979671-300x225.jpg 300w, https:\/\/inces.gob.ve\/wp-content\/uploads\/2023\/09\/CURSO-INCES-FOMDES-1-e1694546979671-768x576.jpg 768w, https:\/\/inces.gob.ve\/wp-content\/uploads\/2023\/09\/CURSO-INCES-FOMDES-1-e1694546979671-136x102.jpg 136w\" sizes=\"auto, (max-width: 800px) 100vw, 800px\" \/><\/p>\n<p style=\"text-align: justify;\" align=\"justify\"><span style=\"font-family: helvetica, arial, sans-serif; font-size: 14pt;\">En este sentido, el presidente del FOMDES, Jos\u00e9 Gregorio Mart\u00ednez, agradeci\u00f3 el apoyo formativo que el Inces ha venido brindando al personal, ofreciendo nuevas herramientas que redundar\u00e1 en la buena atenci\u00f3n y gesti\u00f3n que desarrolla \u00e9sta entidad de trabajo, en beneficio del sector productivo de la regi\u00f3n.<\/span><\/p>\n<p style=\"text-align: justify;\" align=\"justify\"><span style=\"font-family: helvetica, arial, sans-serif; font-size: 14pt;\">Por su parte, la Maestro T\u00e9cnica Productiva (MTP) Yuleida Parra, adscrita al Centro de Formaci\u00f3n Socialista (CFS) Eli\u00e9zer Otaiza, explic\u00f3 que los <i>participantes<\/i> se dividieron en dos grupos de 15 estudiantes cada uno, con un total 40 horas tanto te\u00f3rica como pr\u00e1ctica que permiti\u00f3 cumplir con los objetivos acad\u00e9micos. <\/span><\/p>\n<p style=\"text-align: justify;\" align=\"justify\"><span style=\"font-family: helvetica, arial, sans-serif; font-size: 14pt;\">En cuanto a las tem\u00e1ticas desarrolladas, destac\u00f3 que existen dos factores importantes, tanto el cliente, como el servicio, pues representan <span lang=\"es-ES\">la percepci\u00f3n que tiene el cliente con las expectativas que ten\u00eda, y que el resultado sea favorable para la empresa.<\/span><\/span><\/p>\n<p style=\"text-align: justify;\" align=\"justify\"><span style=\"font-family: helvetica, arial, sans-serif; font-size: 14pt;\">Tambi\u00e9n manifest\u00f3 la maestra su satisfacci\u00f3n de haber compartido con un grupo tan entusiasta y comprometido con su instituci\u00f3n, logrando crear una buena relaci\u00f3n, donde todos aprendemos, bajo una metodolog\u00eda de formaci\u00f3n y autoformaci\u00f3n continua y permanente.<\/span><\/p>\n","protected":false},"excerpt":{"rendered":"<p>** De manera exitosa culmin\u00f3 la Unidad Curricular (UC) Excelencia en Ventas que recibieron 30 trabajadores del Fondo Meride\u00f1o para el Desarrollo Econ\u00f3mico Sustentable (FOMDES) ente adscrito a la gobernaci\u00f3n del Estado Bolivariano de M\u00e9rida, con el acompa\u00f1amiento del Inces, a trav\u00e9s del programa Turismo.<\/p>\n","protected":false},"author":15,"featured_media":54178,"comment_status":"closed","ping_status":"closed","sticky":false,"template":"","format":"standard","meta":{"footnotes":""},"categories":[2],"tags":[],"class_list":["post-54177","post","type-post","status-publish","format-standard","has-post-thumbnail","hentry","category-blog"],"_links":{"self":[{"href":"https:\/\/inces.gob.ve\/index.php\/wp-json\/wp\/v2\/posts\/54177","targetHints":{"allow":["GET"]}}],"collection":[{"href":"https:\/\/inces.gob.ve\/index.php\/wp-json\/wp\/v2\/posts"}],"about":[{"href":"https:\/\/inces.gob.ve\/index.php\/wp-json\/wp\/v2\/types\/post"}],"author":[{"embeddable":true,"href":"https:\/\/inces.gob.ve\/index.php\/wp-json\/wp\/v2\/users\/15"}],"replies":[{"embeddable":true,"href":"https:\/\/inces.gob.ve\/index.php\/wp-json\/wp\/v2\/comments?post=54177"}],"version-history":[{"count":2,"href":"https:\/\/inces.gob.ve\/index.php\/wp-json\/wp\/v2\/posts\/54177\/revisions"}],"predecessor-version":[{"id":54181,"href":"https:\/\/inces.gob.ve\/index.php\/wp-json\/wp\/v2\/posts\/54177\/revisions\/54181"}],"wp:featuredmedia":[{"embeddable":true,"href":"https:\/\/inces.gob.ve\/index.php\/wp-json\/wp\/v2\/media\/54178"}],"wp:attachment":[{"href":"https:\/\/inces.gob.ve\/index.php\/wp-json\/wp\/v2\/media?parent=54177"}],"wp:term":[{"taxonomy":"category","embeddable":true,"href":"https:\/\/inces.gob.ve\/index.php\/wp-json\/wp\/v2\/categories?post=54177"},{"taxonomy":"post_tag","embeddable":true,"href":"https:\/\/inces.gob.ve\/index.php\/wp-json\/wp\/v2\/tags?post=54177"}],"curies":[{"name":"wp","href":"https:\/\/api.w.org\/{rel}","templated":true}]}}