{"id":54190,"date":"2023-09-06T11:25:34","date_gmt":"2023-09-06T15:25:34","guid":{"rendered":"https:\/\/inces.gob.ve\/?p=54190"},"modified":"2023-09-13T11:27:07","modified_gmt":"2023-09-13T15:27:07","slug":"conversatorio-sobre-dia-del-empleado-publicose-realizo-en-inces","status":"publish","type":"post","link":"https:\/\/inces.gob.ve\/index.php\/2023\/09\/06\/conversatorio-sobre-dia-del-empleado-publicose-realizo-en-inces\/","title":{"rendered":"Conversatorio sobre D\u00eda del\u00a0Empleado\u00a0P\u00fablicose realiz\u00f3 en Inces"},"content":{"rendered":"<h1 style=\"text-align: justify;\" align=\"center\"><em style=\"font-size: 16px;\"><strong><span style=\"font-family: helvetica, arial, sans-serif; font-size: 14pt;\">** Los participantes de la unidad curricular: Oratoria, hablaron sobre el origen, importancia y celebraci\u00f3n de esta fecha<\/span><\/strong><\/em><br \/>\n<b><\/b><\/h1>\n<p><!--more--><\/p>\n<p>&nbsp;<\/p>\n<p><strong><span style=\"font-family: helvetica, arial, sans-serif; font-size: 14pt;\">MIRIAM GONZ\u00c1LEZ VILLARROEL<\/span><\/strong><\/p>\n<p align=\"justify\"><span style=\"font-family: helvetica, arial, sans-serif; font-size: 14pt;\">En los espacios de la Gerencia Regional del Instituto Nacional de Capacitaci\u00f3n y Educaci\u00f3n Socialista (Inces), participantes de la unidad curricular: Oratoria, organizaron conjuntamente con el talento t\u00e9cnico de la maestra Solivi Molleja, un conversatorio sobre el d\u00eda del Empleado P\u00fablico, que se celebra desde el 04 de septiembre de 1970, cuando se promulg\u00f3 la Ley de Carrera Administrativa, que regula los derechos y deberes de los funcionarios p\u00fablicos que prestan servicio en las distintos organismos e instituciones p\u00fablicas.<\/span><\/p>\n<p align=\"justify\">\n<p align=\"justify\"><span style=\"font-family: helvetica, arial, sans-serif; font-size: 14pt;\">En la actividad formativa, la participante Nazaret Pirez, destac\u00f3 durante su disertaci\u00f3n, el servidor p\u00fablico, funcionario p\u00fablico, o empleado p\u00fablico se refiere al trabajador que ejecuta determinadas funciones en organismos e instituciones p\u00fablicas como ministerios, alcald\u00edas, instituciones e institutos aut\u00f3nomos, trabajadores que brindan servicios al Estado Venezolano.<\/span><\/p>\n<p align=\"justify\">\n<p align=\"justify\"><span style=\"font-family: helvetica, arial, sans-serif; font-size: 14pt;\">Por su parte, Judiannys S\u00e1nchez, cont\u00f3, actualmente, los empleados p\u00fablicos desarrollan un papel trascendental en el beneficio de la sociedad por medio de las entidades del Estado. Hoy en d\u00eda, es importante que estos desarrollen aptitudes y habilidades acordes con los avances en las Tecnolog\u00edas de la Informaci\u00f3n y la Comunicaci\u00f3n que representa a la sociedad actual. En tal sentido, los empleados p\u00fablicos deben trabajar activamente por un sector p\u00fablico innovador, sirvi\u00e9ndose de los recursos a su disposici\u00f3n y de las pol\u00edticas p\u00fablicas a fin de orientarlas a crear pr\u00e1cticas de esta naturaleza.<\/span><\/p>\n<p align=\"justify\">\n<p align=\"justify\"><span style=\"font-family: helvetica, arial, sans-serif; font-size: 14pt;\">En este \u00e1mbito, autoridades del Inces en Falc\u00f3n, gerenciado por Eneyda Mart\u00ednez Rodr\u00edguez,\u00a0felicitaron y\u00a0reconocieron la\u00a0importante labor\u00a0de los Empleados P\u00fablicos\u00a0en la construcci\u00f3n de la instituci\u00f3n,\u00a0al servicio\u00a0de la formaci\u00f3n t\u00e9cnica profesional\u00a0del pa\u00eds.<\/span><\/p>\n","protected":false},"excerpt":{"rendered":"<p>** Los participantes de la unidad curricular: Oratoria, hablaron sobre el origen, importancia y celebraci\u00f3n de esta fecha<\/p>\n","protected":false},"author":4,"featured_media":54191,"comment_status":"closed","ping_status":"closed","sticky":false,"template":"","format":"standard","meta":{"footnotes":""},"categories":[2],"tags":[],"class_list":["post-54190","post","type-post","status-publish","format-standard","has-post-thumbnail","hentry","category-blog"],"_links":{"self":[{"href":"https:\/\/inces.gob.ve\/index.php\/wp-json\/wp\/v2\/posts\/54190","targetHints":{"allow":["GET"]}}],"collection":[{"href":"https:\/\/inces.gob.ve\/index.php\/wp-json\/wp\/v2\/posts"}],"about":[{"href":"https:\/\/inces.gob.ve\/index.php\/wp-json\/wp\/v2\/types\/post"}],"author":[{"embeddable":true,"href":"https:\/\/inces.gob.ve\/index.php\/wp-json\/wp\/v2\/users\/4"}],"replies":[{"embeddable":true,"href":"https:\/\/inces.gob.ve\/index.php\/wp-json\/wp\/v2\/comments?post=54190"}],"version-history":[{"count":1,"href":"https:\/\/inces.gob.ve\/index.php\/wp-json\/wp\/v2\/posts\/54190\/revisions"}],"predecessor-version":[{"id":54192,"href":"https:\/\/inces.gob.ve\/index.php\/wp-json\/wp\/v2\/posts\/54190\/revisions\/54192"}],"wp:featuredmedia":[{"embeddable":true,"href":"https:\/\/inces.gob.ve\/index.php\/wp-json\/wp\/v2\/media\/54191"}],"wp:attachment":[{"href":"https:\/\/inces.gob.ve\/index.php\/wp-json\/wp\/v2\/media?parent=54190"}],"wp:term":[{"taxonomy":"category","embeddable":true,"href":"https:\/\/inces.gob.ve\/index.php\/wp-json\/wp\/v2\/categories?post=54190"},{"taxonomy":"post_tag","embeddable":true,"href":"https:\/\/inces.gob.ve\/index.php\/wp-json\/wp\/v2\/tags?post=54190"}],"curies":[{"name":"wp","href":"https:\/\/api.w.org\/{rel}","templated":true}]}}