{"id":54197,"date":"2023-09-13T11:51:52","date_gmt":"2023-09-13T15:51:52","guid":{"rendered":"https:\/\/inces.gob.ve\/?p=54197"},"modified":"2023-09-13T11:52:33","modified_gmt":"2023-09-13T15:52:33","slug":"zulia-alegria-y-diversion-en-el-plan-vacacional-inces-2023","status":"publish","type":"post","link":"https:\/\/inces.gob.ve\/index.php\/2023\/09\/13\/zulia-alegria-y-diversion-en-el-plan-vacacional-inces-2023\/","title":{"rendered":"ZULIA | Alegr\u00eda y diversi\u00f3n en el Plan Vacacional Inces  2023"},"content":{"rendered":"<p style=\"text-align: justify;\"><em><strong><span style=\"font-family: helvetica, arial, sans-serif; font-size: 14pt;\">*** Ni\u00f1os disfrutaron de visitas a lugares tur\u00edsticos, actividades l\u00fadicas, formativas, recreativas y did\u00e1cticas y sin faltar la piscina&#8230;<\/span><\/strong><\/em><!--more--><\/p>\n<p style=\"text-align: justify;\"><span style=\"font-family: helvetica, arial, sans-serif; font-size: 14pt;\">Durante una semana los hijos de los trabajadores participaron en una jornada llena de sorpresas, emoci\u00f3n y felicidad. \u201cEl objetivo es disfrutar como la familia y el equipo que somos. Es un beneficio que le ofrecemos a nuestra gente para impulsar el deporte, la recreaci\u00f3n y el buen vivir\u201d, explic\u00f3 el gerente regional de Inces Zulia, Jos\u00e9 Vicente Far\u00edas Echeverri, en referencia al Plan Vacacional Zulia \u201c2023.<\/span><\/p>\n<p style=\"text-align: justify;\"><span style=\"font-family: helvetica, arial, sans-serif; font-size: 14pt;\">Con visitas a lugares tur\u00edsticos, actividades l\u00fadicas, formativas, recreativas y did\u00e1cticas, adem\u00e1s de un paseo a la piscina durante la fiesta de cierre, el Instituto Nacional de Capacitaci\u00f3n y Educaci\u00f3n Socialista (Inces) celebr\u00f3 su jornada vacacional infantil.<\/span><\/p>\n<p style=\"text-align: justify;\"><span style=\"font-family: helvetica, arial, sans-serif; font-size: 14pt;\">Los ni\u00f1os, protagonistas de este evento manifestaron su agradecimiento. \u201cMe gust\u00f3 mucho la piscina, los regalos y poder bailar\u201d, dijo Sim\u00f3n Ferrer de 5 a\u00f1os de edad.<\/span><\/p>\n<p>&nbsp;<\/p>\n<p style=\"text-align: justify;\"><span style=\"font-family: helvetica, arial, sans-serif; font-size: 14pt;\">Nair\u00edn Fern\u00e1ndez, trabajadora del instituto, a\u00f1adi\u00f3: \u201cLo primero es reconocer el esfuerzo que se est\u00e1 haciendo para retomar este tipo de actividades. Muy hermoso todo y lo m\u00e1s importante es que mediante juegos, t\u00edteres y otras herramientas formamos a nuestros hijos. Los valores, la alegr\u00eda y el amor se mantienen en esta instituci\u00f3n\u201d.<\/span><\/p>\n<p>&nbsp;<\/p>\n<p style=\"text-align: justify;\"><span style=\"font-family: helvetica, arial, sans-serif; font-size: 14pt;\">Este plan incluy\u00f3 un recorrido por el parque La Vereda del Lago y la Base A\u00e9rea General en Jefe Rafael Urdaneta. Sumado a \u00e9sto, se present\u00f3 una obra de t\u00edteres con el grupo Balab\u00edn Balaban, recreadores quienes planificaron juegos deportivos y recreativos, tambi\u00e9n se organiz\u00f3 una fiesta de globos m\u00e1gicos con cotillones en el club Los Tulipanes, donde se exhibi\u00f3 un show musical con personajes animados.<\/span><\/p>\n","protected":false},"excerpt":{"rendered":"<p>*** Ni\u00f1os disfrutaron de visitas a lugares tur\u00edsticos, actividades l\u00fadicas, formativas, recreativas y did\u00e1cticas y sin faltar la piscina&#8230;<\/p>\n","protected":false},"author":15,"featured_media":54198,"comment_status":"closed","ping_status":"closed","sticky":false,"template":"","format":"standard","meta":{"footnotes":""},"categories":[2],"tags":[],"class_list":["post-54197","post","type-post","status-publish","format-standard","has-post-thumbnail","hentry","category-blog"],"_links":{"self":[{"href":"https:\/\/inces.gob.ve\/index.php\/wp-json\/wp\/v2\/posts\/54197","targetHints":{"allow":["GET"]}}],"collection":[{"href":"https:\/\/inces.gob.ve\/index.php\/wp-json\/wp\/v2\/posts"}],"about":[{"href":"https:\/\/inces.gob.ve\/index.php\/wp-json\/wp\/v2\/types\/post"}],"author":[{"embeddable":true,"href":"https:\/\/inces.gob.ve\/index.php\/wp-json\/wp\/v2\/users\/15"}],"replies":[{"embeddable":true,"href":"https:\/\/inces.gob.ve\/index.php\/wp-json\/wp\/v2\/comments?post=54197"}],"version-history":[{"count":2,"href":"https:\/\/inces.gob.ve\/index.php\/wp-json\/wp\/v2\/posts\/54197\/revisions"}],"predecessor-version":[{"id":54200,"href":"https:\/\/inces.gob.ve\/index.php\/wp-json\/wp\/v2\/posts\/54197\/revisions\/54200"}],"wp:featuredmedia":[{"embeddable":true,"href":"https:\/\/inces.gob.ve\/index.php\/wp-json\/wp\/v2\/media\/54198"}],"wp:attachment":[{"href":"https:\/\/inces.gob.ve\/index.php\/wp-json\/wp\/v2\/media?parent=54197"}],"wp:term":[{"taxonomy":"category","embeddable":true,"href":"https:\/\/inces.gob.ve\/index.php\/wp-json\/wp\/v2\/categories?post=54197"},{"taxonomy":"post_tag","embeddable":true,"href":"https:\/\/inces.gob.ve\/index.php\/wp-json\/wp\/v2\/tags?post=54197"}],"curies":[{"name":"wp","href":"https:\/\/api.w.org\/{rel}","templated":true}]}}