{"id":54207,"date":"2023-09-13T14:43:34","date_gmt":"2023-09-13T18:43:34","guid":{"rendered":"https:\/\/inces.gob.ve\/?p=54207"},"modified":"2023-09-14T10:28:47","modified_gmt":"2023-09-14T14:28:47","slug":"caracas-inces-facilita-importantes-herramientas-a-los-emprendedores-y-emprendedoras","status":"publish","type":"post","link":"https:\/\/inces.gob.ve\/index.php\/2023\/09\/13\/caracas-inces-facilita-importantes-herramientas-a-los-emprendedores-y-emprendedoras\/","title":{"rendered":"CARACAS | Inces  facilita importantes herramientas a los emprendedores y emprendedoras"},"content":{"rendered":"<p align=\"justify\"><span style=\"font-size: 14pt; font-family: helvetica, arial, sans-serif;\"><i><b><span lang=\"es-ES\">*Seguridad y salud laboral: el arte de evitar o minimizar los riesgos en el trabajo<\/span><\/b><\/i><\/span><!--more--><\/p>\n<p align=\"justify\"><span style=\"font-family: helvetica, arial, sans-serif; font-size: 14pt;\">Dimas P\u00e1ez<\/span><\/p>\n<p align=\"justify\"><span style=\"font-family: helvetica, arial, sans-serif; font-size: 14pt;\">F\/Rafael Urbina<\/span><\/p>\n<p align=\"justify\"><span style=\"font-family: helvetica, arial, sans-serif; font-size: 14pt;\">El Instituto Nacional de Capacitaci\u00f3n y Educaci\u00f3n Socialista (Inces), a trav\u00e9s de su Escuela de Emprendedores, hace un gran esfuerzo para brindarle los conocimientos necesarios a los emprendedores y emprendedoras y que obtengan una mayor sapiencia sobre este tema.<\/span><\/p>\n<p align=\"justify\"><span style=\"font-family: helvetica, arial, sans-serif; font-size: 14pt;\">Desde la Escuela de Emprendedores cada semana se les aporta nuevos conocimientos a TTdas aquellas personas interesadas en emprender una meta de negocio, para independizarse econ\u00f3micamente y realizar una buena inversi\u00f3n con la asesor\u00eda del Inces.<\/span><\/p>\n<p align=\"justify\"><img loading=\"lazy\" decoding=\"async\" class=\"aligncenter wp-image-54208 size-full\" src=\"https:\/\/inces.gob.ve\/wp-content\/uploads\/2023\/09\/DSC_5764-scaled-e1694630015341.jpg\" alt=\"\" width=\"800\" height=\"536\" srcset=\"https:\/\/inces.gob.ve\/wp-content\/uploads\/2023\/09\/DSC_5764-scaled-e1694630015341.jpg 800w, https:\/\/inces.gob.ve\/wp-content\/uploads\/2023\/09\/DSC_5764-scaled-e1694630015341-300x201.jpg 300w, https:\/\/inces.gob.ve\/wp-content\/uploads\/2023\/09\/DSC_5764-scaled-e1694630015341-768x515.jpg 768w, https:\/\/inces.gob.ve\/wp-content\/uploads\/2023\/09\/DSC_5764-scaled-e1694630015341-272x182.jpg 272w\" sizes=\"auto, (max-width: 800px) 100vw, 800px\" \/><\/p>\n<p align=\"justify\"><span style=\"font-family: helvetica, arial, sans-serif; font-size: 14pt;\"><span lang=\"es-ES\">En esta<\/span> <span lang=\"es-ES\">oportunidad la Oficina de Servicios de Seguridad y Salud en el Trabajo, a trav\u00e9s del jefe de esta<\/span> <span lang=\"es-ES\">oficina,<\/span>Antonio Fern\u00e1ndez, dictaron el taller de \u201cSeguridad y Salud Laboral en el Emprendimiento\u201d. <\/span><\/p>\n<p align=\"justify\"><span style=\"font-family: helvetica, arial, sans-serif; font-size: 14pt;\">Fern\u00e1ndez al ser consultado declar\u00f3: \u201cEl objetivo de este taller es dar a conocer los aspectos legales que comprenden la legislaci\u00f3n nacional de manera tal que durante la ejecuci\u00f3n de sus labores pongan la ley en pr\u00e1ctica y puedan garantizar de esta manera el bienestar y seguridad tanto para ellos como para sus trabajadores\u201d.<img loading=\"lazy\" decoding=\"async\" class=\"alignnone wp-image-54211 size-full\" src=\"https:\/\/inces.gob.ve\/wp-content\/uploads\/2023\/09\/DSC_5769-scaled-e1694630570142.jpg\" alt=\"\" width=\"800\" height=\"536\" srcset=\"https:\/\/inces.gob.ve\/wp-content\/uploads\/2023\/09\/DSC_5769-scaled-e1694630570142.jpg 800w, https:\/\/inces.gob.ve\/wp-content\/uploads\/2023\/09\/DSC_5769-scaled-e1694630570142-300x201.jpg 300w, https:\/\/inces.gob.ve\/wp-content\/uploads\/2023\/09\/DSC_5769-scaled-e1694630570142-768x515.jpg 768w, https:\/\/inces.gob.ve\/wp-content\/uploads\/2023\/09\/DSC_5769-scaled-e1694630570142-272x182.jpg 272w\" sizes=\"auto, (max-width: 800px) 100vw, 800px\" \/><\/span><\/p>\n<p align=\"justify\"><span style=\"font-size: 14pt; font-family: helvetica, arial, sans-serif;\">El facilitador expuso: \u201cEstas obligaciones se ponen en practica a trav\u00e9s de lo que se denomina la participaci\u00f3n social establecido en la <em>LOPCYMAT que <\/em>es la Ley Org\u00e1nica de Prevenci\u00f3n, Condiciones y Medio Ambiente de Trabajo. Una manera de participar es la elecci\u00f3n de los delegados de prevenci\u00f3n, estos ser\u00e1n los representantes legales de los trabajadores y se asegurar\u00e1n de su bienestar y su seguridad en el campo laboral; adem\u00e1s de los escogidos por el patrono\u201d.<\/span><\/p>\n<p align=\"justify\"><span style=\"font-family: helvetica, arial, sans-serif; font-size: 14pt;\">Los emprendedores y emprendedoras cuentan con la escuela de Emprendedores del Inces para obtener el apoyo y conocimientos de todas las instituciones que tengan relaci\u00f3n con este tema.<\/span><\/p>\n","protected":false},"excerpt":{"rendered":"<p>*Seguridad y salud laboral: el arte de evitar o minimizar los riesgos en el trabajo<\/p>\n","protected":false},"author":15,"featured_media":54210,"comment_status":"closed","ping_status":"closed","sticky":false,"template":"","format":"standard","meta":{"footnotes":""},"categories":[2],"tags":[],"class_list":["post-54207","post","type-post","status-publish","format-standard","has-post-thumbnail","hentry","category-blog"],"_links":{"self":[{"href":"https:\/\/inces.gob.ve\/index.php\/wp-json\/wp\/v2\/posts\/54207","targetHints":{"allow":["GET"]}}],"collection":[{"href":"https:\/\/inces.gob.ve\/index.php\/wp-json\/wp\/v2\/posts"}],"about":[{"href":"https:\/\/inces.gob.ve\/index.php\/wp-json\/wp\/v2\/types\/post"}],"author":[{"embeddable":true,"href":"https:\/\/inces.gob.ve\/index.php\/wp-json\/wp\/v2\/users\/15"}],"replies":[{"embeddable":true,"href":"https:\/\/inces.gob.ve\/index.php\/wp-json\/wp\/v2\/comments?post=54207"}],"version-history":[{"count":4,"href":"https:\/\/inces.gob.ve\/index.php\/wp-json\/wp\/v2\/posts\/54207\/revisions"}],"predecessor-version":[{"id":54215,"href":"https:\/\/inces.gob.ve\/index.php\/wp-json\/wp\/v2\/posts\/54207\/revisions\/54215"}],"wp:featuredmedia":[{"embeddable":true,"href":"https:\/\/inces.gob.ve\/index.php\/wp-json\/wp\/v2\/media\/54210"}],"wp:attachment":[{"href":"https:\/\/inces.gob.ve\/index.php\/wp-json\/wp\/v2\/media?parent=54207"}],"wp:term":[{"taxonomy":"category","embeddable":true,"href":"https:\/\/inces.gob.ve\/index.php\/wp-json\/wp\/v2\/categories?post=54207"},{"taxonomy":"post_tag","embeddable":true,"href":"https:\/\/inces.gob.ve\/index.php\/wp-json\/wp\/v2\/tags?post=54207"}],"curies":[{"name":"wp","href":"https:\/\/api.w.org\/{rel}","templated":true}]}}