{"id":54231,"date":"2023-09-15T12:07:22","date_gmt":"2023-09-15T16:07:22","guid":{"rendered":"https:\/\/inces.gob.ve\/?p=54231"},"modified":"2023-09-15T12:07:22","modified_gmt":"2023-09-15T16:07:22","slug":"barinas-comuneros-se-forman-con-inces-en-el-perfil-productivo-operador-de-granjas-integrales","status":"publish","type":"post","link":"https:\/\/inces.gob.ve\/index.php\/2023\/09\/15\/barinas-comuneros-se-forman-con-inces-en-el-perfil-productivo-operador-de-granjas-integrales\/","title":{"rendered":"BARINAS | Comuneros se forman con Inces en el perfil productivo Operador de Granjas Integrales"},"content":{"rendered":"<div dir=\"auto\" style=\"text-align: justify;\"><em><strong><span style=\"font-family: helvetica, arial, sans-serif; font-size: 14pt;\">** Fortaleciendo el Motor Agroalimentario con el aprovechamiento de terrenos ubicados en espacios habitacionales<\/span><\/strong><\/em><\/div>\n<p><!--more--><\/p>\n<div dir=\"auto\" style=\"text-align: justify;\"><\/div>\n<div dir=\"auto\" style=\"text-align: justify;\"><\/div>\n<div dir=\"auto\" style=\"text-align: justify;\"><strong><span style=\"font-family: helvetica, arial, sans-serif; font-size: 14pt;\">Hirasyanel Bayona\u00a0<\/span><\/strong><\/div>\n<div dir=\"auto\" style=\"text-align: justify;\"><\/div>\n<div dir=\"auto\" style=\"text-align: justify;\"><\/div>\n<div dir=\"auto\" style=\"text-align: justify;\"><span style=\"font-family: helvetica, arial, sans-serif; font-size: 14pt;\">Integrantes de la Comuna Wuilliam Lara, ubicada en el Pag\u00fcey, municipio Barinas, parroquia Manuel Palacio Fajardo se forman en el Perfil Productivo Operador de Granjas Integrales con el acompa\u00f1amiento formativo de Magalis Noguera, coordinadora del Motor Agroalimentario en la gerencia regional y maestra t\u00e9cnica voluntaria.<\/span><\/div>\n<div dir=\"auto\"><\/div>\n<div dir=\"auto\" style=\"text-align: justify;\"><\/div>\n<div dir=\"auto\" style=\"text-align: justify;\"><span style=\"font-family: helvetica, arial, sans-serif; font-size: 14pt;\">Noguera inform\u00f3 que la matr\u00edcula est\u00e1 conformada por 30 hombres y mujeres del sector El Pag\u00fcey, todos productores en la rama de horticultura, quienes realizan sus actividades agr\u00edcolas en terrenos del patio de sus viviendas o parcelas aleda\u00f1as y que manifiestan un marcado inter\u00e9s en emprender en la cr\u00eda de animales, por lo que actualmente se encuentran desarrollando la Unidad curricular Generalidades de las granjas integrales, ya culminaron Cultivos de especies de ciclos cortos y prosiguen con Comercializaci\u00f3n de productos agr\u00edcolas.<\/span><\/div>\n<div dir=\"auto\"><\/div>\n<div dir=\"auto\" style=\"text-align: justify;\"><\/div>\n<div dir=\"auto\" style=\"text-align: justify;\"><span style=\"font-family: helvetica, arial, sans-serif; font-size: 14pt;\">Asimismo Noguera explico que el perfil productivo en el que se forman cuenta con 12 unidades curriculares, cada una certificada de forma individual, por lo que no es estrictamente necesario realizarlas todas, sin embargo, el grupo de comuneros expresa la necesidad de formarse en cada una de ellas para as\u00ed obtener el perfil productivo Operador de Granjas integrales.<\/span><\/div>\n<div dir=\"auto\"><\/div>\n<div dir=\"auto\" style=\"text-align: justify;\"><\/div>\n<div dir=\"auto\" style=\"text-align: justify;\"><span style=\"font-family: helvetica, arial, sans-serif; font-size: 14pt;\">De igual forma expresan un particular inter\u00e9s en continuar formaciones para el desarrollo de la siembra con el aprovechamiento de desechos del ganado (bosta), jardiner\u00eda sostenible y preparaci\u00f3n de abonos org\u00e1nicos, por lo que a\u00fan esperan seguir siendo part\u00edcipes de la formaci\u00f3n t\u00e9cnico productiva que Inces Barinas se esfuerza en ofrecer a nuestra comunidad Barinesa.<\/span><\/div>\n","protected":false},"excerpt":{"rendered":"<p>** Fortaleciendo el Motor Agroalimentario con el aprovechamiento de terrenos ubicados en espacios habitacionales<\/p>\n","protected":false},"author":4,"featured_media":54232,"comment_status":"closed","ping_status":"closed","sticky":false,"template":"","format":"standard","meta":{"footnotes":""},"categories":[2],"tags":[],"class_list":["post-54231","post","type-post","status-publish","format-standard","has-post-thumbnail","hentry","category-blog"],"_links":{"self":[{"href":"https:\/\/inces.gob.ve\/index.php\/wp-json\/wp\/v2\/posts\/54231","targetHints":{"allow":["GET"]}}],"collection":[{"href":"https:\/\/inces.gob.ve\/index.php\/wp-json\/wp\/v2\/posts"}],"about":[{"href":"https:\/\/inces.gob.ve\/index.php\/wp-json\/wp\/v2\/types\/post"}],"author":[{"embeddable":true,"href":"https:\/\/inces.gob.ve\/index.php\/wp-json\/wp\/v2\/users\/4"}],"replies":[{"embeddable":true,"href":"https:\/\/inces.gob.ve\/index.php\/wp-json\/wp\/v2\/comments?post=54231"}],"version-history":[{"count":1,"href":"https:\/\/inces.gob.ve\/index.php\/wp-json\/wp\/v2\/posts\/54231\/revisions"}],"predecessor-version":[{"id":54233,"href":"https:\/\/inces.gob.ve\/index.php\/wp-json\/wp\/v2\/posts\/54231\/revisions\/54233"}],"wp:featuredmedia":[{"embeddable":true,"href":"https:\/\/inces.gob.ve\/index.php\/wp-json\/wp\/v2\/media\/54232"}],"wp:attachment":[{"href":"https:\/\/inces.gob.ve\/index.php\/wp-json\/wp\/v2\/media?parent=54231"}],"wp:term":[{"taxonomy":"category","embeddable":true,"href":"https:\/\/inces.gob.ve\/index.php\/wp-json\/wp\/v2\/categories?post=54231"},{"taxonomy":"post_tag","embeddable":true,"href":"https:\/\/inces.gob.ve\/index.php\/wp-json\/wp\/v2\/tags?post=54231"}],"curies":[{"name":"wp","href":"https:\/\/api.w.org\/{rel}","templated":true}]}}