{"id":54248,"date":"2023-09-15T16:28:31","date_gmt":"2023-09-15T20:28:31","guid":{"rendered":"https:\/\/inces.gob.ve\/?p=54248"},"modified":"2023-09-15T16:28:31","modified_gmt":"2023-09-15T20:28:31","slug":"falcon-inces-y-comunidad-penitenciaria-trazan-estrategias-educativas-dirigidas-a-los-privados-de-libertad","status":"publish","type":"post","link":"https:\/\/inces.gob.ve\/index.php\/2023\/09\/15\/falcon-inces-y-comunidad-penitenciaria-trazan-estrategias-educativas-dirigidas-a-los-privados-de-libertad\/","title":{"rendered":"FALC\u00d3N | Inces y Comunidad Penitenciaria trazan estrategias educativas dirigidas a los privados de libertad"},"content":{"rendered":"<p style=\"text-align: justify;\" align=\"center\"><em><strong><span style=\"font-family: helvetica, arial, sans-serif; font-size: 14pt;\">**Se realiza en el contexto del proceso de transformaci\u00f3n curricular de la instituci\u00f3n y del proceso de humanizaci\u00f3n que adelanta el Sistema para el Servicio Penitenciario<\/span><\/strong><\/em><!--more--><\/p>\n<p align=\"center\">\n<p><span style=\"font-size: 14pt; font-family: helvetica, arial, sans-serif;\"><b>MIRIAM GONZ\u00c1LEZ VILLARROEL<\/b><\/span><\/p>\n<p align=\"justify\"><span style=\"font-family: helvetica, arial, sans-serif; font-size: 14pt;\">El Programa Penitenciario \u201cLuisa C\u00e1ceres de Arismendi\u201d del Instituto Nacional de Capacitaci\u00f3n y Educaci\u00f3n Socialista (Inces) en el estado Falc\u00f3n se vincul\u00f3 con la Comunidad Penitenciaria de Coro (CPC) adscrita al Ministerio del Poder Popular para el Sistema Penitenciario con el prop\u00f3sito de implementar planes formativos dirigidos a los privados de libertad,\u00a0<span lang=\"es-ES\">como parte del proceso de humanizaci\u00f3n y de fortalecer el convenio de cooperaci\u00f3n interinstitucional entre el Inces y el Sistema Penitenciario.<\/span><\/span><\/p>\n<p align=\"justify\">\n<p align=\"justify\"><span style=\"font-family: helvetica, arial, sans-serif; font-size: 14pt;\">En este contexto, se han venido realizando importantes encuentros en la Comunidad Penitenciaria de Coro, con la participaci\u00f3n de Ender \u00c1vila, director de la CPC; Xiohanna Primera, coordinadora de Caja de Trabajo y por el Inces, Olga Noguera, responsable de la Divisi\u00f3n de Formaci\u00f3n Profesional; Karelys Riera, Dany Borges y Jean Carlos Barreto, por el \u00c1mbito Penitenciario.<\/span><\/p>\n<p align=\"justify\">\n<p align=\"justify\"><span style=\"font-family: helvetica, arial, sans-serif; font-size: 14pt;\">En el complejo carcelario, se atender\u00e1n aproximadamente a unos 50 privados de libertad con unidades curriculares que dan respuesta a las necesidades formativas de \u00e9sta poblaci\u00f3n, fomentando nuevos aprendizajes, en la poblaci\u00f3n\u00a0carcelaria\u00a0que conlleven a la transformaci\u00f3n hacia el hombre nuevo.<\/span><\/p>\n<p align=\"justify\">\n<p align=\"justify\"><span style=\"font-family: helvetica, arial, sans-serif; font-size: 14pt;\">En estos encuentros, tambi\u00e9n se logr\u00f3 concretar el horario para el inicio del Plan de Formaci\u00f3n de Facilitadores, en el cual estar\u00e1n participando personal administrativo de la CPC y maestros privados de libertad voluntarios, con los cuales se logr\u00f3 concretar planteamientos expuestos por ellos, para dar inicio al plan dentro del recinto penitenciario.<\/span><\/p>\n<p align=\"justify\">\n<p align=\"justify\"><span style=\"font-family: helvetica, arial, sans-serif; font-size: 14pt;\">De igual forma el Inces contin\u00faa con la caracterizaci\u00f3n de los privados de libertad y con la socializaci\u00f3n de los contenidos de las unidades curriculares donde podr\u00e1n participar los privados de libertad de acuerdo a sus necesidades formativas.<\/span><\/p>\n<p align=\"justify\">\n<p align=\"justify\"><span style=\"font-family: helvetica, arial, sans-serif; font-size: 14pt;\"><span lang=\"es-VE\">Los representantes del Inces, precisaron, los encuentros tienen como objetivo lograr un acercamiento con las instituciones que son parte fundamental del Sistema Penitenciario para lograr el proceso formativo de los privados de libertad que se encuentran en los distintos recintos penitenciarios de la regi\u00f3n; as\u00ed como tambi\u00e9n, aquellos que est\u00e1n bajo r\u00e9gimen de supervisi\u00f3n que se encuentran con medidas probatorias.<\/span><\/span><\/p>\n<p align=\"justify\">\n<p align=\"justify\"><span style=\"font-family: helvetica, arial, sans-serif; font-size: 14pt;\"><span lang=\"es-VE\">Finalmente la gerente regional del Inces, Eneyda Mart\u00ednez, expres\u00f3: \u201cEstamos aportando al proceso de humanizaci\u00f3n y transformaci\u00f3n socialista, los resultados han sido muy positivos, estamos satisfechos por los logros alcanzados\u201d.<\/span><\/span><\/p>\n","protected":false},"excerpt":{"rendered":"<p>**Se realiza en el contexto del proceso de transformaci\u00f3n curricular de la instituci\u00f3n y del proceso de humanizaci\u00f3n que adelanta el Sistema para el Servicio Penitenciario<\/p>\n","protected":false},"author":4,"featured_media":54249,"comment_status":"closed","ping_status":"closed","sticky":false,"template":"","format":"standard","meta":{"footnotes":""},"categories":[2],"tags":[],"class_list":["post-54248","post","type-post","status-publish","format-standard","has-post-thumbnail","hentry","category-blog"],"_links":{"self":[{"href":"https:\/\/inces.gob.ve\/index.php\/wp-json\/wp\/v2\/posts\/54248","targetHints":{"allow":["GET"]}}],"collection":[{"href":"https:\/\/inces.gob.ve\/index.php\/wp-json\/wp\/v2\/posts"}],"about":[{"href":"https:\/\/inces.gob.ve\/index.php\/wp-json\/wp\/v2\/types\/post"}],"author":[{"embeddable":true,"href":"https:\/\/inces.gob.ve\/index.php\/wp-json\/wp\/v2\/users\/4"}],"replies":[{"embeddable":true,"href":"https:\/\/inces.gob.ve\/index.php\/wp-json\/wp\/v2\/comments?post=54248"}],"version-history":[{"count":1,"href":"https:\/\/inces.gob.ve\/index.php\/wp-json\/wp\/v2\/posts\/54248\/revisions"}],"predecessor-version":[{"id":54250,"href":"https:\/\/inces.gob.ve\/index.php\/wp-json\/wp\/v2\/posts\/54248\/revisions\/54250"}],"wp:featuredmedia":[{"embeddable":true,"href":"https:\/\/inces.gob.ve\/index.php\/wp-json\/wp\/v2\/media\/54249"}],"wp:attachment":[{"href":"https:\/\/inces.gob.ve\/index.php\/wp-json\/wp\/v2\/media?parent=54248"}],"wp:term":[{"taxonomy":"category","embeddable":true,"href":"https:\/\/inces.gob.ve\/index.php\/wp-json\/wp\/v2\/categories?post=54248"},{"taxonomy":"post_tag","embeddable":true,"href":"https:\/\/inces.gob.ve\/index.php\/wp-json\/wp\/v2\/tags?post=54248"}],"curies":[{"name":"wp","href":"https:\/\/api.w.org\/{rel}","templated":true}]}}