{"id":54299,"date":"2023-09-19T15:09:39","date_gmt":"2023-09-19T19:09:39","guid":{"rendered":"https:\/\/inces.gob.ve\/?p=54299"},"modified":"2023-09-19T15:10:00","modified_gmt":"2023-09-19T19:10:00","slug":"aragua-inces-mantiene-su-acompanamiento-formativo-en-cada-rincon-junto-al-pueblo-trabajador","status":"publish","type":"post","link":"https:\/\/inces.gob.ve\/index.php\/2023\/09\/19\/aragua-inces-mantiene-su-acompanamiento-formativo-en-cada-rincon-junto-al-pueblo-trabajador\/","title":{"rendered":"ARAGUA | Inces mantiene su acompa\u00f1amiento formativo en cada rinc\u00f3n junto al pueblo trabajador"},"content":{"rendered":"<div dir=\"auto\" style=\"text-align: justify;\"><em><strong><span style=\"font-family: helvetica, arial, sans-serif; font-size: 14pt;\">** Somos compromiso con la formaci\u00f3n t\u00e9cnica profesional en la regi\u00f3n para brindar herramientas para el desarrollo integral de la patria<\/span><\/strong><\/em><\/div>\n<p><!--more--><\/p>\n<p>&nbsp;<\/p>\n<div dir=\"auto\" style=\"text-align: justify;\"><\/div>\n<div style=\"text-align: justify;\"><span style=\"font-family: helvetica, arial, sans-serif; font-size: 14pt;\">NINOSKA PATRIZ<\/span><\/div>\n<div dir=\"auto\" style=\"text-align: justify;\"><span style=\"font-family: helvetica, arial, sans-serif; font-size: 14pt;\">Desde el Inces seguimos avanzando y formando integralmente a los trabajadores para su incorporaci\u00f3n consciente al proceso social de trabajo.\u00a0<\/span><\/div>\n<div dir=\"auto\"><\/div>\n<div dir=\"auto\"><\/div>\n<div dir=\"auto\"><img loading=\"lazy\" decoding=\"async\" class=\"aligncenter wp-image-54300 size-full\" src=\"https:\/\/inces.gob.ve\/wp-content\/uploads\/2023\/09\/IMG-20230914-WA0018-e1695150513456.jpg\" alt=\"\" width=\"800\" height=\"594\" srcset=\"https:\/\/inces.gob.ve\/wp-content\/uploads\/2023\/09\/IMG-20230914-WA0018-e1695150513456.jpg 800w, https:\/\/inces.gob.ve\/wp-content\/uploads\/2023\/09\/IMG-20230914-WA0018-e1695150513456-300x223.jpg 300w, https:\/\/inces.gob.ve\/wp-content\/uploads\/2023\/09\/IMG-20230914-WA0018-e1695150513456-768x570.jpg 768w, https:\/\/inces.gob.ve\/wp-content\/uploads\/2023\/09\/IMG-20230914-WA0018-e1695150513456-136x102.jpg 136w\" sizes=\"auto, (max-width: 800px) 100vw, 800px\" \/><\/div>\n<div dir=\"auto\" style=\"text-align: justify;\"><\/div>\n<div dir=\"auto\" style=\"text-align: justify;\"><span style=\"font-family: helvetica, arial, sans-serif; font-size: 14pt;\">En este sentido, todo el personal se encuentra dedicado a impartir las Unidades Curr\u00edculares y Estrategias de Aprendizajes en todos los ambientes correspondientes.<\/span><\/div>\n<div dir=\"auto\" style=\"text-align: justify;\"><\/div>\n<div dir=\"auto\" style=\"text-align: justify;\"><span style=\"font-family: helvetica, arial, sans-serif; font-size: 14pt;\">Por su parte, la Unidad de Formaci\u00f3n Delegada y Adiestramiento en Entidades de Trabajo se traslad\u00f3 hasta las entidades de trabajo Fananinox y Fanametal , en donde se impartieron las formaciones de Unidades Curr\u00edculares: Organizaci\u00f3n y Administraci\u00f3n de Oficina.<\/span><\/div>\n<div dir=\"auto\"><\/div>\n<div dir=\"auto\"><\/div>\n<div dir=\"auto\"><img loading=\"lazy\" decoding=\"async\" class=\"aligncenter wp-image-54302 size-full\" src=\"https:\/\/inces.gob.ve\/wp-content\/uploads\/2023\/09\/IMG-20230914-WA0020-e1695150532808.jpg\" alt=\"\" width=\"800\" height=\"600\" srcset=\"https:\/\/inces.gob.ve\/wp-content\/uploads\/2023\/09\/IMG-20230914-WA0020-e1695150532808.jpg 800w, https:\/\/inces.gob.ve\/wp-content\/uploads\/2023\/09\/IMG-20230914-WA0020-e1695150532808-300x225.jpg 300w, https:\/\/inces.gob.ve\/wp-content\/uploads\/2023\/09\/IMG-20230914-WA0020-e1695150532808-768x576.jpg 768w, https:\/\/inces.gob.ve\/wp-content\/uploads\/2023\/09\/IMG-20230914-WA0020-e1695150532808-136x102.jpg 136w\" sizes=\"auto, (max-width: 800px) 100vw, 800px\" \/><\/div>\n<div dir=\"auto\" style=\"text-align: justify;\"><\/div>\n<div dir=\"auto\" style=\"text-align: justify;\"><span style=\"font-family: helvetica, arial, sans-serif; font-size: 14pt;\">Del mismo modo el Inces estuvo presente desde la ciudad de Cagua, en la entidad de trabajo Metalgroup, C.A. y se sostuvo reuni\u00f3n con la Junta Administradora Kimberly Clark. Durante la misma estuvo al frente de este maravilloso equipo de trabajadores el profesor \u00c1ngel Mosquera.<\/span><\/div>\n<div dir=\"auto\" style=\"text-align: justify;\"><\/div>\n<div dir=\"auto\" style=\"text-align: justify;\"><span style=\"font-family: helvetica, arial, sans-serif; font-size: 14pt;\">Agradecidos por la excelente participaci\u00f3n de todos y todas los trabajadores, seguimos apostando a la formaci\u00f3n t\u00e9cnica profesional y cosechando \u00e9xitos.<\/span><\/div>\n","protected":false},"excerpt":{"rendered":"<p>** Somos compromiso con la formaci\u00f3n t\u00e9cnica profesional en la regi\u00f3n para brindar herramientas para el desarrollo integral de la patria<\/p>\n","protected":false},"author":15,"featured_media":54301,"comment_status":"closed","ping_status":"closed","sticky":false,"template":"","format":"standard","meta":{"footnotes":""},"categories":[2],"tags":[],"class_list":["post-54299","post","type-post","status-publish","format-standard","has-post-thumbnail","hentry","category-blog"],"_links":{"self":[{"href":"https:\/\/inces.gob.ve\/index.php\/wp-json\/wp\/v2\/posts\/54299","targetHints":{"allow":["GET"]}}],"collection":[{"href":"https:\/\/inces.gob.ve\/index.php\/wp-json\/wp\/v2\/posts"}],"about":[{"href":"https:\/\/inces.gob.ve\/index.php\/wp-json\/wp\/v2\/types\/post"}],"author":[{"embeddable":true,"href":"https:\/\/inces.gob.ve\/index.php\/wp-json\/wp\/v2\/users\/15"}],"replies":[{"embeddable":true,"href":"https:\/\/inces.gob.ve\/index.php\/wp-json\/wp\/v2\/comments?post=54299"}],"version-history":[{"count":1,"href":"https:\/\/inces.gob.ve\/index.php\/wp-json\/wp\/v2\/posts\/54299\/revisions"}],"predecessor-version":[{"id":54303,"href":"https:\/\/inces.gob.ve\/index.php\/wp-json\/wp\/v2\/posts\/54299\/revisions\/54303"}],"wp:featuredmedia":[{"embeddable":true,"href":"https:\/\/inces.gob.ve\/index.php\/wp-json\/wp\/v2\/media\/54301"}],"wp:attachment":[{"href":"https:\/\/inces.gob.ve\/index.php\/wp-json\/wp\/v2\/media?parent=54299"}],"wp:term":[{"taxonomy":"category","embeddable":true,"href":"https:\/\/inces.gob.ve\/index.php\/wp-json\/wp\/v2\/categories?post=54299"},{"taxonomy":"post_tag","embeddable":true,"href":"https:\/\/inces.gob.ve\/index.php\/wp-json\/wp\/v2\/tags?post=54299"}],"curies":[{"name":"wp","href":"https:\/\/api.w.org\/{rel}","templated":true}]}}