{"id":54312,"date":"2023-09-20T12:03:29","date_gmt":"2023-09-20T16:03:29","guid":{"rendered":"https:\/\/inces.gob.ve\/?p=54312"},"modified":"2023-09-20T12:03:47","modified_gmt":"2023-09-20T16:03:47","slug":"cojedes-entrega-de-kit-escolar-beneficia-a-hijos-de-trabajadores-inceistas","status":"publish","type":"post","link":"https:\/\/inces.gob.ve\/index.php\/2023\/09\/20\/cojedes-entrega-de-kit-escolar-beneficia-a-hijos-de-trabajadores-inceistas\/","title":{"rendered":"COJEDES | Entrega de kit escolar beneficia a hijos de trabajadores inceistas"},"content":{"rendered":"<p style=\"text-align: justify;\"><strong><span style=\"font-family: helvetica, arial, sans-serif; font-size: 14pt;\"><em>** El beneficio contractual permanece vigente y atiende a los estudiantes en sus tres niveles educativos <\/em><\/span><\/strong><!--more--><\/p>\n<p>&nbsp;<\/p>\n<p style=\"text-align: justify;\"><span style=\"font-family: helvetica, arial, sans-serif; font-size: 14pt;\"><strong>SANDRA LOAIZA<\/strong><\/span><\/p>\n<p style=\"text-align: justify;\"><span style=\"font-family: helvetica, arial, sans-serif; font-size: 14pt;\"><strong>Fotos: Carlos Hern\u00e1ndez\u00a0<\/strong><\/span><\/p>\n<p style=\"text-align: justify;\"><span style=\"font-family: helvetica, arial, sans-serif; font-size: 14pt;\">Bajo la responsabilidad de la gerencia regional del Inces en Cojedes, a cargo de Lusaldo Rodr\u00edguez y en conjunto con el responsable de Talento Humano, Gabriel Puerta, se hizo entrega del beneficio contractual del kits de \u00fatiles escolares a \u00a0los trabajadores con hijos cursantes de primaria, secundaria y universitaria. La entrega se realiz\u00f3 en el sal\u00f3n de reuniones del centro de formaci\u00f3n socialista \u201cArgimiro Gabald\u00f3n\u201d.<\/span><\/p>\n<p><img loading=\"lazy\" decoding=\"async\" class=\"alignnone size-medium wp-image-54313\" src=\"https:\/\/inces.gob.ve\/wp-content\/uploads\/2023\/09\/1695160239515-300x168.jpg\" alt=\"\" width=\"300\" height=\"168\" data-wp-editing=\"1\" srcset=\"https:\/\/inces.gob.ve\/wp-content\/uploads\/2023\/09\/1695160239515-300x168.jpg 300w, https:\/\/inces.gob.ve\/wp-content\/uploads\/2023\/09\/1695160239515.jpg 720w\" sizes=\"auto, (max-width: 300px) 100vw, 300px\" \/><\/p>\n<p style=\"text-align: justify;\"><span style=\"font-family: helvetica, arial, sans-serif; font-size: 14pt;\">La jornada se realiz\u00f3 en dos d\u00edas para abarcar a todos los trabajadores que se encuentran en los centros de formaci\u00f3n Jos\u00e9 Laurencio Silva, Mat\u00edas Salazar, Batalla Taguanes y Argimiro Gabald\u00f3n. Cabe destacar, que el equipo gerencial y trabajadores de Talento Humano vigilaron el proceso de entrega de los kits, \u00a0previa consignaci\u00f3n del requisito de constancia de estudio o boleta de calificaciones. \u00a0<\/span><\/p>\n<p style=\"text-align: justify;\"><span style=\"font-family: helvetica, arial, sans-serif; font-size: 14pt;\">Por su parte, el gerente regional en Cojedes dirigi\u00f3 un mensaje a los trabajadores presentes en el acto, y dijo: \u201cEl gobierno bolivariano y nuestro presidente Wuikelman Angel est\u00e1n de la mano para honrar los beneficios contractuales de la clase trabajadora. El regreso a clase de nuestros hijos debe ser un momento de alegr\u00eda. Los kits contienen cuadernos, l\u00e1pices, sacapunta, borradores, colores, juegos de escuadras, todos seg\u00fan la etapa escolar de los estudiantes\u201d.<\/span><\/p>\n<p><img loading=\"lazy\" decoding=\"async\" class=\"aligncenter wp-image-54315 size-full\" src=\"https:\/\/inces.gob.ve\/wp-content\/uploads\/2023\/09\/1695160278262.jpg\" alt=\"\" width=\"720\" height=\"404\" srcset=\"https:\/\/inces.gob.ve\/wp-content\/uploads\/2023\/09\/1695160278262.jpg 720w, https:\/\/inces.gob.ve\/wp-content\/uploads\/2023\/09\/1695160278262-300x168.jpg 300w\" sizes=\"auto, (max-width: 720px) 100vw, 720px\" \/><\/p>\n<p style=\"text-align: justify;\"><span style=\"font-family: helvetica, arial, sans-serif; font-size: 14pt;\">La trabajadora Lourdes de Abreu, dijo: \u201cEs un beneficio, es una ayuda y nuestros hijos podr\u00e1n completar la lista de \u00fatiles escolares. Es importante que se sigan haciendo las gestiones para que todos los trabajadores gocen de los beneficios contractuales\u201d. Me siendo agradecida de pertenecer a la familia Inces y sobre todo por la importancia de ser una instituci\u00f3n que ense\u00f1a la t\u00e9cnica en distintos oficios\u00bb.<\/span><\/p>\n","protected":false},"excerpt":{"rendered":"<p>** El beneficio contractual permanece vigente y atiende a los estudiantes en sus tres niveles educativos<\/p>\n","protected":false},"author":15,"featured_media":54314,"comment_status":"closed","ping_status":"closed","sticky":false,"template":"","format":"standard","meta":{"footnotes":""},"categories":[2],"tags":[],"class_list":["post-54312","post","type-post","status-publish","format-standard","has-post-thumbnail","hentry","category-blog"],"_links":{"self":[{"href":"https:\/\/inces.gob.ve\/index.php\/wp-json\/wp\/v2\/posts\/54312","targetHints":{"allow":["GET"]}}],"collection":[{"href":"https:\/\/inces.gob.ve\/index.php\/wp-json\/wp\/v2\/posts"}],"about":[{"href":"https:\/\/inces.gob.ve\/index.php\/wp-json\/wp\/v2\/types\/post"}],"author":[{"embeddable":true,"href":"https:\/\/inces.gob.ve\/index.php\/wp-json\/wp\/v2\/users\/15"}],"replies":[{"embeddable":true,"href":"https:\/\/inces.gob.ve\/index.php\/wp-json\/wp\/v2\/comments?post=54312"}],"version-history":[{"count":2,"href":"https:\/\/inces.gob.ve\/index.php\/wp-json\/wp\/v2\/posts\/54312\/revisions"}],"predecessor-version":[{"id":54317,"href":"https:\/\/inces.gob.ve\/index.php\/wp-json\/wp\/v2\/posts\/54312\/revisions\/54317"}],"wp:featuredmedia":[{"embeddable":true,"href":"https:\/\/inces.gob.ve\/index.php\/wp-json\/wp\/v2\/media\/54314"}],"wp:attachment":[{"href":"https:\/\/inces.gob.ve\/index.php\/wp-json\/wp\/v2\/media?parent=54312"}],"wp:term":[{"taxonomy":"category","embeddable":true,"href":"https:\/\/inces.gob.ve\/index.php\/wp-json\/wp\/v2\/categories?post=54312"},{"taxonomy":"post_tag","embeddable":true,"href":"https:\/\/inces.gob.ve\/index.php\/wp-json\/wp\/v2\/tags?post=54312"}],"curies":[{"name":"wp","href":"https:\/\/api.w.org\/{rel}","templated":true}]}}