{"id":54323,"date":"2023-09-20T14:40:10","date_gmt":"2023-09-20T18:40:10","guid":{"rendered":"https:\/\/inces.gob.ve\/?p=54323"},"modified":"2023-09-20T14:40:45","modified_gmt":"2023-09-20T18:40:45","slug":"amazonas-trabajadores-inces-reciben-kit-escolar-para-sus-hijos","status":"publish","type":"post","link":"https:\/\/inces.gob.ve\/index.php\/2023\/09\/20\/amazonas-trabajadores-inces-reciben-kit-escolar-para-sus-hijos\/","title":{"rendered":"AMAZONAS | Trabajadores Inces reciben kit escolar para sus hijos"},"content":{"rendered":"<p><span style=\"font-family: helvetica, arial, sans-serif; font-size: 14pt;\"><strong><i>** Los hijos de los trabajadores del Inces Amazonas fueron beneficiados con kits de \u00fatiles escolares<\/i><\/strong><\/span><!--more--><\/p>\n<p>&nbsp;<\/p>\n<p style=\"text-align: justify;\"><span style=\"font-family: helvetica, arial, sans-serif; font-size: 14pt;\">La Gerencia Regional del Inces en Amazonas, a trav\u00e9s de la Divisi\u00f3n de Talento Humano, realiz\u00f3 la entrega de los kits de \u00fatiles escolares, esto con motivo del inicio del nuevo a\u00f1o escolar 2023-2024.<\/span><\/p>\n<p>&nbsp;<\/p>\n<p style=\"text-align: justify;\"><img loading=\"lazy\" decoding=\"async\" class=\"aligncenter wp-image-54324 \" src=\"https:\/\/inces.gob.ve\/wp-content\/uploads\/2023\/09\/WhatsApp-Image-2023-09-18-at-14.58.59.jpeg\" alt=\"\" width=\"561\" height=\"748\" srcset=\"https:\/\/inces.gob.ve\/wp-content\/uploads\/2023\/09\/WhatsApp-Image-2023-09-18-at-14.58.59.jpeg 810w, https:\/\/inces.gob.ve\/wp-content\/uploads\/2023\/09\/WhatsApp-Image-2023-09-18-at-14.58.59-225x300.jpeg 225w, https:\/\/inces.gob.ve\/wp-content\/uploads\/2023\/09\/WhatsApp-Image-2023-09-18-at-14.58.59-768x1024.jpeg 768w\" sizes=\"auto, (max-width: 561px) 100vw, 561px\" \/><\/p>\n<p style=\"text-align: justify;\"><span style=\"font-family: helvetica, arial, sans-serif; font-size: 14pt;\">La entrega\u00a0de los kits de \u00fatiles escolares fue realizada por la gerente regional de Inces en Amazonas, Adriana Medina, quien junto a su equipo de trabajo realiz\u00f3 la entrega a padres con hijos que se encuentran cursando estudios en los diferentes niveles educativos. Los kits entregados fueron adaptados a los niveles de preescolar, educaci\u00f3n b\u00e1sica, media general y universitaria, esto como parte de los beneficios sociales para la protecci\u00f3n a las familias que garantiza nuestra instituci\u00f3n.<\/span><\/p>\n<p>&nbsp;<\/p>\n<p style=\"text-align: justify;\"><img loading=\"lazy\" decoding=\"async\" class=\"aligncenter wp-image-54325 \" src=\"https:\/\/inces.gob.ve\/wp-content\/uploads\/2023\/09\/WhatsApp-Image-2023-09-18-at-14.59.00.jpeg\" alt=\"\" width=\"607\" height=\"809\" srcset=\"https:\/\/inces.gob.ve\/wp-content\/uploads\/2023\/09\/WhatsApp-Image-2023-09-18-at-14.59.00.jpeg 810w, https:\/\/inces.gob.ve\/wp-content\/uploads\/2023\/09\/WhatsApp-Image-2023-09-18-at-14.59.00-225x300.jpeg 225w, https:\/\/inces.gob.ve\/wp-content\/uploads\/2023\/09\/WhatsApp-Image-2023-09-18-at-14.59.00-768x1024.jpeg 768w\" sizes=\"auto, (max-width: 607px) 100vw, 607px\" \/><\/p>\n<p style=\"text-align: justify;\"><span style=\"font-family: helvetica, arial, sans-serif; font-size: 14pt;\">Es importante se\u00f1alar que cada kits consta de cuadernos, colores, l\u00e1pices, sacapuntas, juego geom\u00e9trico, block de dibujo, goma, tijeras, entre otros.<\/span><\/p>\n<p><img loading=\"lazy\" decoding=\"async\" class=\"aligncenter wp-image-54326 \" src=\"https:\/\/inces.gob.ve\/wp-content\/uploads\/2023\/09\/WhatsApp-Image-2023-09-18-at-14.59.29.jpeg\" alt=\"\" width=\"577\" height=\"769\" srcset=\"https:\/\/inces.gob.ve\/wp-content\/uploads\/2023\/09\/WhatsApp-Image-2023-09-18-at-14.59.29.jpeg 750w, https:\/\/inces.gob.ve\/wp-content\/uploads\/2023\/09\/WhatsApp-Image-2023-09-18-at-14.59.29-225x300.jpeg 225w\" sizes=\"auto, (max-width: 577px) 100vw, 577px\" \/><\/p>\n<p style=\"text-align: justify;\"><span style=\"font-family: helvetica, arial, sans-serif; font-size: 14pt;\">La entrega fue realizada en las instalaciones del centro de formaci\u00f3n socialista (CFS) Cacique Aramare de la ciudad de Puerto Ayacucho.<\/span><\/p>\n","protected":false},"excerpt":{"rendered":"<p>** Los hijos de los trabajadores del Inces Amazonas fueron beneficiados con kits de \u00fatiles escolares<\/p>\n","protected":false},"author":15,"featured_media":54327,"comment_status":"closed","ping_status":"closed","sticky":false,"template":"","format":"standard","meta":{"footnotes":""},"categories":[2],"tags":[],"class_list":["post-54323","post","type-post","status-publish","format-standard","has-post-thumbnail","hentry","category-blog"],"_links":{"self":[{"href":"https:\/\/inces.gob.ve\/index.php\/wp-json\/wp\/v2\/posts\/54323","targetHints":{"allow":["GET"]}}],"collection":[{"href":"https:\/\/inces.gob.ve\/index.php\/wp-json\/wp\/v2\/posts"}],"about":[{"href":"https:\/\/inces.gob.ve\/index.php\/wp-json\/wp\/v2\/types\/post"}],"author":[{"embeddable":true,"href":"https:\/\/inces.gob.ve\/index.php\/wp-json\/wp\/v2\/users\/15"}],"replies":[{"embeddable":true,"href":"https:\/\/inces.gob.ve\/index.php\/wp-json\/wp\/v2\/comments?post=54323"}],"version-history":[{"count":1,"href":"https:\/\/inces.gob.ve\/index.php\/wp-json\/wp\/v2\/posts\/54323\/revisions"}],"predecessor-version":[{"id":54328,"href":"https:\/\/inces.gob.ve\/index.php\/wp-json\/wp\/v2\/posts\/54323\/revisions\/54328"}],"wp:featuredmedia":[{"embeddable":true,"href":"https:\/\/inces.gob.ve\/index.php\/wp-json\/wp\/v2\/media\/54327"}],"wp:attachment":[{"href":"https:\/\/inces.gob.ve\/index.php\/wp-json\/wp\/v2\/media?parent=54323"}],"wp:term":[{"taxonomy":"category","embeddable":true,"href":"https:\/\/inces.gob.ve\/index.php\/wp-json\/wp\/v2\/categories?post=54323"},{"taxonomy":"post_tag","embeddable":true,"href":"https:\/\/inces.gob.ve\/index.php\/wp-json\/wp\/v2\/tags?post=54323"}],"curies":[{"name":"wp","href":"https:\/\/api.w.org\/{rel}","templated":true}]}}