{"id":54492,"date":"2023-10-01T07:26:44","date_gmt":"2023-10-01T11:26:44","guid":{"rendered":"https:\/\/inces.gob.ve\/?p=54492"},"modified":"2023-10-01T21:26:57","modified_gmt":"2023-10-02T01:26:57","slug":"por-primera-vez-en-la-historia-se-celebra-el-aniversario-del-programa-mas-sensible-del-inces","status":"publish","type":"post","link":"https:\/\/inces.gob.ve\/index.php\/2023\/10\/01\/por-primera-vez-en-la-historia-se-celebra-el-aniversario-del-programa-mas-sensible-del-inces\/","title":{"rendered":"Por primera vez en la historia se celebra el aniversario del programa m\u00e1s sensible del Inces"},"content":{"rendered":"<p style=\"text-align: justify;\"><em><span style=\"font-family: helvetica, arial, sans-serif; font-size: 14pt;\"><strong>\u00a0<\/strong><\/span><\/em><em><span style=\"font-family: helvetica, arial, sans-serif; font-size: 14pt;\"><strong>*** Efectivamente el Programa Nacional de Aprendizaje (PNA), el consentido del maestro fundador Luis Beltr\u00e1n Prieto Figueroa, arriba a 58 a\u00f1os de su establecimiento y luego de millares de j\u00f3venes y familias favorecidas durante ese lapso se reconoce su accionar para benepl\u00e1cito de la comunidad Inces y el pa\u00eds entero<\/strong><\/span><\/em><!--more--><\/p>\n<p>&nbsp;<\/p>\n<p>IVALDO RODR\u00cdGUEZ<\/p>\n<p style=\"text-align: justify;\"><span style=\"font-family: helvetica, arial, sans-serif; font-size: 14pt;\">Esos muchachos que nos encontramos en la calle, en el metro, paradas, plazas y en fin, en todas partes con un pantal\u00f3n, chaleco y corbata azul, una camisa blanca, son la sangre viva del Instituto Nacional de Capacitaci\u00f3n y Educaci\u00f3n Socialista (Inces). <\/span><\/p>\n<p>&nbsp;<\/p>\n<p style=\"text-align: justify;\"><span style=\"font-family: helvetica, arial, sans-serif; font-size: 14pt;\">Son la sabia del ma\u00f1ana, la juventud que busca derroteros que vencer y finalmente logra objetivos impensables: la suprema felicidad y el desarrollo. Esos son los aprendices Inces.<\/span><\/p>\n<p>&nbsp;<\/p>\n<p style=\"text-align: justify;\"><span style=\"font-family: helvetica, arial, sans-serif; font-size: 14pt;\">Por primera vez en la historia de 64 a\u00f1os del instituto, se valora el esfuerzo de un programa llamado al rescate de tantos j\u00f3venes (14 a 18 a\u00f1os) que so\u00f1aron con incursionar de la mano de alguien al mercado laboral, al sector productivo, al engranaje social que les permitiera, a futuro, proveer sustento para s\u00ed y su familia.<\/span><\/p>\n<p>&nbsp;<\/p>\n<p style=\"text-align: justify;\"><span style=\"font-family: helvetica, arial, sans-serif; font-size: 14pt;\">Pues bien, celebremos con entusiasmo el empe\u00f1o de centenares de personas en toda la naci\u00f3n que han dado lo mejor para esta causa y que con la mayor humildad se han ido solo con la inmensa satisfacci\u00f3n de haber aportado contenido al engrandecimiento de Venezuela.<\/span><\/p>\n<p>&nbsp;<\/p>\n<p style=\"text-align: justify;\"><span style=\"font-family: helvetica, arial, sans-serif; font-size: 14pt;\">En t\u00e9rminos formales, el\u00a0<strong>Programa Nacional de Aprendizaje<\/strong><strong>\u00a0<\/strong>es una metodolog\u00eda de car\u00e1cter eminentemente social, contenido en la Ley del INCES, que establece la obligaci\u00f3n civil que tienen todas las entidades de trabajo que cuenten con quince (15) o m\u00e1s trabajadores, de \u201ccontratar y formar\u201d a un n\u00famero de aprendices, en el marco del proceso social del trabajo, seg\u00fan su vocaci\u00f3n y libre elecci\u00f3n, en el proceso sistem\u00e1tico de formaci\u00f3n y autoformaci\u00f3n colectiva, bajo la tutela del INCES.<\/span><\/p>\n<p>&nbsp;<\/p>\n<p style=\"text-align: justify;\"><span style=\"font-family: helvetica, arial, sans-serif; font-size: 14pt;\">Con \u00e9l se logra contribuir con el fortalecimiento del proceso sistem\u00e1tico de formaci\u00f3n y autoformaci\u00f3n colectiva, t\u00e9cnica, tecnol\u00f3gica, humanista, social y productiva de los adolescentes en diferentes \u00e1reas del conocimiento, valorando el di\u00e1logo de saberes que coadyuva al desarrollo socio econ\u00f3mico del pa\u00eds.<\/span><\/p>\n<p>&nbsp;<\/p>\n<p style=\"text-align: justify;\"><span style=\"font-family: helvetica, arial, sans-serif; font-size: 14pt;\">Se trata de un programa de formaci\u00f3n que contribuye al fortalecimiento del proceso social del trabajo, reconocido allende nuestras fronteras y con peso espec\u00edfico en nuestros hogares, familia y entorno social.<\/span><\/p>\n<p>&nbsp;<\/p>\n<p style=\"text-align: justify;\"><span style=\"font-family: helvetica, arial, sans-serif; font-size: 14pt;\">Como siempre, el Inces abre sus puertas a todos los interesados y hoy domingo, 1ero. de octubre, estaremos vibrando en toda la geograf\u00eda nacional y celebrando lo que siempre debi\u00f3 celebrarse: la grandeza de nuestra juventud emprendedora, ambiciosa y con vocaci\u00f3n de ser cada d\u00eda m\u00e1s \u00fatil a la naci\u00f3n.<\/span><\/p>\n<p>&nbsp;<\/p>\n<p style=\"text-align: justify;\"><span style=\"font-family: helvetica, arial, sans-serif; font-size: 14pt;\">Que viva el PNA y que vivan con \u00e9l, todos los involucrados en m\u00e1s de 5 d\u00e9cadas. Honor a quien honor merece\u2026<\/span><\/p>\n<p>&nbsp;<\/p>\n","protected":false},"excerpt":{"rendered":"<p>\u00a0*** Efectivamente el Programa Nacional de Aprendizaje (PNA), el consentido del maestro fundador Luis Beltr\u00e1n Prieto Figueroa, arriba a 58 a\u00f1os de su establecimiento y luego de millares de j\u00f3venes y familias favorecidas durante ese lapso se reconoce su accionar para benepl\u00e1cito de la comunidad Inces y el pa\u00eds entero<\/p>\n","protected":false},"author":4,"featured_media":0,"comment_status":"closed","ping_status":"closed","sticky":false,"template":"","format":"standard","meta":{"footnotes":""},"categories":[2],"tags":[],"class_list":["post-54492","post","type-post","status-publish","format-standard","hentry","category-blog"],"_links":{"self":[{"href":"https:\/\/inces.gob.ve\/index.php\/wp-json\/wp\/v2\/posts\/54492","targetHints":{"allow":["GET"]}}],"collection":[{"href":"https:\/\/inces.gob.ve\/index.php\/wp-json\/wp\/v2\/posts"}],"about":[{"href":"https:\/\/inces.gob.ve\/index.php\/wp-json\/wp\/v2\/types\/post"}],"author":[{"embeddable":true,"href":"https:\/\/inces.gob.ve\/index.php\/wp-json\/wp\/v2\/users\/4"}],"replies":[{"embeddable":true,"href":"https:\/\/inces.gob.ve\/index.php\/wp-json\/wp\/v2\/comments?post=54492"}],"version-history":[{"count":1,"href":"https:\/\/inces.gob.ve\/index.php\/wp-json\/wp\/v2\/posts\/54492\/revisions"}],"predecessor-version":[{"id":54496,"href":"https:\/\/inces.gob.ve\/index.php\/wp-json\/wp\/v2\/posts\/54492\/revisions\/54496"}],"wp:attachment":[{"href":"https:\/\/inces.gob.ve\/index.php\/wp-json\/wp\/v2\/media?parent=54492"}],"wp:term":[{"taxonomy":"category","embeddable":true,"href":"https:\/\/inces.gob.ve\/index.php\/wp-json\/wp\/v2\/categories?post=54492"},{"taxonomy":"post_tag","embeddable":true,"href":"https:\/\/inces.gob.ve\/index.php\/wp-json\/wp\/v2\/tags?post=54492"}],"curies":[{"name":"wp","href":"https:\/\/api.w.org\/{rel}","templated":true}]}}