{"id":54515,"date":"2023-10-02T13:33:29","date_gmt":"2023-10-02T17:33:29","guid":{"rendered":"https:\/\/inces.gob.ve\/?p=54515"},"modified":"2023-10-02T15:58:51","modified_gmt":"2023-10-02T19:58:51","slug":"caracas-escuela-de-medios-y-comunicacion-del-inces-forma-al-pueblo","status":"publish","type":"post","link":"https:\/\/inces.gob.ve\/index.php\/2023\/10\/02\/caracas-escuela-de-medios-y-comunicacion-del-inces-forma-al-pueblo\/","title":{"rendered":"CARACAS | Escuela de Medios y Comunicaci\u00f3n del Inces forma al pueblo"},"content":{"rendered":"<p align=\"justify\"><span style=\"font-family: helvetica, sans-serif;\"><span style=\"font-size: large;\"><i><b>*La educaci\u00f3n es el arma m\u00e1s poderosa que se puede usar para cambiar el mundo. Nelson Mandela\u00a0<\/b><\/i><\/span><\/span><!--more--><\/p>\n<p align=\"justify\"><span style=\"font-family: helvetica, sans-serif;\"><span style=\"font-size: large;\">DIMAS PAEZ<\/span><\/span><\/p>\n<p align=\"justify\"><span style=\"font-family: helvetica, sans-serif;\"><span style=\"font-size: large;\">F\/Rafael Urbina<\/span><\/span><\/p>\n<p align=\"justify\"><span style=\"font-family: helvetica, sans-serif;\"><span style=\"font-size: large;\">El Inces, preocupado por la formaci\u00f3n en materia de comunicaci\u00f3n digital, fund\u00f3 la Escuela de Medios y Comunicaci\u00f3n del Inces (EMCI).<\/span><\/span><\/p>\n<p align=\"justify\"><span style=\"font-family: helvetica, sans-serif;\"><span style=\"font-size: large;\">Como parte de la transformaci\u00f3n de la malla curricular, el Instituto Nacional de Capacitaci\u00f3n y Educaci\u00f3n Socialista (Inces) realiza talleres dirigidos a todas las personas interesadas en la siguientes formaciones: Redacci\u00f3n Digital, Operador de C\u00e1mara, Ortograf\u00eda, Relaciones P\u00fablicas, Producci\u00f3n Radial, Podcast, Introducci\u00f3n a la Locuci\u00f3n, entre otros.<\/span><\/span><\/p>\n<p align=\"justify\"><span style=\"font-family: helvetica, sans-serif;\"><span style=\"font-size: large;\"> <img loading=\"lazy\" decoding=\"async\" class=\"aligncenter wp-image-54517 size-full\" src=\"https:\/\/inces.gob.ve\/wp-content\/uploads\/2023\/10\/DSC_6030-scaled-e1696267787498.jpg\" alt=\"\" width=\"800\" height=\"536\" srcset=\"https:\/\/inces.gob.ve\/wp-content\/uploads\/2023\/10\/DSC_6030-scaled-e1696267787498.jpg 800w, https:\/\/inces.gob.ve\/wp-content\/uploads\/2023\/10\/DSC_6030-scaled-e1696267787498-300x201.jpg 300w, https:\/\/inces.gob.ve\/wp-content\/uploads\/2023\/10\/DSC_6030-scaled-e1696267787498-768x515.jpg 768w, https:\/\/inces.gob.ve\/wp-content\/uploads\/2023\/10\/DSC_6030-scaled-e1696267787498-272x182.jpg 272w\" sizes=\"auto, (max-width: 800px) 100vw, 800px\" \/><\/span><\/span><\/p>\n<p align=\"justify\"><span style=\"font-family: helvetica, sans-serif;\"><span style=\"font-size: large;\">Esto con la visi\u00f3n de darle un giro al ente en cuanto a la formaci\u00f3n digital y estar al d\u00eda con los avances tecnol\u00f3gicos y pasar a ser punta de lanza en el tema.<\/span><\/span><\/p>\n<p align=\"justify\"><span style=\"font-family: helvetica, sans-serif;\"><span style=\"font-size: large;\">Esta vez vamos\u00a0 a hablar con la facilitadora del taller Redacci\u00f3n Digital, Ver\u00f3nica D\u00edaz, quien nos explic\u00f3 de una manera sencilla sobre el contenido de los temas que componen el taller: \u201cEste taller est\u00e1 dirigido a aquellas personas que quieran montar su p\u00e1gina web, blog, etc, para que aprendan a utilizar de manera apropiada las ventajas de este medio que es distinto al anal\u00f3gico tradicional. Este m\u00e9todo no est\u00e1 basado en los mismos principios\u201d.<\/span><\/span><\/p>\n<p align=\"justify\"><span style=\"font-family: helvetica, sans-serif;\"><span style=\"font-size: large;\">Continuo Ver\u00f3nica D\u00edaz: \u201cGracias a esta web ha habido una gran revoluci\u00f3n en los medios y no solo los periodistas la pueden utilizar, no se puede escribir en la web como se escribe para realizar un memo o escribir para un peri\u00f3dico impreso o como se escribe para un peri\u00f3dico digital, ya que este \u00faltimo tiene caracter\u00edsticas propias que, si la aprovechamos bien, lograremos una mejor comunicaci\u00f3n\u201d.<\/span><\/span><\/p>\n<p align=\"justify\"><img loading=\"lazy\" decoding=\"async\" class=\"aligncenter wp-image-54519 size-full\" src=\"https:\/\/inces.gob.ve\/wp-content\/uploads\/2023\/10\/DSC_6049-scaled-e1696267831547.jpg\" alt=\"\" width=\"800\" height=\"536\" srcset=\"https:\/\/inces.gob.ve\/wp-content\/uploads\/2023\/10\/DSC_6049-scaled-e1696267831547.jpg 800w, https:\/\/inces.gob.ve\/wp-content\/uploads\/2023\/10\/DSC_6049-scaled-e1696267831547-300x201.jpg 300w, https:\/\/inces.gob.ve\/wp-content\/uploads\/2023\/10\/DSC_6049-scaled-e1696267831547-768x515.jpg 768w, https:\/\/inces.gob.ve\/wp-content\/uploads\/2023\/10\/DSC_6049-scaled-e1696267831547-272x182.jpg 272w\" sizes=\"auto, (max-width: 800px) 100vw, 800px\" \/><\/p>\n<p align=\"justify\"><span style=\"font-family: helvetica, sans-serif;\"><span style=\"font-size: large;\">Hoy en d\u00eda se habla de la comunicaci\u00f3n digital como una herramienta para hacer un mayor acercamiento entre las personas. Este taller se basa en los fundamentos de los profesores Guillermo Franco y Ram\u00f3n Salaverr\u00eda, quienes hablan del uso de la multimedia\u201d, finaliz\u00f3 Ver\u00f3nica D\u00edaz.<\/span><\/span><\/p>\n<p align=\"justify\"><img loading=\"lazy\" decoding=\"async\" class=\"aligncenter wp-image-54518 size-full\" src=\"https:\/\/inces.gob.ve\/wp-content\/uploads\/2023\/10\/DSC_6038-scaled-e1696267893436.jpg\" alt=\"\" width=\"800\" height=\"536\" srcset=\"https:\/\/inces.gob.ve\/wp-content\/uploads\/2023\/10\/DSC_6038-scaled-e1696267893436.jpg 800w, https:\/\/inces.gob.ve\/wp-content\/uploads\/2023\/10\/DSC_6038-scaled-e1696267893436-300x201.jpg 300w, https:\/\/inces.gob.ve\/wp-content\/uploads\/2023\/10\/DSC_6038-scaled-e1696267893436-768x515.jpg 768w, https:\/\/inces.gob.ve\/wp-content\/uploads\/2023\/10\/DSC_6038-scaled-e1696267893436-272x182.jpg 272w\" sizes=\"auto, (max-width: 800px) 100vw, 800px\" \/><\/p>\n<p align=\"justify\"><span style=\"font-family: helvetica, sans-serif;\"><span style=\"font-size: large;\">Por otra parte, la participante Darleidys Mosquera dio su opini\u00f3n respecto al taller: \u201cEn este taller aprendimos las herramientas fundamentales sobre la redacci\u00f3n digital y estos conocimientos nos servir\u00e1n para promocionar productos, talleres o negociaciones con una redacci\u00f3n adaptada a la comunicaci\u00f3n digital. Las instalaciones de la escuela son excelentes y los profesores nos apoyan para avanzar y adquirir los conocimientos necesarios y con f\u00e1cil explicaci\u00f3n\u201d. <\/span><\/span><\/p>\n","protected":false},"excerpt":{"rendered":"<p>*La educaci\u00f3n es el arma m\u00e1s poderosa que se puede usar para cambiar el mundo. Nelson Mandela\u00a0<\/p>\n","protected":false},"author":15,"featured_media":54516,"comment_status":"closed","ping_status":"closed","sticky":false,"template":"","format":"standard","meta":{"footnotes":""},"categories":[2],"tags":[],"class_list":["post-54515","post","type-post","status-publish","format-standard","has-post-thumbnail","hentry","category-blog"],"_links":{"self":[{"href":"https:\/\/inces.gob.ve\/index.php\/wp-json\/wp\/v2\/posts\/54515","targetHints":{"allow":["GET"]}}],"collection":[{"href":"https:\/\/inces.gob.ve\/index.php\/wp-json\/wp\/v2\/posts"}],"about":[{"href":"https:\/\/inces.gob.ve\/index.php\/wp-json\/wp\/v2\/types\/post"}],"author":[{"embeddable":true,"href":"https:\/\/inces.gob.ve\/index.php\/wp-json\/wp\/v2\/users\/15"}],"replies":[{"embeddable":true,"href":"https:\/\/inces.gob.ve\/index.php\/wp-json\/wp\/v2\/comments?post=54515"}],"version-history":[{"count":4,"href":"https:\/\/inces.gob.ve\/index.php\/wp-json\/wp\/v2\/posts\/54515\/revisions"}],"predecessor-version":[{"id":54559,"href":"https:\/\/inces.gob.ve\/index.php\/wp-json\/wp\/v2\/posts\/54515\/revisions\/54559"}],"wp:featuredmedia":[{"embeddable":true,"href":"https:\/\/inces.gob.ve\/index.php\/wp-json\/wp\/v2\/media\/54516"}],"wp:attachment":[{"href":"https:\/\/inces.gob.ve\/index.php\/wp-json\/wp\/v2\/media?parent=54515"}],"wp:term":[{"taxonomy":"category","embeddable":true,"href":"https:\/\/inces.gob.ve\/index.php\/wp-json\/wp\/v2\/categories?post=54515"},{"taxonomy":"post_tag","embeddable":true,"href":"https:\/\/inces.gob.ve\/index.php\/wp-json\/wp\/v2\/tags?post=54515"}],"curies":[{"name":"wp","href":"https:\/\/api.w.org\/{rel}","templated":true}]}}