{"id":54522,"date":"2023-10-02T14:40:14","date_gmt":"2023-10-02T18:40:14","guid":{"rendered":"https:\/\/inces.gob.ve\/?p=54522"},"modified":"2023-10-02T14:52:37","modified_gmt":"2023-10-02T18:52:37","slug":"aragua-cfs-inces-construccion-realizo-cierre-exitoso-de-la-2da-oleada-de-la-formacion-en-asesor-laboral","status":"publish","type":"post","link":"https:\/\/inces.gob.ve\/index.php\/2023\/10\/02\/aragua-cfs-inces-construccion-realizo-cierre-exitoso-de-la-2da-oleada-de-la-formacion-en-asesor-laboral\/","title":{"rendered":"ARAGUA | CFS Inces Construcci\u00f3n realiz\u00f3 cierre exitoso de la 2da oleada de la Formaci\u00f3n en Asesor Laboral"},"content":{"rendered":"<p style=\"text-align: justify;\"><em><strong>*<span style=\"font-family: helvetica, arial, sans-serif; font-size: 14pt;\">** El objetivo principal es y ser\u00e1 la formaci\u00f3n integral para el trabajo al pueblo de la patria desde cada uno de los ambientes Inces&#8230;<\/span><\/strong><\/em><!--more--><\/p>\n<p>&nbsp;<\/p>\n<p style=\"text-align: justify;\"><span style=\"font-family: helvetica, arial, sans-serif; font-size: 14pt;\">Ninoska Patriz\u00a0<\/span><\/p>\n<p style=\"text-align: justify;\"><span style=\"font-family: helvetica, arial, sans-serif; font-size: 14pt;\">Desde el CFS Construcci\u00f3n y con grato ambiente acad\u00e9mico se dio cierre a la formaci\u00f3n Asesor Laboral. En este sentido cada uno de los participantes demostr\u00f3 sus nuevas habilidades aprendidas en socializaci\u00f3n pr\u00e1ctica, desde el auditorio de la Instituci\u00f3n.<\/span><\/p>\n<p>&nbsp;<\/p>\n<p><img loading=\"lazy\" decoding=\"async\" class=\"aligncenter wp-image-54524 size-full\" src=\"https:\/\/inces.gob.ve\/wp-content\/uploads\/2023\/10\/Aragua-cons-2-e1696271848386.jpg\" alt=\"\" width=\"800\" height=\"600\" srcset=\"https:\/\/inces.gob.ve\/wp-content\/uploads\/2023\/10\/Aragua-cons-2-e1696271848386.jpg 800w, https:\/\/inces.gob.ve\/wp-content\/uploads\/2023\/10\/Aragua-cons-2-e1696271848386-300x225.jpg 300w, https:\/\/inces.gob.ve\/wp-content\/uploads\/2023\/10\/Aragua-cons-2-e1696271848386-768x576.jpg 768w, https:\/\/inces.gob.ve\/wp-content\/uploads\/2023\/10\/Aragua-cons-2-e1696271848386-136x102.jpg 136w\" sizes=\"auto, (max-width: 800px) 100vw, 800px\" \/><\/p>\n<p>&nbsp;<\/p>\n<p style=\"text-align: justify;\"><span style=\"font-family: helvetica, arial, sans-serif; font-size: 14pt;\">Vale destacar que estas l\u00edneas de trabajo sirven para impulsar la coordinaci\u00f3n, capacitaci\u00f3n e innovaci\u00f3n formativa, que se enfoca a mejorar el desempe\u00f1o de los encargados de facilitar los eventos acad\u00e9micos de formaci\u00f3n.<\/span><\/p>\n<p style=\"text-align: justify;\"><span style=\"font-family: helvetica, arial, sans-serif; font-size: 14pt;\">En \u00e9ste aspecto cada uno de los profesionales egresados se encargar\u00e1n de programar, impartir, tutorizar o asesorar y evaluar acciones formativas elaborando y utilizando diferentes materiales, medios y recursos did\u00e1cticos, para que el resultado formativo sea el m\u00e1s \u00f3ptimo posible.<\/span><\/p>\n","protected":false},"excerpt":{"rendered":"<p>*** El objetivo principal es y ser\u00e1 la formaci\u00f3n integral para el trabajo al pueblo de la patria desde cada uno de los ambientes Inces&#8230;<\/p>\n","protected":false},"author":15,"featured_media":54523,"comment_status":"closed","ping_status":"closed","sticky":false,"template":"","format":"standard","meta":{"footnotes":""},"categories":[2],"tags":[],"class_list":["post-54522","post","type-post","status-publish","format-standard","has-post-thumbnail","hentry","category-blog"],"_links":{"self":[{"href":"https:\/\/inces.gob.ve\/index.php\/wp-json\/wp\/v2\/posts\/54522","targetHints":{"allow":["GET"]}}],"collection":[{"href":"https:\/\/inces.gob.ve\/index.php\/wp-json\/wp\/v2\/posts"}],"about":[{"href":"https:\/\/inces.gob.ve\/index.php\/wp-json\/wp\/v2\/types\/post"}],"author":[{"embeddable":true,"href":"https:\/\/inces.gob.ve\/index.php\/wp-json\/wp\/v2\/users\/15"}],"replies":[{"embeddable":true,"href":"https:\/\/inces.gob.ve\/index.php\/wp-json\/wp\/v2\/comments?post=54522"}],"version-history":[{"count":3,"href":"https:\/\/inces.gob.ve\/index.php\/wp-json\/wp\/v2\/posts\/54522\/revisions"}],"predecessor-version":[{"id":54535,"href":"https:\/\/inces.gob.ve\/index.php\/wp-json\/wp\/v2\/posts\/54522\/revisions\/54535"}],"wp:featuredmedia":[{"embeddable":true,"href":"https:\/\/inces.gob.ve\/index.php\/wp-json\/wp\/v2\/media\/54523"}],"wp:attachment":[{"href":"https:\/\/inces.gob.ve\/index.php\/wp-json\/wp\/v2\/media?parent=54522"}],"wp:term":[{"taxonomy":"category","embeddable":true,"href":"https:\/\/inces.gob.ve\/index.php\/wp-json\/wp\/v2\/categories?post=54522"},{"taxonomy":"post_tag","embeddable":true,"href":"https:\/\/inces.gob.ve\/index.php\/wp-json\/wp\/v2\/tags?post=54522"}],"curies":[{"name":"wp","href":"https:\/\/api.w.org\/{rel}","templated":true}]}}